{"id":62337,"date":"2015-02-26T17:30:20","date_gmt":"2015-02-26T20:30:20","guid":{"rendered":"http:\/\/www.24baires.com\/?p=62337"},"modified":"2015-02-26T17:16:38","modified_gmt":"2015-02-26T20:16:38","slug":"siempre-dijimos-que-la-denuncia-de-nisman-era-un-disparate-y-hoy-lo-confirmo-un-juez","status":"publish","type":"post","link":"http:\/\/www.24baires.com\/?p=62337","title":{"rendered":"\u00abSiempre dijimos que la denuncia de Nisman era un disparate y hoy lo confirm\u00f3 un juez\u00bb"},"content":{"rendered":"<p><img data-recalc-dims=\"1\" loading=\"lazy\" decoding=\"async\" class=\"aligncenter size-full wp-image-12610\" src=\"https:\/\/i0.wp.com\/www.24baires.com\/wp-content\/uploads\/2013\/01\/randazzo.jpg?resize=510%2C340\" alt=\"randazzo\" width=\"510\" height=\"340\" srcset=\"https:\/\/i0.wp.com\/www.24baires.com\/wp-content\/uploads\/2013\/01\/randazzo.jpg?w=510 510w, https:\/\/i0.wp.com\/www.24baires.com\/wp-content\/uploads\/2013\/01\/randazzo.jpg?resize=300%2C200 300w\" sizes=\"auto, (max-width: 510px) 100vw, 510px\" \/>As\u00ed se refiri\u00f3 el ministro del Interior y Transporte de la Naci\u00f3n a la resoluci\u00f3n del juez federal Daniel Rafecas, por la cual desestima la denuncia presentada el 14 de enero por el fiscal Alberto Nisman contra la Presidenta.<!--more--><\/p>\n<p>El ministro del Interior y Transporte de la Naci\u00f3n, Florencio Randazzo, se refiri\u00f3 a la resoluci\u00f3n judicial emitida hoy por el juez federal Daniel Rafecas por la cual desestima la denuncia presentada el 14 de enero por el fiscal Alberto Nisman contra la Presidenta de la Naci\u00f3n, al considerar que no est\u00e1n dadas las m\u00ednimas condiciones para iniciar una investigaci\u00f3n penal.<\/p>\n<p>A trav\u00e9s de su cuenta personal de twitter, el ministro y pre-candidato a presidente destac\u00f3: \u201cSiempre dijimos que la denuncia de Nisman contra @CFKArgentina era un disparate y hoy lo confirm\u00f3 un Juez\u201d.<\/p>\n<p>Para el ministro, \u201cel verdadero golpe contra @CFKArgentina era que el fiscal que la iba a denunciar apareciera muerto\u201d.<\/p>\n<p>Asimismo, Randazzo asegur\u00f3 tambi\u00e9n que \u201cla Justicia tiene la obligaci\u00f3n de decirnos a los argentinos que fue lo que pas\u00f3 con Nisman\u00bb ya que \u00abEsa es su responsabilidad\u201d, concluy\u00f3.<\/p>\n<p>&nbsp;<\/p>\n<p>&nbsp;<\/p>\n<p>&nbsp;<\/p>\n<p>&nbsp;<\/p>\n<p>&nbsp;<\/p>\n<p>&nbsp;<\/p>\n<p>&nbsp;<\/p>\n<p>&nbsp;<\/p>\n<p>&nbsp;<\/p>\n<p>&nbsp;<\/p>\n","protected":false},"excerpt":{"rendered":"<p>As\u00ed se refiri\u00f3 el ministro del Interior y Transporte de la Naci\u00f3n a la resoluci\u00f3n del juez federal Daniel Rafecas, por la cual desestima la denuncia presentada el 14 de enero por el fiscal Alberto Nisman contra la Presidenta.<\/p>\n","protected":false},"author":8,"featured_media":0,"comment_status":"open","ping_status":"open","sticky":false,"template":"","format":"standard","meta":{"_jetpack_newsletter_access":"","_jetpack_dont_email_post_to_subs":false,"_jetpack_newsletter_tier_id":0,"_jetpack_memberships_contains_paywalled_content":false,"_jetpack_memberships_contains_paid_content":false,"footnotes":""},"categories":[51],"tags":[],"class_list":["post-62337","post","type-post","status-publish","format-standard","hentry","category-politica"],"jetpack_shortlink":"https:\/\/wp.me\/p2JWE0-gdr","jetpack-related-posts":[{"id":102494,"url":"http:\/\/www.24baires.com\/?p=102494","url_meta":{"origin":62337,"position":0},"title":"La C\u00e1mara \u00abreflot\u00f3\u00bb la causa Nisman y asegura que se trat\u00f3 de un crimen","author":"AF","date":"01\/06\/2018","format":false,"excerpt":"Confirm\u00f3 que el ex juez Alberto Nisman fue asesinado. Agregaron que el motivo fue su denuncia contra Cristina Kirchner. Adem\u00e1s dejaron firme el procesamiento de Diego Lagomarsino. La C\u00e1mara Federal hizo su aparici\u00f3n en medio de la debacle econ\u00f3mica que enfrenta el gobierno de Mauricio Macri. Entre masivas manifestaciones en\u2026","rel":"","context":"En \u00abJUDICIALES\u00bb","block_context":{"text":"JUDICIALES","link":"http:\/\/www.24baires.com\/?cat=68"},"img":{"alt_text":"","src":"https:\/\/i0.wp.com\/www.24baires.com\/wp-content\/uploads\/2015\/07\/nisman.jpg?resize=350%2C200","width":350,"height":200,"srcset":"https:\/\/i0.wp.com\/www.24baires.com\/wp-content\/uploads\/2015\/07\/nisman.jpg?resize=350%2C200 1x, https:\/\/i0.wp.com\/www.24baires.com\/wp-content\/uploads\/2015\/07\/nisman.jpg?resize=525%2C300 1.5x"},"classes":[]},{"id":117875,"url":"http:\/\/www.24baires.com\/?p=117875","url_meta":{"origin":62337,"position":1},"title":"Cristina consider\u00f3 \u00abdisparate judicial, institucional y pol\u00edtico\u00bb a la causa del memor\u00e1ndum","author":"AF","date":"16\/07\/2021","format":false,"excerpt":"La vicepresidenta expuso durante la audiencia p\u00fablica, que fue escuchada por m\u00e1s de 20 mil personas a trav\u00e9s de YouTube. \"Se hicieron maniobras persecutorias para perjudicarnos a m\u00ed y mi familia\", asegur\u00f3. El Tribunal Oral Federal 8 debe resolver si declara o no la nulidad del proceso. La vicepresidenta Cristina\u2026","rel":"","context":"En \u00abJUDICIALES\u00bb","block_context":{"text":"JUDICIALES","link":"http:\/\/www.24baires.com\/?cat=68"},"img":{"alt_text":"","src":"https:\/\/i0.wp.com\/www.24baires.com\/wp-content\/uploads\/2021\/07\/cfk.jpg?resize=350%2C200","width":350,"height":200,"srcset":"https:\/\/i0.wp.com\/www.24baires.com\/wp-content\/uploads\/2021\/07\/cfk.jpg?resize=350%2C200 1x, https:\/\/i0.wp.com\/www.24baires.com\/wp-content\/uploads\/2021\/07\/cfk.jpg?resize=525%2C300 1.5x"},"classes":[]},{"id":62320,"url":"http:\/\/www.24baires.com\/?p=62320","url_meta":{"origin":62337,"position":2},"title":"El juez Rafecas desestim\u00f3 la denuncia de Nisman contra la Presidenta","author":"GB","date":"26\/02\/2015","format":false,"excerpt":"El juez federal Daniel Rafecas desestim\u00f3 la denuncia del fiscal Alberto Nisman contra la presidenta Cristina Fern\u00e1ndez de Kirchner por supuesto encubrimiento a los imputados iran\u00edes en la causa AMIA. El juez decidi\u00f3 que no hay elementos necesarios en la denuncia del fallecido titular de la Unidad Especial AMIA, para\u2026","rel":"","context":"En \u00abPol\u00edtica\u00bb","block_context":{"text":"Pol\u00edtica","link":"http:\/\/www.24baires.com\/?cat=51"},"img":{"alt_text":"","src":"https:\/\/i0.wp.com\/www.24baires.com\/wp-content\/uploads\/2015\/02\/rafecas.jpg?resize=350%2C200","width":350,"height":200,"srcset":"https:\/\/i0.wp.com\/www.24baires.com\/wp-content\/uploads\/2015\/02\/rafecas.jpg?resize=350%2C200 1x, https:\/\/i0.wp.com\/www.24baires.com\/wp-content\/uploads\/2015\/02\/rafecas.jpg?resize=525%2C300 1.5x"},"classes":[]},{"id":88051,"url":"http:\/\/www.24baires.com\/?p=88051","url_meta":{"origin":62337,"position":3},"title":"La C\u00e1mara Federal rechaz\u00f3 el pedido para reabrir la causa por la denuncia presentada por Nisman","author":"GB","date":"27\/09\/2016","format":false,"excerpt":"La Sala I desestim\u00f3 los recursos de apelaci\u00f3n del Ministerio P\u00fablico Fiscal y de la DAIA contra la resoluci\u00f3n del juez Daniel Rafecas que hab\u00eda negado la reapertura de la investigaci\u00f3n. La Sala I de la C\u00e1mara Federal rechaz\u00f3 los recursos de apelaci\u00f3n del Ministerio P\u00fablico Fiscal y de la\u2026","rel":"","context":"En \u00abPol\u00edtica\u00bb","block_context":{"text":"Pol\u00edtica","link":"http:\/\/www.24baires.com\/?cat=51"},"img":{"alt_text":"nisman","src":"https:\/\/i0.wp.com\/www.24baires.com\/wp-content\/uploads\/2015\/07\/nisman.jpg?resize=350%2C200","width":350,"height":200,"srcset":"https:\/\/i0.wp.com\/www.24baires.com\/wp-content\/uploads\/2015\/07\/nisman.jpg?resize=350%2C200 1x, https:\/\/i0.wp.com\/www.24baires.com\/wp-content\/uploads\/2015\/07\/nisman.jpg?resize=525%2C300 1.5x"},"classes":[]},{"id":62362,"url":"http:\/\/www.24baires.com\/?p=62362","url_meta":{"origin":62337,"position":4},"title":"A. Fern\u00e1ndez: \u201cNo hay otra forma de explicar la resoluci\u00f3n de Rafecas que el derecho\u201d","author":"AF","date":"27\/02\/2015","format":false,"excerpt":"El jefe de Gabinete, An\u00edbal Fern\u00e1ndez, se refiri\u00f3 as\u00ed a la desestimaci\u00f3n de la denuncia de Nisman por parte del magistrado. \u201cEra tan burda que parece hecha por alguien que no conoce de derecho\u201d, se\u00f1al\u00f3. El flamante jefe de Gabinete se\u00f1al\u00f3 adem\u00e1s que \"seguramente\" la C\u00e1mara Federal \"se va a\u2026","rel":"","context":"En \u00abJUDICIALES\u00bb","block_context":{"text":"JUDICIALES","link":"http:\/\/www.24baires.com\/?cat=68"},"img":{"alt_text":"anibal","src":"https:\/\/i0.wp.com\/www.24baires.com\/wp-content\/uploads\/2015\/01\/anibal.jpg?resize=350%2C200","width":350,"height":200,"srcset":"https:\/\/i0.wp.com\/www.24baires.com\/wp-content\/uploads\/2015\/01\/anibal.jpg?resize=350%2C200 1x, https:\/\/i0.wp.com\/www.24baires.com\/wp-content\/uploads\/2015\/01\/anibal.jpg?resize=525%2C300 1.5x"},"classes":[]},{"id":63594,"url":"http:\/\/www.24baires.com\/?p=63594","url_meta":{"origin":62337,"position":5},"title":"Desestiman la denuncia de Nisman contra Cristina","author":"GB","date":"26\/03\/2015","format":false,"excerpt":"La sala I de la C\u00e1mara Federal porte\u00f1a desestim\u00f3 la denuncia del fallecido fiscal contra la Presidenta, entre otros, por supuesto encubrimiento del atentado a la AMIA. La Sala I de la C\u00e1mara Federal porte\u00f1a desestim\u00f3 la denuncia del fallecido fiscal Alberto Nisman contra la presidenta Cristina Fern\u00e1ndez de Kirchner,\u2026","rel":"","context":"En \u00abPol\u00edtica\u00bb","block_context":{"text":"Pol\u00edtica","link":"http:\/\/www.24baires.com\/?cat=51"},"img":{"alt_text":"nisman-1","src":"https:\/\/i0.wp.com\/www.24baires.com\/wp-content\/uploads\/2015\/01\/nisman-1.jpg?resize=350%2C200","width":350,"height":200,"srcset":"https:\/\/i0.wp.com\/www.24baires.com\/wp-content\/uploads\/2015\/01\/nisman-1.jpg?resize=350%2C200 1x, https:\/\/i0.wp.com\/www.24baires.com\/wp-content\/uploads\/2015\/01\/nisman-1.jpg?resize=525%2C300 1.5x"},"classes":[]}],"jetpack_sharing_enabled":true,"jetpack_likes_enabled":true,"jetpack_featured_media_url":"","_links":{"self":[{"href":"http:\/\/www.24baires.com\/index.php?rest_route=\/wp\/v2\/posts\/62337","targetHints":{"allow":["GET"]}}],"collection":[{"href":"http:\/\/www.24baires.com\/index.php?rest_route=\/wp\/v2\/posts"}],"about":[{"href":"http:\/\/www.24baires.com\/index.php?rest_route=\/wp\/v2\/types\/post"}],"author":[{"embeddable":true,"href":"http:\/\/www.24baires.com\/index.php?rest_route=\/wp\/v2\/users\/8"}],"replies":[{"embeddable":true,"href":"http:\/\/www.24baires.com\/index.php?rest_route=%2Fwp%2Fv2%2Fcomments&post=62337"}],"version-history":[{"count":1,"href":"http:\/\/www.24baires.com\/index.php?rest_route=\/wp\/v2\/posts\/62337\/revisions"}],"predecessor-version":[{"id":62338,"href":"http:\/\/www.24baires.com\/index.php?rest_route=\/wp\/v2\/posts\/62337\/revisions\/62338"}],"wp:attachment":[{"href":"http:\/\/www.24baires.com\/index.php?rest_route=%2Fwp%2Fv2%2Fmedia&parent=62337"}],"wp:term":[{"taxonomy":"category","embeddable":true,"href":"http:\/\/www.24baires.com\/index.php?rest_route=%2Fwp%2Fv2%2Fcategories&post=62337"},{"taxonomy":"post_tag","embeddable":true,"href":"http:\/\/www.24baires.com\/index.php?rest_route=%2Fwp%2Fv2%2Ftags&post=62337"}],"curies":[{"name":"wp","href":"https:\/\/api.w.org\/{rel}","templated":true}]}}