{"id":62333,"date":"2015-02-26T16:00:57","date_gmt":"2015-02-26T19:00:57","guid":{"rendered":"http:\/\/www.24baires.com\/?p=62333"},"modified":"2015-02-26T15:57:05","modified_gmt":"2015-02-26T18:57:05","slug":"fue-un-operativo-muy-profesional-dijo-berni-tras-declarar","status":"publish","type":"post","link":"http:\/\/www.24baires.com\/?p=62333","title":{"rendered":"\u00abFue un operativo muy profesional\u00bb, dijo Berni tras declarar"},"content":{"rendered":"<p><img data-recalc-dims=\"1\" loading=\"lazy\" decoding=\"async\" class=\"aligncenter size-full wp-image-62280\" src=\"https:\/\/i0.wp.com\/www.24baires.com\/wp-content\/uploads\/2015\/02\/berni.jpg?resize=560%2C314\" alt=\"berni\" width=\"560\" height=\"314\" srcset=\"https:\/\/i0.wp.com\/www.24baires.com\/wp-content\/uploads\/2015\/02\/berni.jpg?w=560 560w, https:\/\/i0.wp.com\/www.24baires.com\/wp-content\/uploads\/2015\/02\/berni.jpg?resize=300%2C168 300w\" sizes=\"auto, (max-width: 560px) 100vw, 560px\" \/>El secretario de Seguridad fue citado como testigo en la causa por la muerte de Alberto Nisman. Explic\u00f3 durante tres horas c\u00f3mo se resguard\u00f3 al escena donde fue encontrado sin vida el fiscal antes de la llegada de Fein.<!--more--><\/p>\n<p>El secretario de Seguridad, Sergio Berni, declar\u00f3 este jueves por la tarde en la fiscal\u00eda n\u00famero 45 de Viviana Fein como testigo en la causa por la muerte del fiscal de la causa AMIA, Alberto Nisman. Fue interrogado por su presencia en el departamento de Nisman la noche del 18 de enero \u00faltimo en que encontraron el cad\u00e1ver del fiscal de la causa AMIA con un tiro en la cabeza.<\/p>\n<p>El funcionario explic\u00f3 durante tres horas c\u00f3mo se resguard\u00f3 al escena donde fue encontrado sin vida el fiscal. Asegur\u00f3 que el operativo en el departamento del complejo Le Parc fue \u00abmuy profesional\u00bb y ratific\u00f3 \u00abtodo\u00bb lo dicho hasta el momento.<\/p>\n<p>\u00abUno nunca se puede arrepentir de cumplir con su funci\u00f3n, yo tengo que estar donde tengo que estar\u00bb, sostuvo Berni en relaci\u00f3n a su presencia en la casa de Nisman, y enfatiz\u00f3: \u00abNo es mi forma de actuar eludir a los problemas\u00bb.<br \/>\nEn cuanto a esa noche, describi\u00f3: \u00abDesde que lleg\u00f3 la Prefectura el lugar qued\u00f3 preservado. Todo el operativo fue normal\u00bb.<\/p>\n<p>\u00abYo me fui antes de que termine pero s\u00e9 la calidad de profesionales con los que trabajan la Prefectura y la Polic\u00eda\u00bb, agreg\u00f3.<\/p>\n<p>Luego se\u00f1al\u00f3: \u00abLa fiscal debe estar dilucidada en investigar la verdad, por eso no le ped\u00ed que llame a declarar a los que estuvieron diciendo que yo mov\u00ed pruebas y me llev\u00e9 documentaci\u00f3n\u00bb.<\/p>\n<p>En tanto, Fein afirm\u00f3 este jueves que todav\u00eda no descarta \u00abninguna hip\u00f3tesis\u00bb sobre el fallecimiento de su colega, al tiempo que advirti\u00f3 que no puede garantizar que la escena del hecho haya sido debidamente preservada, ya que no sabe qu\u00e9 ocurri\u00f3 all\u00ed entre que fue hallado el cuerpo y el momento de su llegada a la torre Le Parc.<br \/>\nEn cuanto a la declaraci\u00f3n de Berni, Fein hab\u00eda adelantado que se le pedir\u00edan \u00abtodas las explicaciones que \u00e9l pueda dar, y todas las explicaciones de lo que sucedi\u00f3 ese d\u00eda\u00bb.<\/p>\n<p>&nbsp;<\/p>\n<p>&nbsp;<\/p>\n<p>&nbsp;<\/p>\n<p>&nbsp;<\/p>\n<p>&nbsp;<\/p>\n<p>&nbsp;<\/p>\n<p>&nbsp;<\/p>\n<p>&nbsp;<\/p>\n<p>&nbsp;<\/p>\n","protected":false},"excerpt":{"rendered":"<p>El secretario de Seguridad fue citado como testigo en la causa por la muerte de Alberto Nisman. Explic\u00f3 durante tres horas c\u00f3mo se resguard\u00f3 al escena donde fue encontrado sin vida el fiscal antes de la llegada de Fein.<\/p>\n","protected":false},"author":8,"featured_media":0,"comment_status":"open","ping_status":"open","sticky":false,"template":"","format":"standard","meta":{"_jetpack_newsletter_access":"","_jetpack_dont_email_post_to_subs":false,"_jetpack_newsletter_tier_id":0,"_jetpack_memberships_contains_paywalled_content":false,"_jetpack_memberships_contains_paid_content":false,"footnotes":""},"categories":[51],"tags":[],"class_list":["post-62333","post","type-post","status-publish","format-standard","hentry","category-politica"],"jetpack_shortlink":"https:\/\/wp.me\/p2JWE0-gdn","jetpack-related-posts":[{"id":62279,"url":"http:\/\/www.24baires.com\/?p=62279","url_meta":{"origin":62333,"position":0},"title":"Berni, el testigo en la causa Nisman","author":"Grupo Sierra","date":"25\/02\/2015","format":false,"excerpt":"La citaci\u00f3n hab\u00eda sido planteada para el martes pasado pero fue postergada a pedido del secretario por una intervenci\u00f3n odontol\u00f3gica que ten\u00eda. El secretario de Seguridad, Sergio Berni, brindar\u00e1 ma\u00f1ana declaraci\u00f3n testimonial ante la fiscal Viviana Fein en el marco de la causa que investiga la muerte de Alberto Nisman.\u2026","rel":"","context":"En \u00abJUDICIALES\u00bb","block_context":{"text":"JUDICIALES","link":"http:\/\/www.24baires.com\/?cat=68"},"img":{"alt_text":"","src":"https:\/\/i0.wp.com\/www.24baires.com\/wp-content\/uploads\/2015\/02\/berni.jpg?resize=350%2C200","width":350,"height":200,"srcset":"https:\/\/i0.wp.com\/www.24baires.com\/wp-content\/uploads\/2015\/02\/berni.jpg?resize=350%2C200 1x, https:\/\/i0.wp.com\/www.24baires.com\/wp-content\/uploads\/2015\/02\/berni.jpg?resize=525%2C300 1.5x"},"classes":[]},{"id":61877,"url":"http:\/\/www.24baires.com\/?p=61877","url_meta":{"origin":62333,"position":1},"title":"Citar\u00e1n a declarar a Berni por el caso Nisman","author":"Grupo Sierra","date":"17\/02\/2015","format":false,"excerpt":"La fiscal a cargo de la causa por la muerte de Alberto Nisman, Viviana Fein, anticip\u00f3 hoy que \"en alg\u00fan momento\" citar\u00e1 a declarar al secretario de Seguridad, Sergio Berni, quien contest\u00f3 que, en ese caso, concurrir\u00e1 porque es su \"obligaci\u00f3n\". En ese sentido, la fiscal dijo desconocer si el\u2026","rel":"","context":"En \u00abJUDICIALES\u00bb","block_context":{"text":"JUDICIALES","link":"http:\/\/www.24baires.com\/?cat=68"},"img":{"alt_text":"conferencia berni","src":"https:\/\/i0.wp.com\/www.24baires.com\/wp-content\/uploads\/2014\/02\/conferencia-berni.jpg?resize=350%2C200","width":350,"height":200,"srcset":"https:\/\/i0.wp.com\/www.24baires.com\/wp-content\/uploads\/2014\/02\/conferencia-berni.jpg?resize=350%2C200 1x, https:\/\/i0.wp.com\/www.24baires.com\/wp-content\/uploads\/2014\/02\/conferencia-berni.jpg?resize=525%2C300 1.5x"},"classes":[]},{"id":106628,"url":"http:\/\/www.24baires.com\/?p=106628","url_meta":{"origin":62333,"position":2},"title":"La AMIA busca retirarse de la querella contra Cristina por el Memor\u00e1ndum con Ir\u00e1n","author":"AF","date":"31\/01\/2019","format":false,"excerpt":"Fue un pedido a la DAIA en la causa que se origin\u00f3 con la denuncia del fiscal Alberto Nisman y busca \u201cempezar a tomar distancia de una causa que est\u00e1 en el centro de la famosa grieta\u201d. La Asociaci\u00f3n Mutual Israelita Argentina (AMIA) le reclam\u00f3 a la Delegaci\u00f3n de Asociaciones\u2026","rel":"","context":"En \u00abJUDICIALES\u00bb","block_context":{"text":"JUDICIALES","link":"http:\/\/www.24baires.com\/?cat=68"},"img":{"alt_text":"","src":"https:\/\/i0.wp.com\/www.24baires.com\/wp-content\/uploads\/2015\/04\/amia.jpg?resize=350%2C200","width":350,"height":200,"srcset":"https:\/\/i0.wp.com\/www.24baires.com\/wp-content\/uploads\/2015\/04\/amia.jpg?resize=350%2C200 1x, https:\/\/i0.wp.com\/www.24baires.com\/wp-content\/uploads\/2015\/04\/amia.jpg?resize=525%2C300 1.5x"},"classes":[]},{"id":102494,"url":"http:\/\/www.24baires.com\/?p=102494","url_meta":{"origin":62333,"position":3},"title":"La C\u00e1mara \u00abreflot\u00f3\u00bb la causa Nisman y asegura que se trat\u00f3 de un crimen","author":"AF","date":"01\/06\/2018","format":false,"excerpt":"Confirm\u00f3 que el ex juez Alberto Nisman fue asesinado. Agregaron que el motivo fue su denuncia contra Cristina Kirchner. Adem\u00e1s dejaron firme el procesamiento de Diego Lagomarsino. La C\u00e1mara Federal hizo su aparici\u00f3n en medio de la debacle econ\u00f3mica que enfrenta el gobierno de Mauricio Macri. Entre masivas manifestaciones en\u2026","rel":"","context":"En \u00abJUDICIALES\u00bb","block_context":{"text":"JUDICIALES","link":"http:\/\/www.24baires.com\/?cat=68"},"img":{"alt_text":"","src":"https:\/\/i0.wp.com\/www.24baires.com\/wp-content\/uploads\/2015\/07\/nisman.jpg?resize=350%2C200","width":350,"height":200,"srcset":"https:\/\/i0.wp.com\/www.24baires.com\/wp-content\/uploads\/2015\/07\/nisman.jpg?resize=350%2C200 1x, https:\/\/i0.wp.com\/www.24baires.com\/wp-content\/uploads\/2015\/07\/nisman.jpg?resize=525%2C300 1.5x"},"classes":[]},{"id":60306,"url":"http:\/\/www.24baires.com\/?p=60306","url_meta":{"origin":62333,"position":4},"title":"Encontraron muerto en su casa al fiscal Nisman","author":"AF","date":"19\/01\/2015","format":false,"excerpt":"El fiscal federal Alberto Nisman fue encontrado sin vida el domingo por la noche en el ba\u00f1o de su departamento de Puerto Madero junto a un arma de fuego y un casquillo de bala calibre 22, luego de que su madre ingresara a la vivienda alertada por la custodia del\u2026","rel":"","context":"En \u00abPoliciales\u00bb","block_context":{"text":"Policiales","link":"http:\/\/www.24baires.com\/?cat=49"},"img":{"alt_text":"","src":"https:\/\/i0.wp.com\/www.24baires.com\/wp-content\/uploads\/2015\/01\/casa-nisman.jpg?resize=350%2C200","width":350,"height":200,"srcset":"https:\/\/i0.wp.com\/www.24baires.com\/wp-content\/uploads\/2015\/01\/casa-nisman.jpg?resize=350%2C200 1x, https:\/\/i0.wp.com\/www.24baires.com\/wp-content\/uploads\/2015\/01\/casa-nisman.jpg?resize=525%2C300 1.5x"},"classes":[]},{"id":62025,"url":"http:\/\/www.24baires.com\/?p=62025","url_meta":{"origin":62333,"position":5},"title":"Berni asegur\u00f3 que todav\u00eda no fue citado por la fiscal Fein","author":"GB","date":"20\/02\/2015","format":false,"excerpt":"El secretario de Seguridad de la Naci\u00f3n fue consultado por lo asegurado el martes \u00faltimo por la fiscal, quien sostuvo que \u201cen alg\u00fan momento\u201d el funcionario \"va a tener que declarar\u201d. El secretario de Seguridad de la Naci\u00f3n, Sergio Berni, asegur\u00f3 hoy que, hasta el momento, no fue citado formalmente\u2026","rel":"","context":"En \u00abPol\u00edtica\u00bb","block_context":{"text":"Pol\u00edtica","link":"http:\/\/www.24baires.com\/?cat=51"},"img":{"alt_text":"conferencia berni","src":"https:\/\/i0.wp.com\/www.24baires.com\/wp-content\/uploads\/2014\/02\/conferencia-berni.jpg?resize=350%2C200","width":350,"height":200,"srcset":"https:\/\/i0.wp.com\/www.24baires.com\/wp-content\/uploads\/2014\/02\/conferencia-berni.jpg?resize=350%2C200 1x, https:\/\/i0.wp.com\/www.24baires.com\/wp-content\/uploads\/2014\/02\/conferencia-berni.jpg?resize=525%2C300 1.5x"},"classes":[]}],"jetpack_sharing_enabled":true,"jetpack_likes_enabled":true,"jetpack_featured_media_url":"","_links":{"self":[{"href":"http:\/\/www.24baires.com\/index.php?rest_route=\/wp\/v2\/posts\/62333","targetHints":{"allow":["GET"]}}],"collection":[{"href":"http:\/\/www.24baires.com\/index.php?rest_route=\/wp\/v2\/posts"}],"about":[{"href":"http:\/\/www.24baires.com\/index.php?rest_route=\/wp\/v2\/types\/post"}],"author":[{"embeddable":true,"href":"http:\/\/www.24baires.com\/index.php?rest_route=\/wp\/v2\/users\/8"}],"replies":[{"embeddable":true,"href":"http:\/\/www.24baires.com\/index.php?rest_route=%2Fwp%2Fv2%2Fcomments&post=62333"}],"version-history":[{"count":1,"href":"http:\/\/www.24baires.com\/index.php?rest_route=\/wp\/v2\/posts\/62333\/revisions"}],"predecessor-version":[{"id":62334,"href":"http:\/\/www.24baires.com\/index.php?rest_route=\/wp\/v2\/posts\/62333\/revisions\/62334"}],"wp:attachment":[{"href":"http:\/\/www.24baires.com\/index.php?rest_route=%2Fwp%2Fv2%2Fmedia&parent=62333"}],"wp:term":[{"taxonomy":"category","embeddable":true,"href":"http:\/\/www.24baires.com\/index.php?rest_route=%2Fwp%2Fv2%2Fcategories&post=62333"},{"taxonomy":"post_tag","embeddable":true,"href":"http:\/\/www.24baires.com\/index.php?rest_route=%2Fwp%2Fv2%2Ftags&post=62333"}],"curies":[{"name":"wp","href":"https:\/\/api.w.org\/{rel}","templated":true}]}}