{"id":62328,"date":"2015-02-26T15:00:00","date_gmt":"2015-02-26T18:00:00","guid":{"rendered":"http:\/\/www.24baires.com\/?p=62328"},"modified":"2015-02-26T14:37:13","modified_gmt":"2015-02-26T17:37:13","slug":"feb-rechazo-el-aumento-salarial-y-anunciaron-un-paro-de-72-horas","status":"publish","type":"post","link":"http:\/\/www.24baires.com\/?p=62328","title":{"rendered":"FEB rechaz\u00f3 el aumento salarial y anunciaron un paro de 72 horas"},"content":{"rendered":"<p><img data-recalc-dims=\"1\" loading=\"lazy\" decoding=\"async\" class=\"aligncenter size-full wp-image-25219\" src=\"https:\/\/i0.wp.com\/www.24baires.com\/wp-content\/uploads\/2013\/06\/feb.jpg?resize=560%2C307\" alt=\"feb\" width=\"560\" height=\"307\" srcset=\"https:\/\/i0.wp.com\/www.24baires.com\/wp-content\/uploads\/2013\/06\/feb.jpg?w=560 560w, https:\/\/i0.wp.com\/www.24baires.com\/wp-content\/uploads\/2013\/06\/feb.jpg?resize=300%2C164 300w\" sizes=\"auto, (max-width: 560px) 100vw, 560px\" \/>Los docentes nucleados en la Federaci\u00f3n de Educadores de la provincia de Buenos Aires (FEB) rechazaron hoy el aumento salarial ofrecido por el gobierno provincial, que eleva el sueldo inicial de un maestro a 7.000 pesos, y convocaron a un paro de 72 horas.<!--more--><\/p>\n<p>La medida se resolvi\u00f3 en un Congreso Extraodinario de la FEB que sesion\u00f3 desde las 10 en La Plata para poner en consideraci\u00f3n la oferta de recomposici\u00f3n salarial propuesta por el gobierno de Daniel Scioli que eleva a 7 mil pesos el sueldo inicial de un maestro, lo que supone un aumento promedio del 40 por ciento.<\/p>\n<p>Los docentes convocaron a un paro de 72 horas a partir de este lunes, confirm\u00f3 una fuente gremial.<\/p>\n<p>El Suteba, que junto a la FEB integra el Frente Gremial, acept\u00f3 ayer la propuesta de aumento salarial del Ejecutivo bonaerense, en un congreso donde el 93 por ciento de las asambleas distritales expres\u00f3 su conformidad con el incremento salarial.<\/p>\n<p>Por su parte, el 24 de febrero \u00faltimo el gremio docente Udocba anunci\u00f3 un paro por tiempo indeterminado en reclamo de un sueldo inicial de 9 mil pesos.<\/p>\n<p>&nbsp;<\/p>\n<p>&nbsp;<\/p>\n<p>&nbsp;<\/p>\n<p>&nbsp;<\/p>\n<p>&nbsp;<\/p>\n<p>&nbsp;<\/p>\n<p>&nbsp;<\/p>\n<p>&nbsp;<\/p>\n<p>&nbsp;<\/p>\n<p>&nbsp;<\/p>\n<p>&nbsp;<\/p>\n<p>&nbsp;<\/p>\n<p>&nbsp;<\/p>\n<p>&nbsp;<\/p>\n<p>&nbsp;<\/p>\n<p>&nbsp;<\/p>\n<p>&nbsp;<\/p>\n<p>&nbsp;<\/p>\n<p>&nbsp;<\/p>\n<p>&nbsp;<\/p>\n","protected":false},"excerpt":{"rendered":"<p>Los docentes nucleados en la Federaci\u00f3n de Educadores de la provincia de Buenos Aires (FEB) rechazaron hoy el aumento salarial ofrecido por el gobierno provincial, que eleva el sueldo inicial de un maestro a 7.000 pesos, y convocaron a un paro de 72 horas.<\/p>\n","protected":false},"author":8,"featured_media":0,"comment_status":"open","ping_status":"open","sticky":false,"template":"","format":"standard","meta":{"_jetpack_newsletter_access":"","_jetpack_dont_email_post_to_subs":false,"_jetpack_newsletter_tier_id":0,"_jetpack_memberships_contains_paywalled_content":false,"_jetpack_memberships_contains_paid_content":false,"footnotes":""},"categories":[51],"tags":[],"class_list":["post-62328","post","type-post","status-publish","format-standard","hentry","category-politica"],"jetpack_shortlink":"https:\/\/wp.me\/p2JWE0-gdi","jetpack-related-posts":[{"id":25378,"url":"http:\/\/www.24baires.com\/?p=25378","url_meta":{"origin":62328,"position":0},"title":"Docentes aceptaron la propuesta salarial y no habr\u00e1 m\u00e1s paros","author":"AF","date":"08\/06\/2013","format":false,"excerpt":"Los gremios docentes bonaerenses aprobaron la propuesta de aumento salarial del 24,5% y de esta forma se normalizar\u00e1 el dictado de clases en la provincia. La Federaci\u00f3n de Educadores Bonaerenses (FEB) aprob\u00f3 el aumento de 24,5 por ciento en dos tramos, a pagar el \u00faltimo en septiembre, y de esta\u2026","rel":"","context":"En \u00abSociedad\u00bb","block_context":{"text":"Sociedad","link":"http:\/\/www.24baires.com\/?cat=1"},"img":{"alt_text":"","src":"","width":0,"height":0},"classes":[]},{"id":62553,"url":"http:\/\/www.24baires.com\/?p=62553","url_meta":{"origin":62328,"position":1},"title":"Aseguran que el 99% de las escuelas bonaerenses abrieron en el segundo d\u00eda de clases","author":"AF","date":"03\/03\/2015","format":false,"excerpt":"Seg\u00fan el informe elaborado por la Direcci\u00f3n General de Escuelas, la mayor\u00eda de las 16.000 escuelas existentes permanecieron abiertas a pesar de la medida de fuerza dispuesta por auxiliares de la educaci\u00f3n, el Frente de Educadores Bonaerenses (FEB) y la Uni\u00f3n de Docentes de la provincia de Buenos Aires (Udocba).\u2026","rel":"","context":"En \u00abProvincia\u00bb","block_context":{"text":"Provincia","link":"http:\/\/www.24baires.com\/?cat=40"},"img":{"alt_text":"","src":"","width":0,"height":0},"classes":[]},{"id":62918,"url":"http:\/\/www.24baires.com\/?p=62918","url_meta":{"origin":62328,"position":2},"title":"FEB lleva a cabo su segundo d\u00eda de paro docente","author":"AF","date":"10\/03\/2015","format":false,"excerpt":"La Federaci\u00f3n de Educadores Bonaerenses (FEB) realizar\u00e1 este martes la segunda de las jornadas del paro de 72 horas que comez\u00f3 ayer, mientras que el Gobierno provincial reiter\u00f3 que las negociaciones salariales est\u00e1n cerradas.\u00a0 La FEB, uno de los gremios fuertes del sector, ya hab\u00eda parado la semana pasada durante\u2026","rel":"","context":"En \u00abSociedad\u00bb","block_context":{"text":"Sociedad","link":"http:\/\/www.24baires.com\/?cat=1"},"img":{"alt_text":"","src":"","width":0,"height":0},"classes":[]},{"id":101449,"url":"http:\/\/www.24baires.com\/?p=101449","url_meta":{"origin":62328,"position":3},"title":"Baradel: \u00abLa intenci\u00f3n de Vidal no es solucionar el conflicto, es disciplinar\u00bb","author":"AF","date":"05\/04\/2018","format":false,"excerpt":"El titular de Suteba destac\u00f3 la masiva marcha a La Plata y el alto acatamiento del paro docente que integr\u00f2 a estatales bonaerenses \"en rechazo al ajuste y al 15% de aumento salarial\" ofrecido por el gobierno provincial. El titular de Suteba, Roberto Baradel, destac\u00f3 el alto acatamiento del paro\u2026","rel":"","context":"En \u00abSociedad\u00bb","block_context":{"text":"Sociedad","link":"http:\/\/www.24baires.com\/?cat=1"},"img":{"alt_text":"","src":"https:\/\/i0.wp.com\/www.24baires.com\/wp-content\/uploads\/2017\/07\/baradel.jpg?resize=350%2C200","width":350,"height":200,"srcset":"https:\/\/i0.wp.com\/www.24baires.com\/wp-content\/uploads\/2017\/07\/baradel.jpg?resize=350%2C200 1x, https:\/\/i0.wp.com\/www.24baires.com\/wp-content\/uploads\/2017\/07\/baradel.jpg?resize=525%2C300 1.5x"},"classes":[]},{"id":41680,"url":"http:\/\/www.24baires.com\/?p=41680","url_meta":{"origin":62328,"position":4},"title":"Los docentes no ceden y piden paro el lunes","author":"Grupo Sierra","date":"07\/03\/2014","format":false,"excerpt":"Desde Suteba estiman que se extender\u00e1 la medida de fuerza en el inicio del ciclo lectivo. La secretaria gremial del Suteba, Mar\u00eda Laura Torres, anticip\u00f3 que el lunes tampoco habr\u00eda clases en las escuelas bonaerenses debido a la falta de una oferta de aumento salarial que conforme a los docentes\u2026","rel":"","context":"En \u00abPol\u00edtica\u00bb","block_context":{"text":"Pol\u00edtica","link":"http:\/\/www.24baires.com\/?cat=51"},"img":{"alt_text":"","src":"","width":0,"height":0},"classes":[]},{"id":21092,"url":"http:\/\/www.24baires.com\/?p=21092","url_meta":{"origin":62328,"position":5},"title":"Nueva advertencia: docentes amenazan con paro de 72 horas si no son convocados a discutir salarios","author":"Grupo Sierra","date":"15\/04\/2013","format":false,"excerpt":"El Frente Gremial Docente bonaerense alert\u00f3 hoy con \u201cponerle fecha\u201d al paro de 72 horas pendiente de la semana pasada, si el gobierno de Daniel Scioli no los convoca a discutir salarios \u201cesta semana o a principio de la pr\u00f3xima\u201d, luego de mantener una reuni\u00f3n con la directora general de\u2026","rel":"","context":"En \u00abProvincia\u00bb","block_context":{"text":"Provincia","link":"http:\/\/www.24baires.com\/?cat=40"},"img":{"alt_text":"","src":"","width":0,"height":0},"classes":[]}],"jetpack_sharing_enabled":true,"jetpack_likes_enabled":true,"jetpack_featured_media_url":"","_links":{"self":[{"href":"http:\/\/www.24baires.com\/index.php?rest_route=\/wp\/v2\/posts\/62328","targetHints":{"allow":["GET"]}}],"collection":[{"href":"http:\/\/www.24baires.com\/index.php?rest_route=\/wp\/v2\/posts"}],"about":[{"href":"http:\/\/www.24baires.com\/index.php?rest_route=\/wp\/v2\/types\/post"}],"author":[{"embeddable":true,"href":"http:\/\/www.24baires.com\/index.php?rest_route=\/wp\/v2\/users\/8"}],"replies":[{"embeddable":true,"href":"http:\/\/www.24baires.com\/index.php?rest_route=%2Fwp%2Fv2%2Fcomments&post=62328"}],"version-history":[{"count":1,"href":"http:\/\/www.24baires.com\/index.php?rest_route=\/wp\/v2\/posts\/62328\/revisions"}],"predecessor-version":[{"id":62329,"href":"http:\/\/www.24baires.com\/index.php?rest_route=\/wp\/v2\/posts\/62328\/revisions\/62329"}],"wp:attachment":[{"href":"http:\/\/www.24baires.com\/index.php?rest_route=%2Fwp%2Fv2%2Fmedia&parent=62328"}],"wp:term":[{"taxonomy":"category","embeddable":true,"href":"http:\/\/www.24baires.com\/index.php?rest_route=%2Fwp%2Fv2%2Fcategories&post=62328"},{"taxonomy":"post_tag","embeddable":true,"href":"http:\/\/www.24baires.com\/index.php?rest_route=%2Fwp%2Fv2%2Ftags&post=62328"}],"curies":[{"name":"wp","href":"https:\/\/api.w.org\/{rel}","templated":true}]}}