{"id":62324,"date":"2015-02-26T13:30:43","date_gmt":"2015-02-26T16:30:43","guid":{"rendered":"http:\/\/www.24baires.com\/?p=62324"},"modified":"2015-02-27T10:46:09","modified_gmt":"2015-02-27T13:46:09","slug":"anibal-fernandez-reemplazara-a-capitanich-como-jefe-de-gabinete","status":"publish","type":"post","link":"http:\/\/www.24baires.com\/?p=62324","title":{"rendered":"An\u00edbal Fern\u00e1ndez reemplazar\u00e1 a Capitanich como jefe de Gabinete"},"content":{"rendered":"<p><img data-recalc-dims=\"1\" loading=\"lazy\" decoding=\"async\" class=\"aligncenter size-full wp-image-5267\" src=\"https:\/\/i0.wp.com\/www.24baires.com\/wp-content\/uploads\/2012\/11\/fern%C3%A1ndez-an%C3%ADbal2.jpg?resize=560%2C361\" alt=\"fern\u00e1ndez an\u00edbal2\" width=\"560\" height=\"361\" srcset=\"https:\/\/i0.wp.com\/www.24baires.com\/wp-content\/uploads\/2012\/11\/fern%C3%A1ndez-an%C3%ADbal2.jpg?w=560 560w, https:\/\/i0.wp.com\/www.24baires.com\/wp-content\/uploads\/2012\/11\/fern%C3%A1ndez-an%C3%ADbal2.jpg?resize=300%2C193 300w\" sizes=\"auto, (max-width: 560px) 100vw, 560px\" \/>Reemplazar\u00e1 a Jorge Capitanich, anunci\u00f3 este mediod\u00eda en Casa de Gobierno el Secretario de Comunicaci\u00f3n P\u00fablica, Alfredo Scoccimarro. \u00abWado\u00bb de Pedro ser\u00e1 secretario general de la Presidencia y Daniel Goll\u00e1n, ministro de Salud.<!--more--><\/p>\n<p>El vocero inform\u00f3 que la presidenta Cristina Fern\u00e1ndez de Kirchner decidi\u00f3 que la jefatura de Gabinete sea encabezada por Fern\u00e1ndez, hasta hoy secretario General de la Presidencia, que ser\u00e1 ocupada por el diputado Eduardo \u00abWado\u00bb de Pedro.<\/p>\n<p>En tanto, Daniel Goll\u00e1n asumir\u00e1 como nuevo ministro de Salud de la Naci\u00f3n, en reemplazo de Juan Manzur.<\/p>\n<p>Goll\u00e1n se encontraba a cargo de la Secretar\u00eda de Salud Comunitaria de la cartera sanitaria, lugar que ocupar\u00e1 Nicol\u00e1s Kreplak.<\/p>\n<p>As\u00ed lo anunci\u00f3 este mediod\u00eda en la Casa de Gobierno el secretario de Comunicaci\u00f3n P\u00fablica, Alfredo Scoccimarro.<\/p>\n<p>Las respectivas juras se producir\u00e1n hoy a las 19 en una ceremonia en Casa de Gobierno, seg\u00fan inform\u00f3 Scoccimarro.<\/p>\n<p>&nbsp;<\/p>\n<p>&nbsp;<\/p>\n<p>&nbsp;<\/p>\n<p>&nbsp;<\/p>\n<p>&nbsp;<\/p>\n<p>&nbsp;<\/p>\n<p>&nbsp;<\/p>\n<p>&nbsp;<\/p>\n<p>&nbsp;<\/p>\n<p>&nbsp;<\/p>\n<p>&nbsp;<\/p>\n<p>&nbsp;<\/p>\n","protected":false},"excerpt":{"rendered":"<p>Reemplazar\u00e1 a Jorge Capitanich, anunci\u00f3 este mediod\u00eda en Casa de Gobierno el Secretario de Comunicaci\u00f3n P\u00fablica, Alfredo Scoccimarro. \u00abWado\u00bb de Pedro ser\u00e1 secretario general de la Presidencia y Daniel Goll\u00e1n, ministro de Salud.<\/p>\n","protected":false},"author":8,"featured_media":0,"comment_status":"open","ping_status":"open","sticky":false,"template":"","format":"standard","meta":{"_jetpack_newsletter_access":"","_jetpack_dont_email_post_to_subs":false,"_jetpack_newsletter_tier_id":0,"_jetpack_memberships_contains_paywalled_content":false,"_jetpack_memberships_contains_paid_content":false,"footnotes":""},"categories":[51],"tags":[],"class_list":["post-62324","post","type-post","status-publish","format-standard","hentry","category-politica"],"jetpack_shortlink":"https:\/\/wp.me\/p2JWE0-gde","jetpack-related-posts":[{"id":62355,"url":"http:\/\/www.24baires.com\/?p=62355","url_meta":{"origin":62324,"position":0},"title":"Cristina tom\u00f3 juramento a los nuevos funcionarios","author":"Grupo Sierra","date":"26\/02\/2015","format":false,"excerpt":"La Presidenta tom\u00f3 juramento a An\u00edbal Fern\u00e1ndez como jefe de Gabinete, a Daniel Goll\u00e1n como ministro de Salud y a Eduardo \"Wado\" de Pedro como Secretario General de la Presidencia. La presidenta Cristina Fern\u00e1ndez de Kirchner tom\u00f3 esta tarde en Casa de Gobierno juramento a los nuevos funcionarios de su\u2026","rel":"","context":"En \u00abPol\u00edtica\u00bb","block_context":{"text":"Pol\u00edtica","link":"http:\/\/www.24baires.com\/?cat=51"},"img":{"alt_text":"","src":"https:\/\/i0.wp.com\/www.24baires.com\/wp-content\/uploads\/2015\/02\/cristina-anibal.jpg?resize=350%2C200","width":350,"height":200,"srcset":"https:\/\/i0.wp.com\/www.24baires.com\/wp-content\/uploads\/2015\/02\/cristina-anibal.jpg?resize=350%2C200 1x, https:\/\/i0.wp.com\/www.24baires.com\/wp-content\/uploads\/2015\/02\/cristina-anibal.jpg?resize=525%2C300 1.5x"},"classes":[]},{"id":35477,"url":"http:\/\/www.24baires.com\/?p=35477","url_meta":{"origin":62324,"position":1},"title":"Cristina le tom\u00f3 juramento a Jorge Capitanich y Axel Kicillof","author":"GB","date":"20\/11\/2013","format":false,"excerpt":"La presidenta Cristina Fern\u00e1ndez de Kirchner tom\u00f3 juramento al gobernador en uso de licencia del Chaco, Jorge Capitanich, y al ex viceministro de Econom\u00eda, Axel Kicillof, como jefe de Gabinete y ministro de Econom\u00eda, respectivamente. Tambi\u00e9n jur\u00f3 el Sal\u00f3n Blanco de la Casa Rosada, Carlos Casamiquela, quien se convirti\u00f3 en\u2026","rel":"","context":"En \u00abPol\u00edtica\u00bb","block_context":{"text":"Pol\u00edtica","link":"http:\/\/www.24baires.com\/?cat=51"},"img":{"alt_text":"","src":"https:\/\/i0.wp.com\/www.24baires.com\/wp-content\/uploads\/2013\/11\/juramente-nuevos-ministros.jpg?resize=350%2C200","width":350,"height":200,"srcset":"https:\/\/i0.wp.com\/www.24baires.com\/wp-content\/uploads\/2013\/11\/juramente-nuevos-ministros.jpg?resize=350%2C200 1x, https:\/\/i0.wp.com\/www.24baires.com\/wp-content\/uploads\/2013\/11\/juramente-nuevos-ministros.jpg?resize=525%2C300 1.5x"},"classes":[]},{"id":113316,"url":"http:\/\/www.24baires.com\/?p=113316","url_meta":{"origin":62324,"position":2},"title":"\u00abHay una situaci\u00f3n de emergencia en la provincia\u00bb","author":"AF","date":"09\/12\/2019","format":false,"excerpt":"El gobernador bonaerense electo, Axel Kicillof, confirm\u00f3 esta tarde su Gabinete, con Pablo L\u00f3pez como ministro de Hacienda y Sergio Berni al frente de la cartera de Seguridad. En tanto, Augusto Costa ser\u00e1 ministro de Producci\u00f3n, Ciencia e Innovaci\u00f3n Tecnol\u00f3gica; Julio Alak encabezar\u00e1 la cartera de Justicia y Derechos Humanos,\u2026","rel":"","context":"En \u00abProvincia\u00bb","block_context":{"text":"Provincia","link":"http:\/\/www.24baires.com\/?cat=40"},"img":{"alt_text":"","src":"https:\/\/i0.wp.com\/www.24baires.com\/wp-content\/uploads\/2014\/01\/axelkicillof.jpg?resize=350%2C200","width":350,"height":200,"srcset":"https:\/\/i0.wp.com\/www.24baires.com\/wp-content\/uploads\/2014\/01\/axelkicillof.jpg?resize=350%2C200 1x, https:\/\/i0.wp.com\/www.24baires.com\/wp-content\/uploads\/2014\/01\/axelkicillof.jpg?resize=525%2C300 1.5x"},"classes":[]},{"id":35377,"url":"http:\/\/www.24baires.com\/?p=35377","url_meta":{"origin":62324,"position":3},"title":"Capitanich ser\u00e1 el nuevo jefe de Gabinete y Kicillof el ministro de Econom\u00eda","author":"GB","date":"18\/11\/2013","format":false,"excerpt":"El gobernador de Chaco reemplazar\u00e1 a Juan Manuel Abal Medina y el viceministro de Econom\u00eda ocupar\u00e1 el lugar de Hern\u00e1n Lorenzino. En tanto, el hasta ahora presidente del Banco Naci\u00f3n, Carlos F\u00e1brega, fue designado al frente del BCRA. La presidenta Cristina Fern\u00e1ndez de Kirchner dispuso cambios en su gabinete de\u2026","rel":"","context":"En \u00abPol\u00edtica\u00bb","block_context":{"text":"Pol\u00edtica","link":"http:\/\/www.24baires.com\/?cat=51"},"img":{"alt_text":"","src":"","width":0,"height":0},"classes":[]},{"id":118006,"url":"http:\/\/www.24baires.com\/?p=118006","url_meta":{"origin":62324,"position":4},"title":"Recambio de ministros: Manzur, Jefe de Gabinete y An\u00edbal Fern\u00e1ndez a Seguridad","author":"GB","date":"18\/09\/2021","format":false,"excerpt":"Wado De Pedro seguir\u00e1 en su lugar, pero se ir\u00e1n Felipe Sol\u00e1, Roberto Salvarezza y Sabina Frederic. Juan Manzur reemplaza a Cafiero que ser\u00e1 Canciller El gobierno nacional confirm\u00f3 los cambios en el gabinete de ministros y prepara un relanzamiento de la gesti\u00f3n a partir del pr\u00f3ximo lunes, con el\u2026","rel":"","context":"En \u00abPol\u00edtica\u00bb","block_context":{"text":"Pol\u00edtica","link":"http:\/\/www.24baires.com\/?cat=51"},"img":{"alt_text":"","src":"https:\/\/i0.wp.com\/www.24baires.com\/wp-content\/uploads\/2021\/09\/Zxa4bz6uJ_1256x620__1-1024x505.jpg?resize=350%2C200","width":350,"height":200,"srcset":"https:\/\/i0.wp.com\/www.24baires.com\/wp-content\/uploads\/2021\/09\/Zxa4bz6uJ_1256x620__1-1024x505.jpg?resize=350%2C200 1x, https:\/\/i0.wp.com\/www.24baires.com\/wp-content\/uploads\/2021\/09\/Zxa4bz6uJ_1256x620__1-1024x505.jpg?resize=525%2C300 1.5x"},"classes":[]},{"id":35425,"url":"http:\/\/www.24baires.com\/?p=35425","url_meta":{"origin":62324,"position":5},"title":"Moreno present\u00f3 su renuncia","author":"GB","date":"19\/11\/2013","format":false,"excerpt":"El saliente secretario de Comercio Interior present\u00f3 su renuncia a la presidenta Cristina Fern\u00e1ndez de Kirchner, quien acept\u00f3 su dimisi\u00f3n. Lo anunci\u00f3 esta tarde el secretario de Comunicaci\u00f3n P\u00fablica, Alfredo Scoccimarro. El secretario de Comunicaci\u00f3n P\u00fablica, Alfredo Scoccimarro, inform\u00f3 hoy que Guillermo Moreno pasar\u00e1 a desempe\u00f1arse en la Agregadur\u00eda Econ\u00f3mica\u2026","rel":"","context":"En \u00abEconom\u00eda\u00bb","block_context":{"text":"Econom\u00eda","link":"http:\/\/www.24baires.com\/?cat=45"},"img":{"alt_text":"","src":"","width":0,"height":0},"classes":[]}],"jetpack_sharing_enabled":true,"jetpack_likes_enabled":true,"jetpack_featured_media_url":"","_links":{"self":[{"href":"http:\/\/www.24baires.com\/index.php?rest_route=\/wp\/v2\/posts\/62324","targetHints":{"allow":["GET"]}}],"collection":[{"href":"http:\/\/www.24baires.com\/index.php?rest_route=\/wp\/v2\/posts"}],"about":[{"href":"http:\/\/www.24baires.com\/index.php?rest_route=\/wp\/v2\/types\/post"}],"author":[{"embeddable":true,"href":"http:\/\/www.24baires.com\/index.php?rest_route=\/wp\/v2\/users\/8"}],"replies":[{"embeddable":true,"href":"http:\/\/www.24baires.com\/index.php?rest_route=%2Fwp%2Fv2%2Fcomments&post=62324"}],"version-history":[{"count":1,"href":"http:\/\/www.24baires.com\/index.php?rest_route=\/wp\/v2\/posts\/62324\/revisions"}],"predecessor-version":[{"id":62325,"href":"http:\/\/www.24baires.com\/index.php?rest_route=\/wp\/v2\/posts\/62324\/revisions\/62325"}],"wp:attachment":[{"href":"http:\/\/www.24baires.com\/index.php?rest_route=%2Fwp%2Fv2%2Fmedia&parent=62324"}],"wp:term":[{"taxonomy":"category","embeddable":true,"href":"http:\/\/www.24baires.com\/index.php?rest_route=%2Fwp%2Fv2%2Fcategories&post=62324"},{"taxonomy":"post_tag","embeddable":true,"href":"http:\/\/www.24baires.com\/index.php?rest_route=%2Fwp%2Fv2%2Ftags&post=62324"}],"curies":[{"name":"wp","href":"https:\/\/api.w.org\/{rel}","templated":true}]}}