{"id":62320,"date":"2015-02-26T14:00:43","date_gmt":"2015-02-26T17:00:43","guid":{"rendered":"http:\/\/www.24baires.com\/?p=62320"},"modified":"2015-02-27T10:46:12","modified_gmt":"2015-02-27T13:46:12","slug":"eljuez-rafecas-desestimo-la-denuncia-de-nisman-contra-la-presidenta","status":"publish","type":"post","link":"http:\/\/www.24baires.com\/?p=62320","title":{"rendered":"El juez Rafecas desestim\u00f3 la denuncia de Nisman contra la Presidenta"},"content":{"rendered":"<p><img data-recalc-dims=\"1\" loading=\"lazy\" decoding=\"async\" class=\"aligncenter size-full wp-image-62321\" src=\"https:\/\/i0.wp.com\/www.24baires.com\/wp-content\/uploads\/2015\/02\/rafecas.jpg?resize=560%2C373\" alt=\"rafecas\" width=\"560\" height=\"373\" srcset=\"https:\/\/i0.wp.com\/www.24baires.com\/wp-content\/uploads\/2015\/02\/rafecas.jpg?w=560 560w, https:\/\/i0.wp.com\/www.24baires.com\/wp-content\/uploads\/2015\/02\/rafecas.jpg?resize=300%2C200 300w\" sizes=\"auto, (max-width: 560px) 100vw, 560px\" \/>El juez federal Daniel Rafecas desestim\u00f3 la denuncia del fiscal Alberto Nisman contra la presidenta Cristina Fern\u00e1ndez de Kirchner por supuesto encubrimiento a los imputados iran\u00edes en la causa AMIA.<!--more--><\/p>\n<p>El juez decidi\u00f3 que no hay elementos necesarios en la denuncia del fallecido titular de la Unidad Especial AMIA, para abrir una investigaci\u00f3n contra la Presidenta de la Naci\u00f3n, no haciendo lugar al dictamen del fiscal Gerardo Pollicita.<\/p>\n<p>&nbsp;<\/p>\n<p>&nbsp;<\/p>\n<p>&nbsp;<\/p>\n<p>&nbsp;<\/p>\n<p>&nbsp;<\/p>\n<p>&nbsp;<\/p>\n<p>&nbsp;<\/p>\n<p>&nbsp;<\/p>\n<p>&nbsp;<\/p>\n<p>&nbsp;<\/p>\n<p>&nbsp;<\/p>\n<p>&nbsp;<\/p>\n","protected":false},"excerpt":{"rendered":"<p>El juez federal Daniel Rafecas desestim\u00f3 la denuncia del fiscal Alberto Nisman contra la presidenta Cristina Fern\u00e1ndez de Kirchner por supuesto encubrimiento a los imputados iran\u00edes en la causa AMIA.<\/p>\n","protected":false},"author":8,"featured_media":0,"comment_status":"open","ping_status":"open","sticky":false,"template":"","format":"standard","meta":{"_jetpack_newsletter_access":"","_jetpack_dont_email_post_to_subs":false,"_jetpack_newsletter_tier_id":0,"_jetpack_memberships_contains_paywalled_content":false,"_jetpack_memberships_contains_paid_content":false,"footnotes":""},"categories":[51],"tags":[],"class_list":["post-62320","post","type-post","status-publish","format-standard","hentry","category-politica"],"jetpack_shortlink":"https:\/\/wp.me\/p2JWE0-gda","jetpack-related-posts":[{"id":63594,"url":"http:\/\/www.24baires.com\/?p=63594","url_meta":{"origin":62320,"position":0},"title":"Desestiman la denuncia de Nisman contra Cristina","author":"GB","date":"26\/03\/2015","format":false,"excerpt":"La sala I de la C\u00e1mara Federal porte\u00f1a desestim\u00f3 la denuncia del fallecido fiscal contra la Presidenta, entre otros, por supuesto encubrimiento del atentado a la AMIA. La Sala I de la C\u00e1mara Federal porte\u00f1a desestim\u00f3 la denuncia del fallecido fiscal Alberto Nisman contra la presidenta Cristina Fern\u00e1ndez de Kirchner,\u2026","rel":"","context":"En \u00abPol\u00edtica\u00bb","block_context":{"text":"Pol\u00edtica","link":"http:\/\/www.24baires.com\/?cat=51"},"img":{"alt_text":"nisman-1","src":"https:\/\/i0.wp.com\/www.24baires.com\/wp-content\/uploads\/2015\/01\/nisman-1.jpg?resize=350%2C200","width":350,"height":200,"srcset":"https:\/\/i0.wp.com\/www.24baires.com\/wp-content\/uploads\/2015\/01\/nisman-1.jpg?resize=350%2C200 1x, https:\/\/i0.wp.com\/www.24baires.com\/wp-content\/uploads\/2015\/01\/nisman-1.jpg?resize=525%2C300 1.5x"},"classes":[]},{"id":117875,"url":"http:\/\/www.24baires.com\/?p=117875","url_meta":{"origin":62320,"position":1},"title":"Cristina consider\u00f3 \u00abdisparate judicial, institucional y pol\u00edtico\u00bb a la causa del memor\u00e1ndum","author":"AF","date":"16\/07\/2021","format":false,"excerpt":"La vicepresidenta expuso durante la audiencia p\u00fablica, que fue escuchada por m\u00e1s de 20 mil personas a trav\u00e9s de YouTube. \"Se hicieron maniobras persecutorias para perjudicarnos a m\u00ed y mi familia\", asegur\u00f3. El Tribunal Oral Federal 8 debe resolver si declara o no la nulidad del proceso. La vicepresidenta Cristina\u2026","rel":"","context":"En \u00abJUDICIALES\u00bb","block_context":{"text":"JUDICIALES","link":"http:\/\/www.24baires.com\/?cat=68"},"img":{"alt_text":"","src":"https:\/\/i0.wp.com\/www.24baires.com\/wp-content\/uploads\/2021\/07\/cfk.jpg?resize=350%2C200","width":350,"height":200,"srcset":"https:\/\/i0.wp.com\/www.24baires.com\/wp-content\/uploads\/2021\/07\/cfk.jpg?resize=350%2C200 1x, https:\/\/i0.wp.com\/www.24baires.com\/wp-content\/uploads\/2021\/07\/cfk.jpg?resize=525%2C300 1.5x"},"classes":[]},{"id":62501,"url":"http:\/\/www.24baires.com\/?p=62501","url_meta":{"origin":62320,"position":2},"title":"\u00abEl gobierno hizo todo para que la causa AMIA avance\u00bb, asegur\u00f3 Rafecas","author":"GB","date":"02\/03\/2015","format":false,"excerpt":"El juez rechaz\u00f3 categ\u00f3ricamente los cuestionamientos a su fallo y dijo que las nuevas escuchas difundidas por algunos medios \u201cno sirven para nada\u201d. El juez federal Daniel Rafecas, afirm\u00f3 hoy que \"el gobierno hizo todo para que la causa AMIA avance\" y sostuvo que \"no tienen ninguna relevancia\" y \"no\u2026","rel":"","context":"En \u00abPol\u00edtica\u00bb","block_context":{"text":"Pol\u00edtica","link":"http:\/\/www.24baires.com\/?cat=51"},"img":{"alt_text":"rafecas","src":"https:\/\/i0.wp.com\/www.24baires.com\/wp-content\/uploads\/2015\/02\/rafecas.jpg?resize=350%2C200","width":350,"height":200,"srcset":"https:\/\/i0.wp.com\/www.24baires.com\/wp-content\/uploads\/2015\/02\/rafecas.jpg?resize=350%2C200 1x, https:\/\/i0.wp.com\/www.24baires.com\/wp-content\/uploads\/2015\/02\/rafecas.jpg?resize=525%2C300 1.5x"},"classes":[]},{"id":62388,"url":"http:\/\/www.24baires.com\/?p=62388","url_meta":{"origin":62320,"position":3},"title":"Cristina aval\u00f3 el fallo de Rafecas en las redes","author":"Grupo Sierra","date":"27\/02\/2015","format":false,"excerpt":"La Presidenta public\u00f3 el fallo del juez federal que desestim\u00f3 la denuncia del fallecido fiscal Alberto Nisman por supuesto encubrimiento en la causa AMIA. La presidenta Cristina Fern\u00e1ndez de Kirchner public\u00f3 hoy en su sitio web el fallo del juez federal Daniel Rafecas que desestim\u00f3 la denuncia del fallecido fiscal\u2026","rel":"","context":"En \u00abGeneral\u00bb","block_context":{"text":"General","link":"http:\/\/www.24baires.com\/?cat=67"},"img":{"alt_text":"cristina twitter 2013","src":"https:\/\/i0.wp.com\/www.24baires.com\/wp-content\/uploads\/2013\/09\/cristina-twitter-2013.jpg?resize=350%2C200","width":350,"height":200,"srcset":"https:\/\/i0.wp.com\/www.24baires.com\/wp-content\/uploads\/2013\/09\/cristina-twitter-2013.jpg?resize=350%2C200 1x, https:\/\/i0.wp.com\/www.24baires.com\/wp-content\/uploads\/2013\/09\/cristina-twitter-2013.jpg?resize=525%2C300 1.5x"},"classes":[]},{"id":91184,"url":"http:\/\/www.24baires.com\/?p=91184","url_meta":{"origin":62320,"position":4},"title":"Apartaron a Rafecas de la denuncia de Nisman contra Cristina Kirchner","author":"GB","date":"29\/12\/2016","format":false,"excerpt":"En su resoluci\u00f3n, la C\u00e1mara de Casaci\u00f3n calific\u00f3 la decisi\u00f3n de Rafecas de desestimar la denuncia como \"arbitraria, prematura y parcial\". El juez Daniel Rafecas as\u00ed como los camaristas de la sala primera de la C\u00e1mara Federal, Eduardo Freiler y Jorge Ballestero fueron apartados de la causa que se abrir\u00e1\u2026","rel":"","context":"En \u00abPol\u00edtica\u00bb","block_context":{"text":"Pol\u00edtica","link":"http:\/\/www.24baires.com\/?cat=51"},"img":{"alt_text":"","src":"https:\/\/i0.wp.com\/www.24baires.com\/wp-content\/uploads\/2016\/08\/Rafecas.jpg?resize=350%2C200","width":350,"height":200,"srcset":"https:\/\/i0.wp.com\/www.24baires.com\/wp-content\/uploads\/2016\/08\/Rafecas.jpg?resize=350%2C200 1x, https:\/\/i0.wp.com\/www.24baires.com\/wp-content\/uploads\/2016\/08\/Rafecas.jpg?resize=525%2C300 1.5x"},"classes":[]},{"id":102494,"url":"http:\/\/www.24baires.com\/?p=102494","url_meta":{"origin":62320,"position":5},"title":"La C\u00e1mara \u00abreflot\u00f3\u00bb la causa Nisman y asegura que se trat\u00f3 de un crimen","author":"AF","date":"01\/06\/2018","format":false,"excerpt":"Confirm\u00f3 que el ex juez Alberto Nisman fue asesinado. Agregaron que el motivo fue su denuncia contra Cristina Kirchner. Adem\u00e1s dejaron firme el procesamiento de Diego Lagomarsino. La C\u00e1mara Federal hizo su aparici\u00f3n en medio de la debacle econ\u00f3mica que enfrenta el gobierno de Mauricio Macri. Entre masivas manifestaciones en\u2026","rel":"","context":"En \u00abJUDICIALES\u00bb","block_context":{"text":"JUDICIALES","link":"http:\/\/www.24baires.com\/?cat=68"},"img":{"alt_text":"","src":"https:\/\/i0.wp.com\/www.24baires.com\/wp-content\/uploads\/2015\/07\/nisman.jpg?resize=350%2C200","width":350,"height":200,"srcset":"https:\/\/i0.wp.com\/www.24baires.com\/wp-content\/uploads\/2015\/07\/nisman.jpg?resize=350%2C200 1x, https:\/\/i0.wp.com\/www.24baires.com\/wp-content\/uploads\/2015\/07\/nisman.jpg?resize=525%2C300 1.5x"},"classes":[]}],"jetpack_sharing_enabled":true,"jetpack_likes_enabled":true,"jetpack_featured_media_url":"","_links":{"self":[{"href":"http:\/\/www.24baires.com\/index.php?rest_route=\/wp\/v2\/posts\/62320","targetHints":{"allow":["GET"]}}],"collection":[{"href":"http:\/\/www.24baires.com\/index.php?rest_route=\/wp\/v2\/posts"}],"about":[{"href":"http:\/\/www.24baires.com\/index.php?rest_route=\/wp\/v2\/types\/post"}],"author":[{"embeddable":true,"href":"http:\/\/www.24baires.com\/index.php?rest_route=\/wp\/v2\/users\/8"}],"replies":[{"embeddable":true,"href":"http:\/\/www.24baires.com\/index.php?rest_route=%2Fwp%2Fv2%2Fcomments&post=62320"}],"version-history":[{"count":2,"href":"http:\/\/www.24baires.com\/index.php?rest_route=\/wp\/v2\/posts\/62320\/revisions"}],"predecessor-version":[{"id":62323,"href":"http:\/\/www.24baires.com\/index.php?rest_route=\/wp\/v2\/posts\/62320\/revisions\/62323"}],"wp:attachment":[{"href":"http:\/\/www.24baires.com\/index.php?rest_route=%2Fwp%2Fv2%2Fmedia&parent=62320"}],"wp:term":[{"taxonomy":"category","embeddable":true,"href":"http:\/\/www.24baires.com\/index.php?rest_route=%2Fwp%2Fv2%2Fcategories&post=62320"},{"taxonomy":"post_tag","embeddable":true,"href":"http:\/\/www.24baires.com\/index.php?rest_route=%2Fwp%2Fv2%2Ftags&post=62320"}],"curies":[{"name":"wp","href":"https:\/\/api.w.org\/{rel}","templated":true}]}}