{"id":62304,"date":"2015-02-26T10:30:37","date_gmt":"2015-02-26T13:30:37","guid":{"rendered":"http:\/\/www.24baires.com\/?p=62304"},"modified":"2015-02-26T10:23:05","modified_gmt":"2015-02-26T13:23:05","slug":"posse-confirmo-que-abandona-el-massismo-para-sumarse-al-pro","status":"publish","type":"post","link":"http:\/\/www.24baires.com\/?p=62304","title":{"rendered":"Posse confirm\u00f3 que abandona el massismo para sumarse al PRO"},"content":{"rendered":"<p><img data-recalc-dims=\"1\" loading=\"lazy\" decoding=\"async\" class=\"aligncenter size-full wp-image-55129\" src=\"https:\/\/i0.wp.com\/www.24baires.com\/wp-content\/uploads\/2014\/10\/gustavo-posse.jpg?resize=560%2C420\" alt=\"gustavo posse\" width=\"560\" height=\"420\" srcset=\"https:\/\/i0.wp.com\/www.24baires.com\/wp-content\/uploads\/2014\/10\/gustavo-posse.jpg?w=560 560w, https:\/\/i0.wp.com\/www.24baires.com\/wp-content\/uploads\/2014\/10\/gustavo-posse.jpg?resize=300%2C225 300w\" sizes=\"auto, (max-width: 560px) 100vw, 560px\" \/>El intendente de <strong>San Isidro<\/strong>, Gustavo Posse, confirm\u00f3 su incorporaci\u00f3n al PRO de Mauricio Macri y asegur\u00f3 que se presentar\u00e1 a las PASO por la gobernaci\u00f3n bonaerense contra Mar\u00eda Eugenia Vidal, quien hoy fue confirmada como candidata por ese espacio.<!--more--><\/p>\n<p>El jefe comunal asegur\u00f3 que tanto el l\u00edder del PRO como el titular de la UCR, Ernesto Sanz, le confirmaron que en la provincia de Buenos Aires habr\u00e1 una interna entre \u201cdos candidatos: Mar\u00eda Eugenia (Vidal) y yo\u201d.<\/p>\n<p>De esta manera, Posse confirm\u00f3 su alejamiento definitivo del Frente Renovador de Sergio Massa, con quien se hab\u00eda mostrado distante en las \u00faltimas semanas, conformando la fuerza provincial \u201cEspacio Abierto\u201d. \u201cTanto Sanz como Macri me dijeron que \u00edbamos a ser dos candidatos: (la vicejefa de Gobierno) Mar\u00eda Eugenia (Vidal) y yo\u201d, se\u00f1al\u00f3 Posse.<\/p>\n<p>De acuerdo a las declaraciones del intendente de San Isidro, el macrismo estar\u00eda avanzando en un acuerdo con el radicalismo bonaerense para participar de las elecciones a gobernador bonaerense. No obstante, el sector mayoritario liderado Ricardo Alfons\u00edn en Buenos Aires rechaza esa idea, que por ahora es sostenida \u00fanicamente por Sanz.<\/p>\n<p>&nbsp;<\/p>\n<p>&nbsp;<\/p>\n<p>&nbsp;<\/p>\n<p>&nbsp;<\/p>\n<p>&nbsp;<\/p>\n<p>&nbsp;<\/p>\n<p>&nbsp;<\/p>\n<p>&nbsp;<\/p>\n<p>&nbsp;<\/p>\n<p>&nbsp;<\/p>\n","protected":false},"excerpt":{"rendered":"<p>El intendente de San Isidro, Gustavo Posse, confirm\u00f3 su incorporaci\u00f3n al PRO de Mauricio Macri y asegur\u00f3 que se presentar\u00e1 a las PASO por la gobernaci\u00f3n bonaerense contra Mar\u00eda Eugenia Vidal, quien hoy fue confirmada como candidata por ese espacio.<\/p>\n","protected":false},"author":4,"featured_media":0,"comment_status":"open","ping_status":"open","sticky":false,"template":"","format":"standard","meta":{"_jetpack_newsletter_access":"","_jetpack_dont_email_post_to_subs":false,"_jetpack_newsletter_tier_id":0,"_jetpack_memberships_contains_paywalled_content":false,"_jetpack_memberships_contains_paid_content":false,"footnotes":""},"categories":[51],"tags":[],"class_list":["post-62304","post","type-post","status-publish","format-standard","hentry","category-politica"],"jetpack_shortlink":"https:\/\/wp.me\/p2JWE0-gcU","jetpack-related-posts":[{"id":62465,"url":"http:\/\/www.24baires.com\/?p=62465","url_meta":{"origin":62304,"position":0},"title":"Macri ya anot\u00f3 a Vidal en la carrera por la Provincia","author":"Grupo Sierra","date":"01\/03\/2015","format":false,"excerpt":"El jefe de Gobierno porte\u00f1o y l\u00edder de PRO, Mauricio Macri, oficializ\u00f3 hoy a trav\u00e9s de la red social Facebook la candidatura de Mar\u00eda Eugenia Vidal a la gobernaci\u00f3n de la provincia de Buenos Aires para las elecciones 2015. \"El l\u00edder del PRO fundament\u00f3 la decisi\u00f3n en que \"Mar\u00eda Eugenia\u2026","rel":"","context":"En \u00abElecciones 2015\u00bb","block_context":{"text":"Elecciones 2015","link":"http:\/\/www.24baires.com\/?cat=74"},"img":{"alt_text":"vidal","src":"https:\/\/i0.wp.com\/www.24baires.com\/wp-content\/uploads\/2014\/05\/vidal2.jpg?resize=350%2C200","width":350,"height":200,"srcset":"https:\/\/i0.wp.com\/www.24baires.com\/wp-content\/uploads\/2014\/05\/vidal2.jpg?resize=350%2C200 1x, https:\/\/i0.wp.com\/www.24baires.com\/wp-content\/uploads\/2014\/05\/vidal2.jpg?resize=525%2C300 1.5x"},"classes":[]},{"id":112699,"url":"http:\/\/www.24baires.com\/?p=112699","url_meta":{"origin":62304,"position":1},"title":"Fue el turno de Macri: \u00abHay que esperar, las boca de urna no tienen rigor cient\u00edfico\u00bb","author":"GB","date":"27\/10\/2019","format":false,"excerpt":"El actual mandatario emiti\u00f3 su sufragio en una escuela de Palermo y busca el milagro de revertir el resultado de las PASO. El presidente de la Naci\u00f3n, Mauricio Macri, emiti\u00f3 su voto en la escuela Wenceslao Posse, del barrio porte\u00f1o de Palermo. El candidato de Juntos por el Cambio emiti\u00f3\u2026","rel":"","context":"En \u00abELECCIONES 2019\u00bb","block_context":{"text":"ELECCIONES 2019","link":"http:\/\/www.24baires.com\/?cat=329"},"img":{"alt_text":"","src":"https:\/\/i0.wp.com\/www.24baires.com\/wp-content\/uploads\/2019\/10\/maccri-voto.jpg?resize=350%2C200","width":350,"height":200,"srcset":"https:\/\/i0.wp.com\/www.24baires.com\/wp-content\/uploads\/2019\/10\/maccri-voto.jpg?resize=350%2C200 1x, https:\/\/i0.wp.com\/www.24baires.com\/wp-content\/uploads\/2019\/10\/maccri-voto.jpg?resize=525%2C300 1.5x"},"classes":[]},{"id":67385,"url":"http:\/\/www.24baires.com\/?p=67385","url_meta":{"origin":62304,"position":2},"title":"Macri: \u00abEstamos trabajando para que el kirchnerismo no gobierne cuatro a\u00f1os m\u00e1s\u00bb","author":"AF","date":"11\/06\/2015","format":false,"excerpt":"Adem\u00e1s, el jefe de Gobierno porte\u00f1o, Mauricio Macri, cont\u00f3 que hubo conversaciones con Ernesto Sanz y Elisa Carri\u00f3 y se analiz\u00f3 la posibilidad de permitir el ingreso de Massa. Pero no hubo acuerdo. El l\u00edder del Frente Renovador, Sergio Massa, confirm\u00f3 ayer que no bajar\u00e1 su candidatura presidencial. \"Voy a\u2026","rel":"","context":"En \u00abElecciones 2015\u00bb","block_context":{"text":"Elecciones 2015","link":"http:\/\/www.24baires.com\/?cat=74"},"img":{"alt_text":"macri 3","src":"https:\/\/i0.wp.com\/www.24baires.com\/wp-content\/uploads\/2014\/09\/macri-3.jpg?resize=350%2C200","width":350,"height":200,"srcset":"https:\/\/i0.wp.com\/www.24baires.com\/wp-content\/uploads\/2014\/09\/macri-3.jpg?resize=350%2C200 1x, https:\/\/i0.wp.com\/www.24baires.com\/wp-content\/uploads\/2014\/09\/macri-3.jpg?resize=525%2C300 1.5x"},"classes":[]},{"id":117340,"url":"http:\/\/www.24baires.com\/?p=117340","url_meta":{"origin":62304,"position":3},"title":"\u00abTrabajaremos para tener un gobernador y un presidente radical\u00bb, dijo Abad","author":"GB","date":"22\/03\/2021","format":false,"excerpt":"El marplatense se impuso sobre Gustavo Posse y ser\u00e1 el nuevo presidente de la UCR bonaerense El jefe del bloque de Juntos por el Cambio en la Legislatura platense, Maximiliano Abad, asegur\u00f3 que buscar\u00e1n \u201ctener un gobernador y un presidente radical en 2023\u201d, tras proclamarse ganador en los comicios internos\u2026","rel":"","context":"En \u00abProvincia\u00bb","block_context":{"text":"Provincia","link":"http:\/\/www.24baires.com\/?cat=40"},"img":{"alt_text":"","src":"https:\/\/i0.wp.com\/www.24baires.com\/wp-content\/uploads\/2021\/03\/0003268108.jpg?resize=350%2C200","width":350,"height":200,"srcset":"https:\/\/i0.wp.com\/www.24baires.com\/wp-content\/uploads\/2021\/03\/0003268108.jpg?resize=350%2C200 1x, https:\/\/i0.wp.com\/www.24baires.com\/wp-content\/uploads\/2021\/03\/0003268108.jpg?resize=525%2C300 1.5x"},"classes":[]},{"id":66557,"url":"http:\/\/www.24baires.com\/?p=66557","url_meta":{"origin":62304,"position":4},"title":"Gustavo Posse ser\u00e1 nuevamente candidato en San Isidro","author":"GB","date":"26\/05\/2015","format":false,"excerpt":"Tras dejar el Frente Renovador y reclamar reiteradas veces que la oposici\u00f3n se junte en una gran PASO para derrotar al kirchnerismo, el jefe comunal se tom\u00f3 menos de una semana para comunicarle a su c\u00edrculo \u00edntimo que ir\u00e1 por la reelecci\u00f3n. El possismo afirma en la intimidad que Mauricio\u2026","rel":"","context":"En \u00abElecciones 2015\u00bb","block_context":{"text":"Elecciones 2015","link":"http:\/\/www.24baires.com\/?cat=74"},"img":{"alt_text":"gustavo posse","src":"https:\/\/i0.wp.com\/www.24baires.com\/wp-content\/uploads\/2014\/10\/gustavo-posse.jpg?resize=350%2C200","width":350,"height":200,"srcset":"https:\/\/i0.wp.com\/www.24baires.com\/wp-content\/uploads\/2014\/10\/gustavo-posse.jpg?resize=350%2C200 1x, https:\/\/i0.wp.com\/www.24baires.com\/wp-content\/uploads\/2014\/10\/gustavo-posse.jpg?resize=525%2C300 1.5x"},"classes":[]},{"id":61152,"url":"http:\/\/www.24baires.com\/?p=61152","url_meta":{"origin":62304,"position":5},"title":"Posse vuelve a coquetear con el PRO","author":"Grupo Sierra","date":"02\/02\/2015","format":false,"excerpt":"El por ahora intendente radical-massista reconoci\u00f3 que participar\u00eda de la misma interna que van Macri-Carri\u00f3 como candidato a para el Sill\u00f3n de Dardo Rocha. Su futuro apunta a estar en el partido amarrillo. El intendente de San Isidro, Gustavo Posse, se mostr\u00f3 entusiasta por el acuerdo del jefe de Gobierno\u2026","rel":"","context":"En \u00abElecciones 2015\u00bb","block_context":{"text":"Elecciones 2015","link":"http:\/\/www.24baires.com\/?cat=74"},"img":{"alt_text":"gustavo posse","src":"https:\/\/i0.wp.com\/www.24baires.com\/wp-content\/uploads\/2014\/10\/gustavo-posse.jpg?resize=350%2C200","width":350,"height":200,"srcset":"https:\/\/i0.wp.com\/www.24baires.com\/wp-content\/uploads\/2014\/10\/gustavo-posse.jpg?resize=350%2C200 1x, https:\/\/i0.wp.com\/www.24baires.com\/wp-content\/uploads\/2014\/10\/gustavo-posse.jpg?resize=525%2C300 1.5x"},"classes":[]}],"jetpack_sharing_enabled":true,"jetpack_likes_enabled":true,"jetpack_featured_media_url":"","_links":{"self":[{"href":"http:\/\/www.24baires.com\/index.php?rest_route=\/wp\/v2\/posts\/62304","targetHints":{"allow":["GET"]}}],"collection":[{"href":"http:\/\/www.24baires.com\/index.php?rest_route=\/wp\/v2\/posts"}],"about":[{"href":"http:\/\/www.24baires.com\/index.php?rest_route=\/wp\/v2\/types\/post"}],"author":[{"embeddable":true,"href":"http:\/\/www.24baires.com\/index.php?rest_route=\/wp\/v2\/users\/4"}],"replies":[{"embeddable":true,"href":"http:\/\/www.24baires.com\/index.php?rest_route=%2Fwp%2Fv2%2Fcomments&post=62304"}],"version-history":[{"count":1,"href":"http:\/\/www.24baires.com\/index.php?rest_route=\/wp\/v2\/posts\/62304\/revisions"}],"predecessor-version":[{"id":62305,"href":"http:\/\/www.24baires.com\/index.php?rest_route=\/wp\/v2\/posts\/62304\/revisions\/62305"}],"wp:attachment":[{"href":"http:\/\/www.24baires.com\/index.php?rest_route=%2Fwp%2Fv2%2Fmedia&parent=62304"}],"wp:term":[{"taxonomy":"category","embeddable":true,"href":"http:\/\/www.24baires.com\/index.php?rest_route=%2Fwp%2Fv2%2Fcategories&post=62304"},{"taxonomy":"post_tag","embeddable":true,"href":"http:\/\/www.24baires.com\/index.php?rest_route=%2Fwp%2Fv2%2Ftags&post=62304"}],"curies":[{"name":"wp","href":"https:\/\/api.w.org\/{rel}","templated":true}]}}