{"id":62302,"date":"2015-02-26T10:00:23","date_gmt":"2015-02-26T13:00:23","guid":{"rendered":"http:\/\/www.24baires.com\/?p=62302"},"modified":"2015-02-27T10:46:04","modified_gmt":"2015-02-27T13:46:04","slug":"capitanich-la-ley-de-inteligencia-permite-saldar-una-deuda-de-la-democracia","status":"publish","type":"post","link":"http:\/\/www.24baires.com\/?p=62302","title":{"rendered":"Capitanich: \u00abLa Ley de Inteligencia permite saldar una deuda de la democracia\u00bb"},"content":{"rendered":"<p><img data-recalc-dims=\"1\" loading=\"lazy\" decoding=\"async\" class=\"aligncenter size-full wp-image-53421\" src=\"https:\/\/i0.wp.com\/www.24baires.com\/wp-content\/uploads\/2014\/09\/capitanich-4.jpg?resize=560%2C313\" alt=\"capitanich 4\" width=\"560\" height=\"313\" srcset=\"https:\/\/i0.wp.com\/www.24baires.com\/wp-content\/uploads\/2014\/09\/capitanich-4.jpg?w=560 560w, https:\/\/i0.wp.com\/www.24baires.com\/wp-content\/uploads\/2014\/09\/capitanich-4.jpg?resize=300%2C167 300w\" sizes=\"auto, (max-width: 560px) 100vw, 560px\" \/>El jefe de Gabinete, Jorge Capitanich, celebr\u00f3 hoy la sanci\u00f3n de la nueva ley que crea la Agencia Federal de Inteligencia (AFI), aprobada esta madrugada por la C\u00e1mara de Diputados.<!--more--><\/p>\n<p>\u00abPermite transparencia en el control y supervisi\u00f3n de recursos y generar condiciones para que un \u00f3rgano intrapoder tenga a su cargo escuchas telef\u00f3nicas (utilizadas) en investigaciones judiciales\u00bb, se\u00f1al\u00f3 el funcionario nacional en conferencia de prensa desde Casa de Gobierno.<\/p>\n<p>El proyecto de ley por el cual se crea la nueva Agencia Federal de Inteligencia y se disuelve la Secretar\u00eda de Inteligencia, fue aprobado esta madrugada con 131 votos afirmativos y 71 negativos.<\/p>\n<p>En ese marco, Capitanich indic\u00f3 que durante la sesi\u00f3n de ayer tambi\u00e9n fue aprobado el acuerdo con la Rep\u00fablica Popular de China, y destac\u00f3 que con el mismo, \u00abqueda claro la preservaci\u00f3n de derechos laborales y el fortalecimiento y la expansi\u00f3n de las empresas locales\u00bb.<\/p>\n<p>El acuerdo fue aprobado en Diputados por 133 votos a favor y 108 en contra y ratifica convenios de cooperaci\u00f3n econ\u00f3mica y tecnol\u00f3gica suscriptos entre Argentina y China con fines pac\u00edficos y la construcci\u00f3n de una estaci\u00f3n cient\u00edfica china en la provincia de Neuqu\u00e9n.<\/p>\n","protected":false},"excerpt":{"rendered":"<p>El jefe de Gabinete, Jorge Capitanich, celebr\u00f3 hoy la sanci\u00f3n de la nueva ley que crea la Agencia Federal de Inteligencia (AFI), aprobada esta madrugada por la C\u00e1mara de Diputados.<\/p>\n","protected":false},"author":4,"featured_media":0,"comment_status":"open","ping_status":"open","sticky":false,"template":"","format":"standard","meta":{"_jetpack_newsletter_access":"","_jetpack_dont_email_post_to_subs":false,"_jetpack_newsletter_tier_id":0,"_jetpack_memberships_contains_paywalled_content":false,"_jetpack_memberships_contains_paid_content":false,"footnotes":""},"categories":[51],"tags":[],"class_list":["post-62302","post","type-post","status-publish","format-standard","hentry","category-politica"],"jetpack_shortlink":"https:\/\/wp.me\/p2JWE0-gcS","jetpack-related-posts":[{"id":60786,"url":"http:\/\/www.24baires.com\/?p=60786","url_meta":{"origin":62302,"position":0},"title":"Capitanich: la creaci\u00f3n de la Agencia Federal de Inteligencia es un \u00abavance cualitativo\u00bb","author":"AF","date":"27\/01\/2015","format":false,"excerpt":"El jefe de Gabinete, Jorge Capitanich, calific\u00f3 de \u201cavance cualitativo importante\u201d para el pa\u00eds la decisi\u00f3n de la presidenta Cristina Fern\u00e1ndez de Kirchner enviar al Congreso un proyecto de ley para disolver la Secretar\u00eda de Inteligencia y crear una Agencia Federal de Inteligencia. Al referirse al tema durante su conferencia\u2026","rel":"","context":"En \u00abPol\u00edtica\u00bb","block_context":{"text":"Pol\u00edtica","link":"http:\/\/www.24baires.com\/?cat=51"},"img":{"alt_text":"capitanich 4","src":"https:\/\/i0.wp.com\/www.24baires.com\/wp-content\/uploads\/2014\/09\/capitanich-4.jpg?resize=350%2C200","width":350,"height":200,"srcset":"https:\/\/i0.wp.com\/www.24baires.com\/wp-content\/uploads\/2014\/09\/capitanich-4.jpg?resize=350%2C200 1x, https:\/\/i0.wp.com\/www.24baires.com\/wp-content\/uploads\/2014\/09\/capitanich-4.jpg?resize=525%2C300 1.5x"},"classes":[]},{"id":60827,"url":"http:\/\/www.24baires.com\/?p=60827","url_meta":{"origin":62302,"position":1},"title":"Cristina-AMIA, la reuni\u00f3n esperada","author":"Grupo Sierra","date":"27\/01\/2015","format":false,"excerpt":"La Presidenta se reuni\u00f3 en Olivos con miembros de la Asociaci\u00f3n 18J Familiares, Sobrevivientes y Amigos de las V\u00edctimas del Atentado, encabezados por su referente, Sergio Burstein, quien calific\u00f3 de \"un acto de una valent\u00eda incre\u00edble\" la decisi\u00f3n de la jefa de Estado la de enviar al Congreso un proyecto\u2026","rel":"","context":"En \u00abGeneral\u00bb","block_context":{"text":"General","link":"http:\/\/www.24baires.com\/?cat=67"},"img":{"alt_text":"","src":"https:\/\/i0.wp.com\/www.24baires.com\/wp-content\/uploads\/2015\/01\/cristina-amia.jpg?resize=350%2C200","width":350,"height":200,"srcset":"https:\/\/i0.wp.com\/www.24baires.com\/wp-content\/uploads\/2015\/01\/cristina-amia.jpg?resize=350%2C200 1x, https:\/\/i0.wp.com\/www.24baires.com\/wp-content\/uploads\/2015\/01\/cristina-amia.jpg?resize=525%2C300 1.5x"},"classes":[]},{"id":116123,"url":"http:\/\/www.24baires.com\/?p=116123","url_meta":{"origin":62302,"position":2},"title":"\u00abLa Argentina central que tiene periferias no se puede tolerar m\u00e1s\u00bb","author":"AF","date":"01\/09\/2020","format":false,"excerpt":"El Presidente encabez\u00f3 la firma de convenios con el gobernador de Chaco, Jorge Capitanich. En ese marco, defendi\u00f3 el acceso a la conectividad y al conocimiento en todo el pa\u00eds. El presidente Alberto Fern\u00e1ndez reafirm\u00f3 que \"la Argentina central, que tiene dos periferias, al norte y a sur del pa\u00eds,\u2026","rel":"","context":"En \u00abPol\u00edtica\u00bb","block_context":{"text":"Pol\u00edtica","link":"http:\/\/www.24baires.com\/?cat=51"},"img":{"alt_text":"","src":"https:\/\/i0.wp.com\/www.24baires.com\/wp-content\/uploads\/2020\/09\/fern%C3%A1ndez-capitanich.jpg?resize=350%2C200","width":350,"height":200,"srcset":"https:\/\/i0.wp.com\/www.24baires.com\/wp-content\/uploads\/2020\/09\/fern%C3%A1ndez-capitanich.jpg?resize=350%2C200 1x, https:\/\/i0.wp.com\/www.24baires.com\/wp-content\/uploads\/2020\/09\/fern%C3%A1ndez-capitanich.jpg?resize=525%2C300 1.5x"},"classes":[]},{"id":61223,"url":"http:\/\/www.24baires.com\/?p=61223","url_meta":{"origin":62302,"position":3},"title":"Capitanich: \u201cEs lamentable que la oposici\u00f3n no participe del debate sobre Inteligencia\u00bb","author":"AF","date":"04\/02\/2015","format":false,"excerpt":"El jefe de Gabinete, Jorge Capitanich, calific\u00f3 adem\u00e1s de \"incomprensible\" la actitud que adopt\u00f3 la oposici\u00f3n con respecto a la discusi\u00f3n de la reforma a la ley de Inteligencia en el Senado. \u201cEs verdaderamente lamentable que la oposici\u00f3n no participe de un debate de tanta trascendencia, porque se trata de\u2026","rel":"","context":"En \u00abPol\u00edtica\u00bb","block_context":{"text":"Pol\u00edtica","link":"http:\/\/www.24baires.com\/?cat=51"},"img":{"alt_text":"capitanich","src":"https:\/\/i0.wp.com\/www.24baires.com\/wp-content\/uploads\/2014\/04\/capitanich.jpg?resize=350%2C200","width":350,"height":200,"srcset":"https:\/\/i0.wp.com\/www.24baires.com\/wp-content\/uploads\/2014\/04\/capitanich.jpg?resize=350%2C200 1x, https:\/\/i0.wp.com\/www.24baires.com\/wp-content\/uploads\/2014\/04\/capitanich.jpg?resize=525%2C300 1.5x"},"classes":[]},{"id":62277,"url":"http:\/\/www.24baires.com\/?p=62277","url_meta":{"origin":62302,"position":4},"title":"Extenso debate en Diputados por el proyecto de Inteligencia","author":"Grupo Sierra","date":"25\/02\/2015","format":false,"excerpt":"La C\u00e1mara baja trata desde el mediod\u00eda en sesi\u00f3n especial el proyecto que reformula el sistema de Inteligencia nacional y la aporbaci\u00f3n de los acuerdos con China. La C\u00e1mara de Diputados comenz\u00f3 a las 12.15, con 134 diputados presentes, una sesi\u00f3n especial para debatir y convertir en ley el proyecto\u2026","rel":"","context":"En \u00abLegislativo\u00bb","block_context":{"text":"Legislativo","link":"http:\/\/www.24baires.com\/?cat=75"},"img":{"alt_text":"congreso","src":"https:\/\/i0.wp.com\/www.24baires.com\/wp-content\/uploads\/2014\/09\/congreso.jpg?resize=350%2C200","width":350,"height":200,"srcset":"https:\/\/i0.wp.com\/www.24baires.com\/wp-content\/uploads\/2014\/09\/congreso.jpg?resize=350%2C200 1x, https:\/\/i0.wp.com\/www.24baires.com\/wp-content\/uploads\/2014\/09\/congreso.jpg?resize=525%2C300 1.5x"},"classes":[]},{"id":59935,"url":"http:\/\/www.24baires.com\/?p=59935","url_meta":{"origin":62302,"position":5},"title":"\u00abLa posici\u00f3n argentina de condena al terrorismo es absolutamente clara e indubitable\u00bb","author":"AF","date":"12\/01\/2015","format":false,"excerpt":"El Jefe de Gabinete, Jorge Capitanich, reiter\u00f3 en su habitual ronda de prensa, la posici\u00f3n argentina de repudio y condena \"al terrorismo en todas su formas\". El jefe de Gabinete, Jorge Capitanich, reiter\u00f3 la condena de nuestro pa\u00eds al terrorismo \u201cen todas sus formas\", al tiempo que asegur\u00f3 que \"la\u2026","rel":"","context":"En \u00abPol\u00edtica\u00bb","block_context":{"text":"Pol\u00edtica","link":"http:\/\/www.24baires.com\/?cat=51"},"img":{"alt_text":"capitanich soberan\u00eda","src":"https:\/\/i0.wp.com\/www.24baires.com\/wp-content\/uploads\/2014\/11\/capitanich-soberan%C3%ADa.jpg?resize=350%2C200","width":350,"height":200,"srcset":"https:\/\/i0.wp.com\/www.24baires.com\/wp-content\/uploads\/2014\/11\/capitanich-soberan%C3%ADa.jpg?resize=350%2C200 1x, https:\/\/i0.wp.com\/www.24baires.com\/wp-content\/uploads\/2014\/11\/capitanich-soberan%C3%ADa.jpg?resize=525%2C300 1.5x"},"classes":[]}],"jetpack_sharing_enabled":true,"jetpack_likes_enabled":true,"jetpack_featured_media_url":"","_links":{"self":[{"href":"http:\/\/www.24baires.com\/index.php?rest_route=\/wp\/v2\/posts\/62302","targetHints":{"allow":["GET"]}}],"collection":[{"href":"http:\/\/www.24baires.com\/index.php?rest_route=\/wp\/v2\/posts"}],"about":[{"href":"http:\/\/www.24baires.com\/index.php?rest_route=\/wp\/v2\/types\/post"}],"author":[{"embeddable":true,"href":"http:\/\/www.24baires.com\/index.php?rest_route=\/wp\/v2\/users\/4"}],"replies":[{"embeddable":true,"href":"http:\/\/www.24baires.com\/index.php?rest_route=%2Fwp%2Fv2%2Fcomments&post=62302"}],"version-history":[{"count":1,"href":"http:\/\/www.24baires.com\/index.php?rest_route=\/wp\/v2\/posts\/62302\/revisions"}],"predecessor-version":[{"id":62303,"href":"http:\/\/www.24baires.com\/index.php?rest_route=\/wp\/v2\/posts\/62302\/revisions\/62303"}],"wp:attachment":[{"href":"http:\/\/www.24baires.com\/index.php?rest_route=%2Fwp%2Fv2%2Fmedia&parent=62302"}],"wp:term":[{"taxonomy":"category","embeddable":true,"href":"http:\/\/www.24baires.com\/index.php?rest_route=%2Fwp%2Fv2%2Fcategories&post=62302"},{"taxonomy":"post_tag","embeddable":true,"href":"http:\/\/www.24baires.com\/index.php?rest_route=%2Fwp%2Fv2%2Ftags&post=62302"}],"curies":[{"name":"wp","href":"https:\/\/api.w.org\/{rel}","templated":true}]}}