{"id":62275,"date":"2015-02-25T17:30:29","date_gmt":"2015-02-25T20:30:29","guid":{"rendered":"http:\/\/www.24baires.com\/?p=62275"},"modified":"2015-02-25T16:59:39","modified_gmt":"2015-02-25T19:59:39","slug":"el-dia-de-su-cumpleanos-nestorcumplesuenos-en-tendencia-en-las-redes-sociales","status":"publish","type":"post","link":"http:\/\/www.24baires.com\/?p=62275","title":{"rendered":"El d\u00eda de su cumplea\u00f1os, #NestorCumpleSue\u00f1os en tendencia en las redes sociales"},"content":{"rendered":"<p><img data-recalc-dims=\"1\" loading=\"lazy\" decoding=\"async\" class=\"aligncenter size-full wp-image-22037\" src=\"https:\/\/i0.wp.com\/www.24baires.com\/wp-content\/uploads\/2013\/04\/n%C3%A9stor-k.jpg?resize=560%2C335\" alt=\"n\u00e9stor k\" width=\"560\" height=\"335\" srcset=\"https:\/\/i0.wp.com\/www.24baires.com\/wp-content\/uploads\/2013\/04\/n%C3%A9stor-k.jpg?w=560 560w, https:\/\/i0.wp.com\/www.24baires.com\/wp-content\/uploads\/2013\/04\/n%C3%A9stor-k.jpg?resize=300%2C179 300w\" sizes=\"auto, (max-width: 560px) 100vw, 560px\" \/>Los usuarios conmemoran el d\u00eda en el que el ex presidente hubiera cumplido 65 a\u00f1os. La primera fue la Presidenta en su cuenta de Facebook. Bajo el hashtag #NestorCumpleSue\u00f1os se encuentra entre las principales tendencias nacionales de la red social, con fotos, frases y homenajes.<!--more--><\/p>\n<p>La presidenta Cristina Fern\u00e1ndez de Kirchner, as\u00ed como dirigentes pol\u00edticos y usuarios de las redes sociales, recordaron la figura y el legado del ex presidente N\u00e9stor Kirchner, en el d\u00eda en que cumplir\u00eda 65 a\u00f1os.<\/p>\n<p>La mandataria poste\u00f3 en su cuenta oficial de Facebook una foto en blanco y negro del ex presidente, con el texto: \u00abHoy, cumplea\u00f1os 65 de N\u00e9stor Kirchner #Tenemospatria\u00bb.<\/p>\n<p>Por su parte, el jefe de Gabinete, Jorge Capitanich, le rindi\u00f3 un homenaje en la habitual rueda de prensa que brinda todas las ma\u00f1anas en Casa de Gobierno, al recordarlo como \u00abun patriota que tuvo una visi\u00f3n estrat\u00e9gica respecto de la integraci\u00f3n y la unidad latinoamericana, pero sobre todas las cosas como un profundo transformador de la realidad argentina\u00bb.<\/p>\n<p>\u00abLos argentinos le debemos un homenaje muy sincero, profundo por su convicci\u00f3n, su capacidad para transformar la Argentina y conducir los destinos de la patria en momentos aciagos y dif\u00edciles, por devolvernos la dignidad\u00bb, agreg\u00f3 el jefe de Gabinete.<\/p>\n<p>A su vez, el cumplea\u00f1os de Kirchner, fallecido en 2010, fue recordado en la C\u00e1mara de Diputados con un aplauso a partir de una solicitud realizada por la jefa del bloque del FPV, Juliana Di Tullio.<\/p>\n<p>En Twitter, funcionarios, dirigentes y usuarios comunes utilizan el hashtag (etiqueta) #NestorCumpleSue\u00f1os para recordar su figura, con fotos, frases y citas del ex presidente fallecido.<\/p>\n<p>Estas son algunas de las publicaciones en la red de microblogging:<\/p>\n<p>&#8211; \u201cEn su cumple el mejor homenaje es seguir haciendo los cambios necesarios.Sigamos siendo transgresores x el bien com\u00fan\u201d (Alicia Kirchner, hermana del ex presidente y ministra de Desarrollo Social).<\/p>\n<p>&nbsp;<\/p>\n<p>&nbsp;<\/p>\n<p>&nbsp;<\/p>\n<p>&nbsp;<\/p>\n<p>&nbsp;<\/p>\n<p>&nbsp;<\/p>\n<p>&nbsp;<\/p>\n<p>&nbsp;<\/p>\n<p>&nbsp;<\/p>\n<p>&nbsp;<\/p>\n<p>&nbsp;<\/p>\n<p>&nbsp;<\/p>\n","protected":false},"excerpt":{"rendered":"<p>Los usuarios conmemoran el d\u00eda en el que el ex presidente hubiera cumplido 65 a\u00f1os. La primera fue la Presidenta en su cuenta de Facebook. Bajo el hashtag #NestorCumpleSue\u00f1os se encuentra entre las principales tendencias nacionales de la red social, con fotos, frases y homenajes.<\/p>\n","protected":false},"author":8,"featured_media":0,"comment_status":"open","ping_status":"open","sticky":false,"template":"","format":"standard","meta":{"_jetpack_newsletter_access":"","_jetpack_dont_email_post_to_subs":false,"_jetpack_newsletter_tier_id":0,"_jetpack_memberships_contains_paywalled_content":false,"_jetpack_memberships_contains_paid_content":false,"footnotes":""},"categories":[51],"tags":[],"class_list":["post-62275","post","type-post","status-publish","format-standard","hentry","category-politica"],"jetpack_shortlink":"https:\/\/wp.me\/p2JWE0-gcr","jetpack-related-posts":[{"id":61969,"url":"http:\/\/www.24baires.com\/?p=61969","url_meta":{"origin":62275,"position":0},"title":"#CristinaCumple es tendencia en redes sociales","author":"GB","date":"19\/02\/2015","format":false,"excerpt":"Mensajes, fotos, videos y frases de apoyo a la Presidenta se pueden leer en Twitter y Facebook en ocasi\u00f3n del cumplea\u00f1os 62 de la jefa de Estado. Referentes pol\u00edticos se sumaron al saludo. El hashtag #CristinaCumple, en el d\u00eda del cumplea\u00f1os de la presidenta Cristina Fern\u00e1ndez de Kirchner, encabeza las\u2026","rel":"","context":"En \u00abTecnolog\u00eda\u00bb","block_context":{"text":"Tecnolog\u00eda","link":"http:\/\/www.24baires.com\/?cat=46"},"img":{"alt_text":"cristina","src":"https:\/\/i0.wp.com\/www.24baires.com\/wp-content\/uploads\/2014\/12\/cristina3.jpg?resize=350%2C200","width":350,"height":200,"srcset":"https:\/\/i0.wp.com\/www.24baires.com\/wp-content\/uploads\/2014\/12\/cristina3.jpg?resize=350%2C200 1x, https:\/\/i0.wp.com\/www.24baires.com\/wp-content\/uploads\/2014\/12\/cristina3.jpg?resize=525%2C300 1.5x"},"classes":[]},{"id":108392,"url":"http:\/\/www.24baires.com\/?p=108392","url_meta":{"origin":62275,"position":1},"title":"Alberto y Cristina Fern\u00e1ndez presentaron su candidatura en Merlo","author":"AF","date":"26\/05\/2019","format":false,"excerpt":"El precandidato a presidente se present\u00f3 con su candidata a vice, la ex mandataria Cristina Kirchner: \"Yo estuve en el laberinto de la crisis y se c\u00f3mo salir\", enfatiz\u00f3 Alberto. Alberto Fern\u00e1ndez present\u00f3 su f\u00f3rmula junto a Cristina Kirchner de cara a las elecciones presidenciales de octubre en la que\u2026","rel":"","context":"En \u00abPol\u00edtica\u00bb","block_context":{"text":"Pol\u00edtica","link":"http:\/\/www.24baires.com\/?cat=51"},"img":{"alt_text":"","src":"https:\/\/i0.wp.com\/www.24baires.com\/wp-content\/uploads\/2019\/05\/alberto-cristina-fernandez-merlo.jpg?resize=350%2C200","width":350,"height":200,"srcset":"https:\/\/i0.wp.com\/www.24baires.com\/wp-content\/uploads\/2019\/05\/alberto-cristina-fernandez-merlo.jpg?resize=350%2C200 1x, https:\/\/i0.wp.com\/www.24baires.com\/wp-content\/uploads\/2019\/05\/alberto-cristina-fernandez-merlo.jpg?resize=525%2C300 1.5x"},"classes":[]},{"id":108246,"url":"http:\/\/www.24baires.com\/?p=108246","url_meta":{"origin":62275,"position":2},"title":"Se confirm\u00f3 la f\u00f3rmula presidencial: Alberto Fern\u00e1ndez &#8211; Cristina Fern\u00e1ndez de Kirchner","author":"AF","date":"18\/05\/2019","format":false,"excerpt":"La ex presidenta anuncio por las redes sociales que acompa\u00f1ar\u00e1 al ex jefe de Gabinete como candidata a vicepresidenta. Reivindic\u00f3 su trabajo al lado de Nestor Kirchner y de ella, Record\u00f3 que \"tuvimos diferencias\" y lo destac\u00f3 en la tarea del rescatar al pa\u00eds del \"drama\" actual. El siguiente video\u2026","rel":"","context":"En \u00abPol\u00edtica\u00bb","block_context":{"text":"Pol\u00edtica","link":"http:\/\/www.24baires.com\/?cat=51"},"img":{"alt_text":"","src":"https:\/\/i0.wp.com\/www.24baires.com\/wp-content\/uploads\/2019\/05\/anibal-y-cristina.jpg?resize=350%2C200","width":350,"height":200,"srcset":"https:\/\/i0.wp.com\/www.24baires.com\/wp-content\/uploads\/2019\/05\/anibal-y-cristina.jpg?resize=350%2C200 1x, https:\/\/i0.wp.com\/www.24baires.com\/wp-content\/uploads\/2019\/05\/anibal-y-cristina.jpg?resize=525%2C300 1.5x"},"classes":[]},{"id":108071,"url":"http:\/\/www.24baires.com\/?p=108071","url_meta":{"origin":62275,"position":3},"title":"CFK present\u00f3 su libro y plante\u00f3 \u00abun contrato social de ciudadan\u00eda responsable\u00bb","author":"AF","date":"10\/05\/2019","format":false,"excerpt":"Cristina Kirchner present\u00f3 su libro ante una multitud reunida dentro y fuera del predio de La Rural. En tono coloquial, dijo que espera \u201cque sirva para el debate\u201d y plante\u00f3 un \u201ccontrato social de ciudadan\u00eda responsable\u201d que impulse el crecimiento econ\u00f3mico a partir del desarrollo del mercado interno. La ex\u2026","rel":"","context":"En \u00abPol\u00edtica\u00bb","block_context":{"text":"Pol\u00edtica","link":"http:\/\/www.24baires.com\/?cat=51"},"img":{"alt_text":"","src":"https:\/\/i0.wp.com\/www.24baires.com\/wp-content\/uploads\/2019\/05\/cristina-sinceramente.jpeg?resize=350%2C200","width":350,"height":200,"srcset":"https:\/\/i0.wp.com\/www.24baires.com\/wp-content\/uploads\/2019\/05\/cristina-sinceramente.jpeg?resize=350%2C200 1x, https:\/\/i0.wp.com\/www.24baires.com\/wp-content\/uploads\/2019\/05\/cristina-sinceramente.jpeg?resize=525%2C300 1.5x"},"classes":[]},{"id":120269,"url":"http:\/\/www.24baires.com\/?p=120269","url_meta":{"origin":62275,"position":4},"title":"Cristina a Macri: \u201cUsted es muy mentiroso, ingeniero\u201d","author":"AF","date":"10\/07\/2023","format":false,"excerpt":"Los ex mandatarios se cruzaron en Twitter por la pol\u00edtica energ\u00e9tica de sus gobiernos y la inauguraci\u00f3n de la obra en Salliquel\u00f3. El dirigente de Juntos por el Cambio hab\u00eda calificado al kirchnerismo como el \u201cpeor gobierno de la historia\u201d. La vicepresidenta Cristina Fern\u00e1ndez de Kirchner tild\u00f3 hoy de \u201cmuy\u2026","rel":"","context":"En \u00abPol\u00edtica\u00bb","block_context":{"text":"Pol\u00edtica","link":"http:\/\/www.24baires.com\/?cat=51"},"img":{"alt_text":"","src":"https:\/\/i0.wp.com\/www.24baires.com\/wp-content\/uploads\/2021\/10\/macri.jpg?resize=350%2C200","width":350,"height":200,"srcset":"https:\/\/i0.wp.com\/www.24baires.com\/wp-content\/uploads\/2021\/10\/macri.jpg?resize=350%2C200 1x, https:\/\/i0.wp.com\/www.24baires.com\/wp-content\/uploads\/2021\/10\/macri.jpg?resize=525%2C300 1.5x, https:\/\/i0.wp.com\/www.24baires.com\/wp-content\/uploads\/2021\/10\/macri.jpg?resize=700%2C400 2x"},"classes":[]},{"id":107773,"url":"http:\/\/www.24baires.com\/?p=107773","url_meta":{"origin":62275,"position":5},"title":"CFK presentar\u00e1 su libro \u00abSinceramente\u00bb","author":"AF","date":"23\/04\/2019","format":false,"excerpt":"La expresidenta lanzar\u00e1 el 26 de abril un texto que no es \"autobiogr\u00e1fico, ni tampoco una enumeraci\u00f3n de logros personales o pol\u00edticos\". \"Mauricio Macri es el caos y por eso creo firmemente que hay que volver a ordenar la Argentina\", se puede leer en un adelanto. La presentaci\u00f3n ser\u00e1 el\u2026","rel":"","context":"En \u00abPol\u00edtica\u00bb","block_context":{"text":"Pol\u00edtica","link":"http:\/\/www.24baires.com\/?cat=51"},"img":{"alt_text":"","src":"https:\/\/i0.wp.com\/www.24baires.com\/wp-content\/uploads\/2019\/04\/libro-cfk.jpg?resize=350%2C200","width":350,"height":200,"srcset":"https:\/\/i0.wp.com\/www.24baires.com\/wp-content\/uploads\/2019\/04\/libro-cfk.jpg?resize=350%2C200 1x, https:\/\/i0.wp.com\/www.24baires.com\/wp-content\/uploads\/2019\/04\/libro-cfk.jpg?resize=525%2C300 1.5x"},"classes":[]}],"jetpack_sharing_enabled":true,"jetpack_likes_enabled":true,"jetpack_featured_media_url":"","_links":{"self":[{"href":"http:\/\/www.24baires.com\/index.php?rest_route=\/wp\/v2\/posts\/62275","targetHints":{"allow":["GET"]}}],"collection":[{"href":"http:\/\/www.24baires.com\/index.php?rest_route=\/wp\/v2\/posts"}],"about":[{"href":"http:\/\/www.24baires.com\/index.php?rest_route=\/wp\/v2\/types\/post"}],"author":[{"embeddable":true,"href":"http:\/\/www.24baires.com\/index.php?rest_route=\/wp\/v2\/users\/8"}],"replies":[{"embeddable":true,"href":"http:\/\/www.24baires.com\/index.php?rest_route=%2Fwp%2Fv2%2Fcomments&post=62275"}],"version-history":[{"count":1,"href":"http:\/\/www.24baires.com\/index.php?rest_route=\/wp\/v2\/posts\/62275\/revisions"}],"predecessor-version":[{"id":62276,"href":"http:\/\/www.24baires.com\/index.php?rest_route=\/wp\/v2\/posts\/62275\/revisions\/62276"}],"wp:attachment":[{"href":"http:\/\/www.24baires.com\/index.php?rest_route=%2Fwp%2Fv2%2Fmedia&parent=62275"}],"wp:term":[{"taxonomy":"category","embeddable":true,"href":"http:\/\/www.24baires.com\/index.php?rest_route=%2Fwp%2Fv2%2Fcategories&post=62275"},{"taxonomy":"post_tag","embeddable":true,"href":"http:\/\/www.24baires.com\/index.php?rest_route=%2Fwp%2Fv2%2Ftags&post=62275"}],"curies":[{"name":"wp","href":"https:\/\/api.w.org\/{rel}","templated":true}]}}