{"id":62266,"date":"2015-02-25T15:30:36","date_gmt":"2015-02-25T18:30:36","guid":{"rendered":"http:\/\/www.24baires.com\/?p=62266"},"modified":"2015-02-25T15:23:34","modified_gmt":"2015-02-25T18:23:34","slug":"reutemann-considero-que-la-relacion-con-massa-se-enfrio","status":"publish","type":"post","link":"http:\/\/www.24baires.com\/?p=62266","title":{"rendered":"Reutemann consider\u00f3 que la relaci\u00f3n con Massa \u00abse enfri\u00f3\u00bb"},"content":{"rendered":"<p><img data-recalc-dims=\"1\" loading=\"lazy\" decoding=\"async\" class=\"aligncenter size-full wp-image-62083\" src=\"https:\/\/i0.wp.com\/www.24baires.com\/wp-content\/uploads\/2015\/02\/reuteman.jpg?resize=560%2C282\" alt=\"reuteman\" width=\"560\" height=\"282\" srcset=\"https:\/\/i0.wp.com\/www.24baires.com\/wp-content\/uploads\/2015\/02\/reuteman.jpg?w=560 560w, https:\/\/i0.wp.com\/www.24baires.com\/wp-content\/uploads\/2015\/02\/reuteman.jpg?resize=300%2C151 300w\" sizes=\"auto, (max-width: 560px) 100vw, 560px\" \/>El senador nacional santafesino Carlos Reutemann, confirm\u00f3 hoy que se produjo un \u201cenfriamiento\u201d en su relaci\u00f3n pol\u00edtica con Sergio Massa, en el marco del preacuerdo electoral que ten\u00edan de cara a las elecciones presidenciales.<!--more--><\/p>\n<p>\u201cCon (el referente del Frente Renovador, Sergio) Massa me pas\u00f3 algo parecido, tratamos de ver si el PJ se pod\u00eda unificar en una sola candidatura, el tiempo fue pasando y Massa ten\u00eda que instalar sus candidatos, y puso otros, trab\u00f3 la uni\u00f3n del PJ, y se produjo un enfriamiento\u00bb.<\/p>\n<p>Asimismo, dijo hoy que \u201cno se toc\u00f3 el tema\u201d de una eventual candidatura a vicepresidente en el marco de una f\u00f3rmula con el Jefe de Gobierno porte\u00f1o, Mauricio Macri, para las elecciones de octubre pr\u00f3ximo, aunque no descart\u00f3 que pudiera suceder en el futuro.<\/p>\n<p>Tambi\u00e9n afirm\u00f3 que su acercamiento con el l\u00edder del PRO \u201cviene en lo personal desde hace tiempo\u201d pero \u201cen lo pol\u00edtico se fue dando de a poco\u201d.<\/p>\n<p>&nbsp;<\/p>\n<p>&nbsp;<\/p>\n<p>&nbsp;<\/p>\n<p>&nbsp;<\/p>\n<p>&nbsp;<\/p>\n<p>&nbsp;<\/p>\n<p>&nbsp;<\/p>\n<p>&nbsp;<\/p>\n<p>&nbsp;<\/p>\n<p>&nbsp;<\/p>\n<p>&nbsp;<\/p>\n","protected":false},"excerpt":{"rendered":"<p>El senador nacional santafesino Carlos Reutemann, confirm\u00f3 hoy que se produjo un \u201cenfriamiento\u201d en su relaci\u00f3n pol\u00edtica con Sergio Massa, en el marco del preacuerdo electoral que ten\u00edan de cara a las elecciones presidenciales.<\/p>\n","protected":false},"author":8,"featured_media":0,"comment_status":"open","ping_status":"open","sticky":false,"template":"","format":"standard","meta":{"_jetpack_newsletter_access":"","_jetpack_dont_email_post_to_subs":false,"_jetpack_newsletter_tier_id":0,"_jetpack_memberships_contains_paywalled_content":false,"_jetpack_memberships_contains_paid_content":false,"footnotes":""},"categories":[51],"tags":[],"class_list":["post-62266","post","type-post","status-publish","format-standard","hentry","category-politica"],"jetpack_shortlink":"https:\/\/wp.me\/p2JWE0-gci","jetpack-related-posts":[{"id":107118,"url":"http:\/\/www.24baires.com\/?p=107118","url_meta":{"origin":62266,"position":0},"title":"El PJ invita a Massa y a los Gobernadores a una \u201cgran interna\u201d opositora","author":"GB","date":"07\/03\/2019","format":false,"excerpt":"El Partido Justicialista, en el orden nacional, celebra hoy un Congreso en el que se habilitar\u00e1 al espacio a conformar alianzas electorales. A su ingreso al estadio de Ferro, desde el kirchnerismo abrieron las puertas a espacios disidentes. Tal como el PJ Bonaerense hizo hace apenas unas semanas, el Partido\u2026","rel":"","context":"En \u00abProvincia\u00bb","block_context":{"text":"Provincia","link":"http:\/\/www.24baires.com\/?cat=40"},"img":{"alt_text":"","src":"https:\/\/i0.wp.com\/www.24baires.com\/wp-content\/uploads\/2019\/03\/congreso-justicialista.jpg?resize=350%2C200","width":350,"height":200,"srcset":"https:\/\/i0.wp.com\/www.24baires.com\/wp-content\/uploads\/2019\/03\/congreso-justicialista.jpg?resize=350%2C200 1x, https:\/\/i0.wp.com\/www.24baires.com\/wp-content\/uploads\/2019\/03\/congreso-justicialista.jpg?resize=525%2C300 1.5x"},"classes":[]},{"id":108487,"url":"http:\/\/www.24baires.com\/?p=108487","url_meta":{"origin":62266,"position":1},"title":"El massismo define si avanza en un frente con el kirchnerismo","author":"GB","date":"30\/05\/2019","format":false,"excerpt":"El Frente Renovador bonaerense realizar\u00e1 este jueves su congreso partidario para definir el futuro del partido de cara a las elecciones. El tema central de la cumbre en Parque Norte ser\u00e1 la posibilidad de avanzar en un frente com\u00fan con el kirchnerismo y el PJ bonaerense. El congreso de los\u2026","rel":"","context":"En \u00abPol\u00edtica\u00bb","block_context":{"text":"Pol\u00edtica","link":"http:\/\/www.24baires.com\/?cat=51"},"img":{"alt_text":"","src":"https:\/\/i0.wp.com\/www.24baires.com\/wp-content\/uploads\/2019\/05\/alternativa-federal.jpg?resize=350%2C200","width":350,"height":200,"srcset":"https:\/\/i0.wp.com\/www.24baires.com\/wp-content\/uploads\/2019\/05\/alternativa-federal.jpg?resize=350%2C200 1x, https:\/\/i0.wp.com\/www.24baires.com\/wp-content\/uploads\/2019\/05\/alternativa-federal.jpg?resize=525%2C300 1.5x"},"classes":[]},{"id":107227,"url":"http:\/\/www.24baires.com\/?p=107227","url_meta":{"origin":62266,"position":2},"title":"Massa volvi\u00f3 a descartar un acuerdo con Cristina","author":"GB","date":"15\/03\/2019","format":false,"excerpt":"Dijo que Unidad Ciudadana no forma parte del PJ y acus\u00f3 al kirchnerismo de \"discutir nombres y no el para qu\u00e9\". Vaticin\u00f3 que Cambiemos saldr\u00e1 tercero. Sergio Massa volvi\u00f3 a tomar distancia de Cristina Fern\u00e1ndez de Kirchner y rechaz\u00f3 la posibilidad de confluir en un mismo espacio electoral de cara\u2026","rel":"","context":"En \u00abLocales\u00bb","block_context":{"text":"Locales","link":"http:\/\/www.24baires.com\/?cat=38"},"img":{"alt_text":"","src":"https:\/\/i0.wp.com\/www.24baires.com\/wp-content\/uploads\/2017\/10\/massa-elecciones.jpg?resize=350%2C200","width":350,"height":200,"srcset":"https:\/\/i0.wp.com\/www.24baires.com\/wp-content\/uploads\/2017\/10\/massa-elecciones.jpg?resize=350%2C200 1x, https:\/\/i0.wp.com\/www.24baires.com\/wp-content\/uploads\/2017\/10\/massa-elecciones.jpg?resize=525%2C300 1.5x"},"classes":[]},{"id":33710,"url":"http:\/\/www.24baires.com\/?p=33710","url_meta":{"origin":62266,"position":3},"title":"Massa, Reutemann y Lavagna estuvieron juntos en Rojas","author":"GB","date":"17\/10\/2013","format":false,"excerpt":"El primer candidato a diputado nacional por el Frente Renovador recorri\u00f3 una estancia de la zona de Carabelas; all\u00ed, junto a intendentes del espacio que lidera, Massa afirm\u00f3: \"Nos podemos juntar, aprender del otro y trabajar juntos, compartir ideas y ponernos objetivos a futuro\". Rodeado del grupo de intendentes del\u2026","rel":"","context":"En \u00abELECCIONES 2013\u00bb","block_context":{"text":"ELECCIONES 2013","link":"http:\/\/www.24baires.com\/?cat=72"},"img":{"alt_text":"","src":"https:\/\/i0.wp.com\/www.24baires.com\/wp-content\/uploads\/2013\/10\/massa-reutemann-lavagna.jpg?resize=350%2C200","width":350,"height":200,"srcset":"https:\/\/i0.wp.com\/www.24baires.com\/wp-content\/uploads\/2013\/10\/massa-reutemann-lavagna.jpg?resize=350%2C200 1x, https:\/\/i0.wp.com\/www.24baires.com\/wp-content\/uploads\/2013\/10\/massa-reutemann-lavagna.jpg?resize=525%2C300 1.5x"},"classes":[]},{"id":46496,"url":"http:\/\/www.24baires.com\/?p=46496","url_meta":{"origin":62266,"position":4},"title":"Reutemann: \u00abDuhalde est\u00e1 gag\u00e1 o es un hijo de puta que est\u00e1 trabajando con Scioli\u00bb","author":"AF","date":"22\/05\/2014","format":false,"excerpt":"El senador peronista Carlos Reutemann carg\u00f3 contra el ex presidente de la Naci\u00f3n Eduardo Duhalde, quien lo hab\u00eda acusado de ser \"exponente del ego\u00edsmo\" y le hab\u00eda aconsejado \"jubilarse\". En di\u00e1logo con el diario La Capital de Santa Fe, Reutemann lanz\u00f3: \"Como [Duhalde] sabe que yo estoy apoyando a [Sergio]\u2026","rel":"","context":"En \u00abPol\u00edtica\u00bb","block_context":{"text":"Pol\u00edtica","link":"http:\/\/www.24baires.com\/?cat=51"},"img":{"alt_text":"duhalde","src":"https:\/\/i0.wp.com\/www.24baires.com\/wp-content\/uploads\/2014\/04\/duhalde.jpg?resize=350%2C200","width":350,"height":200,"srcset":"https:\/\/i0.wp.com\/www.24baires.com\/wp-content\/uploads\/2014\/04\/duhalde.jpg?resize=350%2C200 1x, https:\/\/i0.wp.com\/www.24baires.com\/wp-content\/uploads\/2014\/04\/duhalde.jpg?resize=525%2C300 1.5x"},"classes":[]},{"id":110749,"url":"http:\/\/www.24baires.com\/?p=110749","url_meta":{"origin":62266,"position":5},"title":"Massa se sum\u00f3 al frente opositor de Alberto y Cristina","author":"AF","date":"11\/06\/2019","format":false,"excerpt":"Despu\u00e9s de largas idas y vueltas, el l\u00edder del Frente Renovador acord\u00f3 una serie de puntos con el kirchnerismo y ser\u00e1 parte del armado con el que el PJ enfrentar\u00e1 a Cambiemos en las elecciones. A un d\u00eda del cierre de alianzas electorales, el frente pol\u00edtico que lideran Alberto Fern\u00e1nez\u2026","rel":"","context":"En \u00abPol\u00edtica\u00bb","block_context":{"text":"Pol\u00edtica","link":"http:\/\/www.24baires.com\/?cat=51"},"img":{"alt_text":"","src":"https:\/\/i0.wp.com\/www.24baires.com\/wp-content\/uploads\/2019\/06\/fern%C3%A1ndez-massa.png?resize=350%2C200","width":350,"height":200,"srcset":"https:\/\/i0.wp.com\/www.24baires.com\/wp-content\/uploads\/2019\/06\/fern%C3%A1ndez-massa.png?resize=350%2C200 1x, https:\/\/i0.wp.com\/www.24baires.com\/wp-content\/uploads\/2019\/06\/fern%C3%A1ndez-massa.png?resize=525%2C300 1.5x"},"classes":[]}],"jetpack_sharing_enabled":true,"jetpack_likes_enabled":true,"jetpack_featured_media_url":"","_links":{"self":[{"href":"http:\/\/www.24baires.com\/index.php?rest_route=\/wp\/v2\/posts\/62266","targetHints":{"allow":["GET"]}}],"collection":[{"href":"http:\/\/www.24baires.com\/index.php?rest_route=\/wp\/v2\/posts"}],"about":[{"href":"http:\/\/www.24baires.com\/index.php?rest_route=\/wp\/v2\/types\/post"}],"author":[{"embeddable":true,"href":"http:\/\/www.24baires.com\/index.php?rest_route=\/wp\/v2\/users\/8"}],"replies":[{"embeddable":true,"href":"http:\/\/www.24baires.com\/index.php?rest_route=%2Fwp%2Fv2%2Fcomments&post=62266"}],"version-history":[{"count":1,"href":"http:\/\/www.24baires.com\/index.php?rest_route=\/wp\/v2\/posts\/62266\/revisions"}],"predecessor-version":[{"id":62267,"href":"http:\/\/www.24baires.com\/index.php?rest_route=\/wp\/v2\/posts\/62266\/revisions\/62267"}],"wp:attachment":[{"href":"http:\/\/www.24baires.com\/index.php?rest_route=%2Fwp%2Fv2%2Fmedia&parent=62266"}],"wp:term":[{"taxonomy":"category","embeddable":true,"href":"http:\/\/www.24baires.com\/index.php?rest_route=%2Fwp%2Fv2%2Fcategories&post=62266"},{"taxonomy":"post_tag","embeddable":true,"href":"http:\/\/www.24baires.com\/index.php?rest_route=%2Fwp%2Fv2%2Ftags&post=62266"}],"curies":[{"name":"wp","href":"https:\/\/api.w.org\/{rel}","templated":true}]}}