{"id":62237,"date":"2015-02-25T10:00:21","date_gmt":"2015-02-25T13:00:21","guid":{"rendered":"http:\/\/www.24baires.com\/?p=62237"},"modified":"2015-02-25T19:52:10","modified_gmt":"2015-02-25T22:52:10","slug":"capitanich-macri-deberia-tomar-lecciones-de-doctrina-peronista","status":"publish","type":"post","link":"http:\/\/www.24baires.com\/?p=62237","title":{"rendered":"Capitanich: \u00abMacri deber\u00eda tomar lecciones de doctrina peronista\u00bb"},"content":{"rendered":"<p><img data-recalc-dims=\"1\" loading=\"lazy\" decoding=\"async\" class=\"aligncenter size-full wp-image-53422\" src=\"https:\/\/i0.wp.com\/www.24baires.com\/wp-content\/uploads\/2014\/09\/capitanich1.jpg?resize=560%2C420\" alt=\"capitanich\" width=\"560\" height=\"420\" srcset=\"https:\/\/i0.wp.com\/www.24baires.com\/wp-content\/uploads\/2014\/09\/capitanich1.jpg?w=560 560w, https:\/\/i0.wp.com\/www.24baires.com\/wp-content\/uploads\/2014\/09\/capitanich1.jpg?resize=300%2C225 300w\" sizes=\"auto, (max-width: 560px) 100vw, 560px\" \/>El jefe de Gabinete habl\u00f3 de soberan\u00eda pol\u00edtica, independencia econ\u00f3mica y justicia social, ejes doctrinarios del peronismo. \u00abMacri deber\u00eda aprender de qu\u00e9 se trata cada una, \u00abporque en realidad ha hecho otra cosa\u00bb, cerr\u00f3.<!--more--><br \/>\n\u201cMauricio Macri deber\u00eda tomar lecciones de doctrina peronista ahora que quiere levantar las banderas del peronismo\u201d, dijo Capitanich en su habitual conferencia de prensa matutina en Casa de Gobierno al ser consultado sobre las recientes declaraciones del pre-candidato del PRO, que reivindic\u00f3 \u201clas banderas del justicialismo\u201d.<\/p>\n<p>Ayer, tras acordar con el ex gobernador peronista de Santa Fe Carlos Reutemann, Macri declar\u00f3 que reivindicaba \u201ccien por cien las banderas del justicialismo\u201d, porque son ideas que \u201chay que sostener\u201d porque \u201cse basan en la b\u00fasqueda de la justicia social, la igualdad de oportunidades y el ascenso social\u00bb.<\/p>\n<p>Capitanich mencion\u00f3 las tres banderas del Peronismo -soberan\u00eda pol\u00edtica, independencia econ\u00f3mica y justicia social-, y dijo que Macri deber\u00eda aprender primero de qu\u00e9 se trata cada una, \u00abporque en realidad ha hecho otra cosa\u00bb.<\/p>\n<p>\u201cNosotros visualizamos claramente que desde el 25 mayo de 2003, ha habido con N\u00e9stor y con Cristina Kirchner una sola convicci\u00f3n, que es cumplir con los ideales que el peronismo ha promovido durante su historia, que son soberan\u00eda pol\u00edtica, independencia econ\u00f3mica y justicia social\u201d, consign\u00f3.<\/p>\n<p>Agreg\u00f3 que \u201cla verdadera democracia para el peronismo es aquella en donde el gobierno hace lo que el pueblo quiere y defiende sus intereses\u201d, y cit\u00f3 el ejemplo de la decisi\u00f3n del gobierno nacional de no pagar a los fondos buitre, algo con lo que Mauricio Macri no estuvo de acuerdo.<\/p>\n<p>\u201cEsta es la bandera que primero deber\u00eda aprender Macri, la de la soberan\u00eda pol\u00edtica\u201d, asever\u00f3 el Jefe de Ministros, que luego se\u00f1al\u00f3 que otra bandera que deber\u00eda defender es la de la independencia econ\u00f3mica, ya que no lo hizo cuando \u201cse opuso a la estatizaci\u00f3n de YPF, clave para el autoabastecimiento, o a la estatizaci\u00f3n de las AFJP, que robaron 60.000 millones de pesos a la gente\u201d.<\/p>\n<p>De paso, record\u00f3 que con el dinero que dejaron de robar las AFJP, el gobierno nacional sostiene programas sociales, como la asignaci\u00f3n universal por hijo, el plan Progresar para j\u00f3venes y la jubilaci\u00f3n anticipada, lo que vendr\u00eda a ser la tercera bandera, la de la justicia social, \u201cotra lecci\u00f3n que deber\u00eda aprender Macri\u201d, seg\u00fan consider\u00f3.<\/p>\n<p>\u201cEn definitiva, para ser peronista hay que defender las banderas, y para defender las banderas hay que tomar decisiones estrat\u00e9gicas, y no estar a favor de los bancos sino de la gente\u201d, redonde\u00f3, y recomend\u00f3: \u201cNo basta con pregonar principios, hay que realizarlos\u201d.<\/p>\n","protected":false},"excerpt":{"rendered":"<p>El jefe de Gabinete habl\u00f3 de soberan\u00eda pol\u00edtica, independencia econ\u00f3mica y justicia social, ejes doctrinarios del peronismo. \u00abMacri deber\u00eda aprender de qu\u00e9 se trata cada una, \u00abporque en realidad ha hecho otra cosa\u00bb, cerr\u00f3.<\/p>\n","protected":false},"author":4,"featured_media":0,"comment_status":"open","ping_status":"open","sticky":false,"template":"","format":"standard","meta":{"_jetpack_newsletter_access":"","_jetpack_dont_email_post_to_subs":false,"_jetpack_newsletter_tier_id":0,"_jetpack_memberships_contains_paywalled_content":false,"_jetpack_memberships_contains_paid_content":false,"footnotes":""},"categories":[51],"tags":[],"class_list":["post-62237","post","type-post","status-publish","format-standard","hentry","category-politica"],"jetpack_shortlink":"https:\/\/wp.me\/p2JWE0-gbP","jetpack-related-posts":[{"id":40935,"url":"http:\/\/www.24baires.com\/?p=40935","url_meta":{"origin":62237,"position":0},"title":"El PJ bonaerense convoc\u00f3 a la unidad y a movilizarse el 1\u00ba de marzo junto a Cristina","author":"Grupo Sierra","date":"22\/02\/2014","format":false,"excerpt":"SANTA TERESITA.- El jefe de Gabinete, Jorge Capitanich, asegur\u00f3 que \u201clas banderas de Justicia Social, Independencia Econ\u00f3mica y Soberan\u00eda Pol\u00edtica fueron enarboladas, promovidas y garantizadas\u201d durante el kirchnerismo, al disertar durante el cierre del encuentro organizado por el Partido Justicialista Bonaerense en la localidad balnearia de Santa Teresita. Ante cientos\u2026","rel":"","context":"En \u00abPol\u00edtica\u00bb","block_context":{"text":"Pol\u00edtica","link":"http:\/\/www.24baires.com\/?cat=51"},"img":{"alt_text":"","src":"https:\/\/i0.wp.com\/www.24baires.com\/wp-content\/uploads\/2014\/02\/PJ-sta-teresita.jpg?resize=350%2C200","width":350,"height":200,"srcset":"https:\/\/i0.wp.com\/www.24baires.com\/wp-content\/uploads\/2014\/02\/PJ-sta-teresita.jpg?resize=350%2C200 1x, https:\/\/i0.wp.com\/www.24baires.com\/wp-content\/uploads\/2014\/02\/PJ-sta-teresita.jpg?resize=525%2C300 1.5x"},"classes":[]},{"id":106057,"url":"http:\/\/www.24baires.com\/?p=106057","url_meta":{"origin":62237,"position":1},"title":"El PJ Bonaerense banc\u00f3 a Men\u00e9ndez y le apunt\u00f3 a Vidal y a Macri","author":"GB","date":"21\/12\/2018","format":false,"excerpt":"El peronismo provincial dijo que el intendente de Merlo es \"perseguido por la Justicia de forma cobarde\" y acus\u00f3 a Cambiemos de promover el fallo. Tambi\u00e9n le reclam\u00f3 a la Gobernadora que \"no distraiga m\u00e1s a la sociedad\" y que se dedique a \"gobernar para la inmensa mayor\u00eda de los\u2026","rel":"","context":"En \u00abLocales\u00bb","block_context":{"text":"Locales","link":"http:\/\/www.24baires.com\/?cat=38"},"img":{"alt_text":"","src":"https:\/\/i0.wp.com\/www.24baires.com\/wp-content\/uploads\/2018\/12\/pj-bo.jpg?resize=350%2C200","width":350,"height":200,"srcset":"https:\/\/i0.wp.com\/www.24baires.com\/wp-content\/uploads\/2018\/12\/pj-bo.jpg?resize=350%2C200 1x, https:\/\/i0.wp.com\/www.24baires.com\/wp-content\/uploads\/2018\/12\/pj-bo.jpg?resize=525%2C300 1.5x"},"classes":[]},{"id":102040,"url":"http:\/\/www.24baires.com\/?p=102040","url_meta":{"origin":62237,"position":2},"title":"El PJ Bonaerense acus\u00f3 a Macri de \u00abentregar el pa\u00eds al mejor postor\u00bb","author":"GB","date":"09\/05\/2018","format":false,"excerpt":"Denunci\u00f3 que el modelo econ\u00f3mico de Cambiemos es \"sin\u00f3nimo de fracaso, mentiras e inoperancia\" y le pidi\u00f3 al Gobierno que de marcha atr\u00e1s con el acuerdo con el FMI y convoque a la oposici\u00f3n para lograr \"una soluci\u00f3n superadora\". El Partido Justicialista de la provincia de Buenos Aires repudi\u00f3 el\u2026","rel":"","context":"En \u00abProvincia\u00bb","block_context":{"text":"Provincia","link":"http:\/\/www.24baires.com\/?cat=40"},"img":{"alt_text":"","src":"https:\/\/i0.wp.com\/www.24baires.com\/wp-content\/uploads\/2018\/05\/pj-bonaerense.jpg?resize=350%2C200","width":350,"height":200,"srcset":"https:\/\/i0.wp.com\/www.24baires.com\/wp-content\/uploads\/2018\/05\/pj-bonaerense.jpg?resize=350%2C200 1x, https:\/\/i0.wp.com\/www.24baires.com\/wp-content\/uploads\/2018\/05\/pj-bonaerense.jpg?resize=525%2C300 1.5x"},"classes":[]},{"id":101554,"url":"http:\/\/www.24baires.com\/?p=101554","url_meta":{"origin":62237,"position":3},"title":"M\u00e1ximo Kirchner vincul\u00f3 al Gobierno con la intervenci\u00f3n del PJ","author":"AF","date":"11\/04\/2018","format":false,"excerpt":"El diputado de Unidad Ciudadana acus\u00f3 al oficialismo de la arremetida judicial contra el peronismo porque \"no puede garantizar una victoria en el 2019\". M\u00e1ximo Kirchner critic\u00f3 la decisi\u00f3n de la jueza Mar\u00eda Servini por la intervenci\u00f3n del Partido Justicialista. En ese sentido dijo que el oficialismo influy\u00f3 en esa\u2026","rel":"","context":"En \u00abPol\u00edtica\u00bb","block_context":{"text":"Pol\u00edtica","link":"http:\/\/www.24baires.com\/?cat=51"},"img":{"alt_text":"","src":"https:\/\/i0.wp.com\/www.24baires.com\/wp-content\/uploads\/2015\/07\/m%C3%A1ximo-kirchner.jpg?resize=350%2C200","width":350,"height":200,"srcset":"https:\/\/i0.wp.com\/www.24baires.com\/wp-content\/uploads\/2015\/07\/m%C3%A1ximo-kirchner.jpg?resize=350%2C200 1x, https:\/\/i0.wp.com\/www.24baires.com\/wp-content\/uploads\/2015\/07\/m%C3%A1ximo-kirchner.jpg?resize=525%2C300 1.5x"},"classes":[]},{"id":103934,"url":"http:\/\/www.24baires.com\/?p=103934","url_meta":{"origin":62237,"position":4},"title":"Piden expulsar a Pichetto del PJ por conspirar contra Cristina","author":"AF","date":"16\/08\/2018","format":false,"excerpt":"Desde el Frente Nacional de Agrupaciones Peronistas piden expulsar a Pichetto del Partido Justicialista. \"Venimos viendo conductas antipartidarias\", aseguran. Desde el Frente Nacional de Agrupaciones Peronista piden la expulsi\u00f3n de Pichetto del partido Justicialista. As\u00ed lo comunic\u00f3 Marcelo Puella, uno de los que hizo la presentaci\u00f3n formal. \"Venimos viendo las\u2026","rel":"","context":"En \u00abPol\u00edtica\u00bb","block_context":{"text":"Pol\u00edtica","link":"http:\/\/www.24baires.com\/?cat=51"},"img":{"alt_text":"","src":"https:\/\/i0.wp.com\/www.24baires.com\/wp-content\/uploads\/2014\/05\/pichetto.jpg?resize=350%2C200","width":350,"height":200,"srcset":"https:\/\/i0.wp.com\/www.24baires.com\/wp-content\/uploads\/2014\/05\/pichetto.jpg?resize=350%2C200 1x, https:\/\/i0.wp.com\/www.24baires.com\/wp-content\/uploads\/2014\/05\/pichetto.jpg?resize=525%2C300 1.5x"},"classes":[]},{"id":55606,"url":"http:\/\/www.24baires.com\/?p=55606","url_meta":{"origin":62237,"position":5},"title":"\u00abUn peronista no debe creerse menos de lo que es ni m\u00e1s de lo que debe ser\u00bb","author":"AF","date":"18\/10\/2014","format":false,"excerpt":"El jefe de Gabinete Jorge Capitanich encabez\u00f3 en la localidad chaque\u00f1a de Campo Largo, un acto por el D\u00eda de la Lealtad, donde afirm\u00f3 que \"un peronista no debe creerse menos de lo que es ni m\u00e1s de lo que debe ser, porque cuando un peronista se cree m\u00e1s se\u2026","rel":"","context":"En \u00abPol\u00edtica\u00bb","block_context":{"text":"Pol\u00edtica","link":"http:\/\/www.24baires.com\/?cat=51"},"img":{"alt_text":"","src":"https:\/\/i0.wp.com\/www.24baires.com\/wp-content\/uploads\/2014\/10\/capitanich-17O.jpg?resize=350%2C200","width":350,"height":200,"srcset":"https:\/\/i0.wp.com\/www.24baires.com\/wp-content\/uploads\/2014\/10\/capitanich-17O.jpg?resize=350%2C200 1x, https:\/\/i0.wp.com\/www.24baires.com\/wp-content\/uploads\/2014\/10\/capitanich-17O.jpg?resize=525%2C300 1.5x"},"classes":[]}],"jetpack_sharing_enabled":true,"jetpack_likes_enabled":true,"jetpack_featured_media_url":"","_links":{"self":[{"href":"http:\/\/www.24baires.com\/index.php?rest_route=\/wp\/v2\/posts\/62237","targetHints":{"allow":["GET"]}}],"collection":[{"href":"http:\/\/www.24baires.com\/index.php?rest_route=\/wp\/v2\/posts"}],"about":[{"href":"http:\/\/www.24baires.com\/index.php?rest_route=\/wp\/v2\/types\/post"}],"author":[{"embeddable":true,"href":"http:\/\/www.24baires.com\/index.php?rest_route=\/wp\/v2\/users\/4"}],"replies":[{"embeddable":true,"href":"http:\/\/www.24baires.com\/index.php?rest_route=%2Fwp%2Fv2%2Fcomments&post=62237"}],"version-history":[{"count":1,"href":"http:\/\/www.24baires.com\/index.php?rest_route=\/wp\/v2\/posts\/62237\/revisions"}],"predecessor-version":[{"id":62238,"href":"http:\/\/www.24baires.com\/index.php?rest_route=\/wp\/v2\/posts\/62237\/revisions\/62238"}],"wp:attachment":[{"href":"http:\/\/www.24baires.com\/index.php?rest_route=%2Fwp%2Fv2%2Fmedia&parent=62237"}],"wp:term":[{"taxonomy":"category","embeddable":true,"href":"http:\/\/www.24baires.com\/index.php?rest_route=%2Fwp%2Fv2%2Fcategories&post=62237"},{"taxonomy":"post_tag","embeddable":true,"href":"http:\/\/www.24baires.com\/index.php?rest_route=%2Fwp%2Fv2%2Ftags&post=62237"}],"curies":[{"name":"wp","href":"https:\/\/api.w.org\/{rel}","templated":true}]}}