{"id":62230,"date":"2015-02-24T20:39:53","date_gmt":"2015-02-24T23:39:53","guid":{"rendered":"http:\/\/www.24baires.com\/?p=62230"},"modified":"2015-02-24T21:03:20","modified_gmt":"2015-02-25T00:03:20","slug":"massa-cholulo-busca-figurar-al-lado-de-mirtha-legrand","status":"publish","type":"post","link":"http:\/\/www.24baires.com\/?p=62230","title":{"rendered":"Massa \u00abcholulo\u00bb busca figurar al lado de Mirtha Legrand"},"content":{"rendered":"<p><img data-recalc-dims=\"1\" loading=\"lazy\" decoding=\"async\" class=\"aligncenter size-full wp-image-62231\" src=\"https:\/\/i0.wp.com\/www.24baires.com\/wp-content\/uploads\/2015\/02\/massa-mirtha-legrand.jpg?resize=560%2C373\" alt=\"massa mirtha legrand\" width=\"560\" height=\"373\" srcset=\"https:\/\/i0.wp.com\/www.24baires.com\/wp-content\/uploads\/2015\/02\/massa-mirtha-legrand.jpg?w=560 560w, https:\/\/i0.wp.com\/www.24baires.com\/wp-content\/uploads\/2015\/02\/massa-mirtha-legrand.jpg?resize=300%2C200 300w\" sizes=\"auto, (max-width: 560px) 100vw, 560px\" \/>El diputado fue al cumplea\u00f1os de la diva y dijo que lo hab\u00eda llamado \u00abel futuro presidente\u00bb. Su nieto, Nacho Viale, lo desminti\u00f3 y avergonz\u00f3. <!--more--><\/p>\n<p>El diputado nacional Sergio Massa estuvo presente en la fiesta de cumplea\u00f1os de Mirtha Legrand y brind\u00f3 all\u00ed un discurso junto a la torta, para continuar con su campa\u00f1a como precandidato a presidente. Sin embargo, un comunicado sobre el tema difundido por su equipo de prensa result\u00f3 pol\u00e9mico y debi\u00f3 ser desmentido por la producci\u00f3n del programa de \u00abLa Chiqui\u00bb.<\/p>\n<p>El texto, subido tambi\u00e9n a la Web de Massa, aseguraba que \u00abla diva invit\u00f3 al l\u00edder del Frente Renovador y lo present\u00f3 a sus 400 invitados como el &#8216;futuro presidente de la Argentina&#8217;\u201d.<\/p>\n<p>Despu\u00e9s de que varios medios se hicieran eco de esta versi\u00f3n, el nieto y productor de la conductora, Nacho Viale, sali\u00f3 a refutarla en Twitter. \u201cUna aclaraci\u00f3n, @mirthalegrandok no apoya pol\u00edticamente a nadie, quiere lo mejor para su pa\u00eds! Al cumplea\u00f1os fueron quienes pod\u00edan por agenda\u201d, escribi\u00f3.<\/p>\n<p>En la celebraci\u00f3n hubo 400 invitados &#8211; muchos de ellos famosos &#8211; que asistieron a beneficio en el Hotel Costa Galana de Mar del Plata. Cada cubierto costaba 1500 pesos, y todo lo recaudado ser\u00e1 destinado al Hogar La Gruta de Lourdes.<\/p>\n<p>Mirtha no comparti\u00f3 mesa con Massa, pero s\u00ed con la primera dama bonaerense, Karina Rabolini. El ex intendente de Tigre se ubic\u00f3 m\u00e1s lejos, junto al productor teatral Javier Faroni y el senador radical Nito Artaza.<\/p>\n<p>En el video que subi\u00f3 Massa a sus cuentas de YouTube y Twitter, se puede ver el breve discurso que dio en la fiesta, pero no las supuestas palabras elogiosas de Mirtha hacia \u00e9l. De hecho, luego la diva reconoci\u00f3 que tambi\u00e9n la llamaron por tel\u00e9fono Mauricio Macri y Daniel Scioli, y asegur\u00f3 que ella est\u00e1 \u00abbien con todos\u00bb porque \u00abalguno va a ganar\u00bb.<\/p>\n<p>&nbsp;<\/p>\n<p>&nbsp;<\/p>\n<p>&nbsp;<\/p>\n","protected":false},"excerpt":{"rendered":"<p>El diputado fue al cumplea\u00f1os de la diva y dijo que lo hab\u00eda llamado \u00abel futuro presidente\u00bb. Su nieto, Nacho Viale, lo desminti\u00f3 y avergonz\u00f3.<\/p>\n","protected":false},"author":11,"featured_media":0,"comment_status":"open","ping_status":"open","sticky":false,"template":"","format":"standard","meta":{"_jetpack_newsletter_access":"","_jetpack_dont_email_post_to_subs":false,"_jetpack_newsletter_tier_id":0,"_jetpack_memberships_contains_paywalled_content":false,"_jetpack_memberships_contains_paid_content":false,"footnotes":""},"categories":[51],"tags":[],"class_list":["post-62230","post","type-post","status-publish","format-standard","hentry","category-politica"],"jetpack_shortlink":"https:\/\/wp.me\/p2JWE0-gbI","jetpack-related-posts":[{"id":83105,"url":"http:\/\/www.24baires.com\/?p=83105","url_meta":{"origin":62230,"position":0},"title":"Durante el almuerzo, Mirtha le dijo a Macri que \u00ablas tarifas est\u00e1n muy altas\u00bb","author":"GB","date":"24\/05\/2016","format":false,"excerpt":"El presidente Mauricio Macri almorz\u00f3 con la actriz y conductora Mirtha Legrand en la Casa Rosada, en donde la diva le plante\u00f3 que las tarifas de los servicios p\u00fablicos son \"muy altas\". \"Fue un encuentro fant\u00e1stico, buen\u00edsimo. Fue todo muy agradable\", sostuvo Legrand en di\u00e1logo con la prensa al salir\u2026","rel":"","context":"En \u00abPol\u00edtica\u00bb","block_context":{"text":"Pol\u00edtica","link":"http:\/\/www.24baires.com\/?cat=51"},"img":{"alt_text":"","src":"https:\/\/i0.wp.com\/www.24baires.com\/wp-content\/uploads\/2016\/05\/macri-mirta.jpg?resize=350%2C200","width":350,"height":200,"srcset":"https:\/\/i0.wp.com\/www.24baires.com\/wp-content\/uploads\/2016\/05\/macri-mirta.jpg?resize=350%2C200 1x, https:\/\/i0.wp.com\/www.24baires.com\/wp-content\/uploads\/2016\/05\/macri-mirta.jpg?resize=525%2C300 1.5x"},"classes":[]},{"id":87883,"url":"http:\/\/www.24baires.com\/?p=87883","url_meta":{"origin":62230,"position":1},"title":"Fabricaciones Militares le paga 1,5 millones a Nacho Viale por asesoramiento","author":"GB","date":"22\/09\/2016","format":false,"excerpt":"El nieto de Mirtha Legrand asesorar\u00e1 en imagen a una empresa estatal. Fabricaciones Militares, la empresa estatal dependiente del Ministerio de Defensa, contrat\u00f3 por un mill\u00f3n y medio de pesos a una empresa de Ignacio \"Nacho\" Viale para asesoramiento de imagen empresarial. El nieto de Mirtha Legrand fue contratado por\u2026","rel":"","context":"En \u00abPol\u00edtica\u00bb","block_context":{"text":"Pol\u00edtica","link":"http:\/\/www.24baires.com\/?cat=51"},"img":{"alt_text":"","src":"https:\/\/i0.wp.com\/www.24baires.com\/wp-content\/uploads\/2016\/09\/nacho-viale.jpg?resize=350%2C200","width":350,"height":200,"srcset":"https:\/\/i0.wp.com\/www.24baires.com\/wp-content\/uploads\/2016\/09\/nacho-viale.jpg?resize=350%2C200 1x, https:\/\/i0.wp.com\/www.24baires.com\/wp-content\/uploads\/2016\/09\/nacho-viale.jpg?resize=525%2C300 1.5x"},"classes":[]},{"id":93292,"url":"http:\/\/www.24baires.com\/?p=93292","url_meta":{"origin":62230,"position":2},"title":"Dur\u00e1n Barba compar\u00f3 a Mirtha con una \u00abpiquetera\u00bb","author":"GB","date":"23\/03\/2017","format":false,"excerpt":"La conductora sigue recibiendo cuestionamientos de parte del Gobierno, tras el paso de Mauricio Macri por su programa el fin de semana pasado. El asesor presidencial Jaime Dur\u00e1n Barba no la iba a dejar pasar. Luego que Mirtha Legrand no tuviera muy buenas palabras hacia su figura durante la entrevista\u2026","rel":"","context":"En \u00abPol\u00edtica\u00bb","block_context":{"text":"Pol\u00edtica","link":"http:\/\/www.24baires.com\/?cat=51"},"img":{"alt_text":"","src":"https:\/\/i0.wp.com\/www.24baires.com\/wp-content\/uploads\/2016\/01\/dur%C3%A1n-barba.jpg?resize=350%2C200","width":350,"height":200,"srcset":"https:\/\/i0.wp.com\/www.24baires.com\/wp-content\/uploads\/2016\/01\/dur%C3%A1n-barba.jpg?resize=350%2C200 1x, https:\/\/i0.wp.com\/www.24baires.com\/wp-content\/uploads\/2016\/01\/dur%C3%A1n-barba.jpg?resize=525%2C300 1.5x"},"classes":[]},{"id":59920,"url":"http:\/\/www.24baires.com\/?p=59920","url_meta":{"origin":62230,"position":3},"title":"En medio del almuerzo, Adri\u00e1n Suar y Ricardo Dar\u00edn se levantaron de la mesa de Mirtha","author":"GB","date":"11\/01\/2015","format":false,"excerpt":"El productor de Pol-ka y el reconocido actor fueron invitados por la diva a la inauguraci\u00f3n de los almuerzos en Mar del Plata 2015. Este domingo se inauguraron los almuerzos en Mar del Plata 2015 conducidos por Mirtha Legrand. En su primera mesa del a\u00f1o, estuvieron invitados entre otros el\u2026","rel":"","context":"En \u00abEspectaculos\u00bb","block_context":{"text":"Espectaculos","link":"http:\/\/www.24baires.com\/?cat=41"},"img":{"alt_text":"","src":"https:\/\/i0.wp.com\/www.24baires.com\/wp-content\/uploads\/2015\/01\/darin-y-suar.jpg?resize=350%2C200","width":350,"height":200,"srcset":"https:\/\/i0.wp.com\/www.24baires.com\/wp-content\/uploads\/2015\/01\/darin-y-suar.jpg?resize=350%2C200 1x, https:\/\/i0.wp.com\/www.24baires.com\/wp-content\/uploads\/2015\/01\/darin-y-suar.jpg?resize=525%2C300 1.5x"},"classes":[]},{"id":47287,"url":"http:\/\/www.24baires.com\/?p=47287","url_meta":{"origin":62230,"position":4},"title":"Alfano dura con Mirtha: \u00abTendr\u00eda que abdicar como el rey Juan Carlos\u00bb","author":"GB","date":"03\/06\/2014","format":false,"excerpt":"En una nota con \"Intrusos\", la jurado de Showmatch dispar\u00f3 contra la diva. Graciela Alfano dispar\u00f3 con munici\u00f3n gruesa contra Mirtha Legrand en una nota en \"Intrusos\", el programa de Jorge Rial. \"Mirtha ya podr\u00eda retirarse. Tendr\u00eda que abdicar como el rey Juan Carlos. No es necesario que siga compitiendo\",\u2026","rel":"","context":"En \u00abEspectaculos\u00bb","block_context":{"text":"Espectaculos","link":"http:\/\/www.24baires.com\/?cat=41"},"img":{"alt_text":"","src":"https:\/\/i0.wp.com\/www.24baires.com\/wp-content\/uploads\/2014\/06\/alfano-mitha.jpg?resize=350%2C200","width":350,"height":200,"srcset":"https:\/\/i0.wp.com\/www.24baires.com\/wp-content\/uploads\/2014\/06\/alfano-mitha.jpg?resize=350%2C200 1x, https:\/\/i0.wp.com\/www.24baires.com\/wp-content\/uploads\/2014\/06\/alfano-mitha.jpg?resize=525%2C300 1.5x"},"classes":[]},{"id":93166,"url":"http:\/\/www.24baires.com\/?p=93166","url_meta":{"origin":62230,"position":5},"title":"Macri considera que los gremios docentes \u201cdestruyeron la educaci\u00f3n p\u00fablica\u201d","author":"AF","date":"19\/03\/2017","format":false,"excerpt":"Mauricio Macri visit\u00f3 el programa de Mirtha Legrand y all\u00ed lanz\u00f3 duras acusaciones contra los maestros. Adem\u00e1s, asegur\u00f3 que Cambiemos va a ganar las alecciones de octubre. En medio del conflicto por la paritaria docente en la provincia de Buenos Aires, el presidente Mauricio Macri visit\u00f3 con su mujer, Juliana\u2026","rel":"","context":"En \u00abSociedad\u00bb","block_context":{"text":"Sociedad","link":"http:\/\/www.24baires.com\/?cat=1"},"img":{"alt_text":"","src":"https:\/\/i0.wp.com\/www.24baires.com\/wp-content\/uploads\/2017\/03\/macri-legrand-awada.png?resize=350%2C200","width":350,"height":200,"srcset":"https:\/\/i0.wp.com\/www.24baires.com\/wp-content\/uploads\/2017\/03\/macri-legrand-awada.png?resize=350%2C200 1x, https:\/\/i0.wp.com\/www.24baires.com\/wp-content\/uploads\/2017\/03\/macri-legrand-awada.png?resize=525%2C300 1.5x"},"classes":[]}],"jetpack_sharing_enabled":true,"jetpack_likes_enabled":true,"jetpack_featured_media_url":"","_links":{"self":[{"href":"http:\/\/www.24baires.com\/index.php?rest_route=\/wp\/v2\/posts\/62230","targetHints":{"allow":["GET"]}}],"collection":[{"href":"http:\/\/www.24baires.com\/index.php?rest_route=\/wp\/v2\/posts"}],"about":[{"href":"http:\/\/www.24baires.com\/index.php?rest_route=\/wp\/v2\/types\/post"}],"author":[{"embeddable":true,"href":"http:\/\/www.24baires.com\/index.php?rest_route=\/wp\/v2\/users\/11"}],"replies":[{"embeddable":true,"href":"http:\/\/www.24baires.com\/index.php?rest_route=%2Fwp%2Fv2%2Fcomments&post=62230"}],"version-history":[{"count":1,"href":"http:\/\/www.24baires.com\/index.php?rest_route=\/wp\/v2\/posts\/62230\/revisions"}],"predecessor-version":[{"id":62232,"href":"http:\/\/www.24baires.com\/index.php?rest_route=\/wp\/v2\/posts\/62230\/revisions\/62232"}],"wp:attachment":[{"href":"http:\/\/www.24baires.com\/index.php?rest_route=%2Fwp%2Fv2%2Fmedia&parent=62230"}],"wp:term":[{"taxonomy":"category","embeddable":true,"href":"http:\/\/www.24baires.com\/index.php?rest_route=%2Fwp%2Fv2%2Fcategories&post=62230"},{"taxonomy":"post_tag","embeddable":true,"href":"http:\/\/www.24baires.com\/index.php?rest_route=%2Fwp%2Fv2%2Ftags&post=62230"}],"curies":[{"name":"wp","href":"https:\/\/api.w.org\/{rel}","templated":true}]}}