{"id":62225,"date":"2015-02-24T19:00:38","date_gmt":"2015-02-24T22:00:38","guid":{"rendered":"http:\/\/www.24baires.com\/?p=62225"},"modified":"2015-02-24T20:04:45","modified_gmt":"2015-02-24T23:04:45","slug":"granados-scioli-presidente-va-a-generar-la-policia-local-en-todo-el-pais","status":"publish","type":"post","link":"http:\/\/www.24baires.com\/?p=62225","title":{"rendered":"Granados: \u00abScioli Presidente va a generar la Polic\u00eda Local en todo el pa\u00eds\u00bb"},"content":{"rendered":"<p><img data-recalc-dims=\"1\" loading=\"lazy\" decoding=\"async\" class=\"aligncenter size-full wp-image-49303\" src=\"https:\/\/i0.wp.com\/www.24baires.com\/wp-content\/uploads\/2014\/07\/granados-cpc-pergamino.jpg?resize=555%2C450\" alt=\"granados cpc pergamino\" width=\"555\" height=\"450\" srcset=\"https:\/\/i0.wp.com\/www.24baires.com\/wp-content\/uploads\/2014\/07\/granados-cpc-pergamino.jpg?w=555 555w, https:\/\/i0.wp.com\/www.24baires.com\/wp-content\/uploads\/2014\/07\/granados-cpc-pergamino.jpg?resize=300%2C243 300w\" sizes=\"auto, (max-width: 555px) 100vw, 555px\" \/>El ministro de Seguridad bonaerense asegur\u00f3 que en caso de que el gobernador Daniel Scioli gane las elecciones implementar\u00e1 \u201cen todo el pa\u00eds\u201d el sistema.<!--more--><\/p>\n<p>El ministro, quien hab\u00eda expresado su voluntad de dejar el ministerio despu\u00e9s de las elecciones y asegur\u00f3 que no se presentar\u00e1 para un nuevo cargo frente al municipio de Ezeiza, sorprendi\u00f3 con sus declaraciones, al mostrarse como posible ministro de Seguridad nacional ante una eventual presidencia de Scioli.<\/p>\n<p>\u201cSeguramente cuando el gobernador Scioli sea presidente de la Naci\u00f3n, implementaremos esta polic\u00eda local en todo el pa\u00eds y en las ciudades que tengan m\u00e1s de 50 mil habitantes como ocurre en pa\u00edses avanzados en tema de seguridad\u201d, se\u00f1al\u00f3 Granados durante el inicio del ciclo lectivo de la Polic\u00eda Local en la ciudad de Mar del Plata, a la que concurri\u00f3 junto al Gobernador.<\/p>\n<p>El ministro bonaerense indic\u00f3 que en esa ciudad balnearia \u201cson 700 nuevos polic\u00edas que se suman a los que ya hay, es la manera de ir acorralando al delito con mucha presencia, y debe ser una polic\u00eda de proximidad, para los peque\u00f1os delitos y como aquel viejo \u2018polic\u00eda de la esquina\u2019\u201d.<\/p>\n<p>La actividad se realiz\u00f3 en el Instituto de Formaci\u00f3n Policial \u201cJuan Vucetich\u201d sede Mar del Plata.<\/p>\n<p>Acompa\u00f1ado por el intendente local, Gustavo Pulti, Scioli destac\u00f3 \u201cestamos participando de lo que ser\u00e1 la transformaci\u00f3n m\u00e1s profunda en cuanto a la prevenci\u00f3n y la seguridad, esta escuela local tendr\u00e1 750 j\u00f3venes de la primera generaci\u00f3n de polic\u00eda local y adem\u00e1s, son j\u00f3venes que conocen el territorio y a sus vecinos\u201d.<\/p>\n<p>&nbsp;<\/p>\n<p>&nbsp;<\/p>\n<p>&nbsp;<\/p>\n<p>&nbsp;<\/p>\n","protected":false},"excerpt":{"rendered":"<p>El ministro de Seguridad bonaerense asegur\u00f3 que en caso de que el gobernador Daniel Scioli gane las elecciones implementar\u00e1 \u201cen todo el pa\u00eds\u201d el sistema.<\/p>\n","protected":false},"author":11,"featured_media":0,"comment_status":"open","ping_status":"open","sticky":false,"template":"","format":"standard","meta":{"_jetpack_newsletter_access":"","_jetpack_dont_email_post_to_subs":false,"_jetpack_newsletter_tier_id":0,"_jetpack_memberships_contains_paywalled_content":false,"_jetpack_memberships_contains_paid_content":false,"footnotes":""},"categories":[51],"tags":[],"class_list":["post-62225","post","type-post","status-publish","format-standard","hentry","category-politica"],"jetpack_shortlink":"https:\/\/wp.me\/p2JWE0-gbD","jetpack-related-posts":[{"id":62270,"url":"http:\/\/www.24baires.com\/?p=62270","url_meta":{"origin":62225,"position":0},"title":"Granados promete m\u00e1s seguridad para el pa\u00eds si Scioli es Presidente","author":"GB","date":"25\/02\/2015","format":false,"excerpt":"El ministro de Seguridad bonaerense, Alejandro Granados, asegur\u00f3 que en caso de que el gobernador Daniel Scioli gane las elecciones presidenciales implementar\u00e1 \u201cen todo el pa\u00eds\u201d el sistema de Polic\u00eda Local. El ministro, quien hab\u00eda expresado su voluntad de dejar el ministerio despu\u00e9s de las elecciones y asegur\u00f3 que no\u2026","rel":"","context":"En \u00abPol\u00edtica\u00bb","block_context":{"text":"Pol\u00edtica","link":"http:\/\/www.24baires.com\/?cat=51"},"img":{"alt_text":"granados","src":"https:\/\/i0.wp.com\/www.24baires.com\/wp-content\/uploads\/2014\/04\/granados.jpg?resize=350%2C200","width":350,"height":200,"srcset":"https:\/\/i0.wp.com\/www.24baires.com\/wp-content\/uploads\/2014\/04\/granados.jpg?resize=350%2C200 1x, https:\/\/i0.wp.com\/www.24baires.com\/wp-content\/uploads\/2014\/04\/granados.jpg?resize=525%2C300 1.5x"},"classes":[]},{"id":103162,"url":"http:\/\/www.24baires.com\/?p=103162","url_meta":{"origin":62225,"position":1},"title":"Berisso es el primer municipio en eliminar la Polic\u00eda Local","author":"AF","date":"04\/07\/2018","format":false,"excerpt":"La municipalidad de Berisso se convirti\u00f3 en la primera comuna de la provincia en fusionar la Polic\u00eda Local con la bonaerense, siguiendo los planes del Gobierno provincial para eliminar la fuerza creada durante la gesti\u00f3n de Daniel Scioli. El intendente de Berisso, Jorge Nedela, firm\u00f3 ayer un convenio con el\u2026","rel":"","context":"En \u00abLocales\u00bb","block_context":{"text":"Locales","link":"http:\/\/www.24baires.com\/?cat=38"},"img":{"alt_text":"","src":"https:\/\/i0.wp.com\/www.24baires.com\/wp-content\/uploads\/2015\/10\/policia-local-mdp.jpg?resize=350%2C200","width":350,"height":200,"srcset":"https:\/\/i0.wp.com\/www.24baires.com\/wp-content\/uploads\/2015\/10\/policia-local-mdp.jpg?resize=350%2C200 1x, https:\/\/i0.wp.com\/www.24baires.com\/wp-content\/uploads\/2015\/10\/policia-local-mdp.jpg?resize=525%2C300 1.5x"},"classes":[]},{"id":119053,"url":"http:\/\/www.24baires.com\/?p=119053","url_meta":{"origin":62225,"position":2},"title":"Los tres ejes que se propone Batakis para su gesti\u00f3n","author":"AF","date":"04\/07\/2022","format":false,"excerpt":"A los pocos minutos de jurar en su cargo, Batakis dijo que \"vamos a seguir el programa econ\u00f3mico del Presidente\". Tambi\u00e9n se\u00f1al\u00f3 que \"queremos una mirada federal, que incluya a todos y todas los argentinos y argentinas\". Los tres puntos principales que estableci\u00f3 para su gesti\u00f3n al frente de Econom\u00eda.\u2026","rel":"","context":"En \u00abEconom\u00eda\u00bb","block_context":{"text":"Econom\u00eda","link":"http:\/\/www.24baires.com\/?cat=45"},"img":{"alt_text":"","src":"https:\/\/i0.wp.com\/www.24baires.com\/wp-content\/uploads\/2022\/07\/Batakis-1.jpg?resize=350%2C200","width":350,"height":200,"srcset":"https:\/\/i0.wp.com\/www.24baires.com\/wp-content\/uploads\/2022\/07\/Batakis-1.jpg?resize=350%2C200 1x, https:\/\/i0.wp.com\/www.24baires.com\/wp-content\/uploads\/2022\/07\/Batakis-1.jpg?resize=525%2C300 1.5x, https:\/\/i0.wp.com\/www.24baires.com\/wp-content\/uploads\/2022\/07\/Batakis-1.jpg?resize=700%2C400 2x"},"classes":[]},{"id":101122,"url":"http:\/\/www.24baires.com\/?p=101122","url_meta":{"origin":62225,"position":3},"title":"Indagar\u00e1n a Scioli por irregularidades en la construcci\u00f3n de las UPA 24","author":"AF","date":"17\/03\/2018","format":false,"excerpt":"El ex gobernador Daniel Scioli y quien fuera su ministro de Salud, Alejandro Collia, fueron imputados y citados a prestar declaraci\u00f3n indagatoria en el marco de una causa que investiga presuntas irregularidades en la adjudicaci\u00f3n de ocho Unidades de Pronta Atenci\u00f3n (UPA 24) para las que se destinaron m\u00e1s de\u2026","rel":"","context":"En \u00abJUDICIALES\u00bb","block_context":{"text":"JUDICIALES","link":"http:\/\/www.24baires.com\/?cat=68"},"img":{"alt_text":"","src":"https:\/\/i0.wp.com\/www.24baires.com\/wp-content\/uploads\/2014\/05\/Daniel-Scioli.jpg?resize=350%2C200","width":350,"height":200,"srcset":"https:\/\/i0.wp.com\/www.24baires.com\/wp-content\/uploads\/2014\/05\/Daniel-Scioli.jpg?resize=350%2C200 1x, https:\/\/i0.wp.com\/www.24baires.com\/wp-content\/uploads\/2014\/05\/Daniel-Scioli.jpg?resize=525%2C300 1.5x"},"classes":[]},{"id":119456,"url":"http:\/\/www.24baires.com\/?p=119456","url_meta":{"origin":62225,"position":4},"title":"\u00abTodos tenemos que hacer un esfuerzo para seguir en proceso decreciente de la inflaci\u00f3n\u00bb","author":"AF","date":"21\/10\/2022","format":false,"excerpt":"\"Es un problema que nos ocupa y nos preocupa, y estamos en eso\", destac\u00f3 el Presidente, quien adem\u00e1s se refiri\u00f3 a la investigaci\u00f3n sobre el atentado sufrido por Cristina Fern\u00e1ndez: \"Necesitamos saber qui\u00e9nes estaban detr\u00e1s\". El presidente Alberto Fern\u00e1ndez destac\u00f3 este viernes que \"hace dos meses la inflaci\u00f3n viene en\u2026","rel":"","context":"En \u00abPol\u00edtica\u00bb","block_context":{"text":"Pol\u00edtica","link":"http:\/\/www.24baires.com\/?cat=51"},"img":{"alt_text":"","src":"https:\/\/i0.wp.com\/www.24baires.com\/wp-content\/uploads\/2022\/10\/albertoo.jpg?resize=350%2C200","width":350,"height":200,"srcset":"https:\/\/i0.wp.com\/www.24baires.com\/wp-content\/uploads\/2022\/10\/albertoo.jpg?resize=350%2C200 1x, https:\/\/i0.wp.com\/www.24baires.com\/wp-content\/uploads\/2022\/10\/albertoo.jpg?resize=525%2C300 1.5x, https:\/\/i0.wp.com\/www.24baires.com\/wp-content\/uploads\/2022\/10\/albertoo.jpg?resize=700%2C400 2x, https:\/\/i0.wp.com\/www.24baires.com\/wp-content\/uploads\/2022\/10\/albertoo.jpg?resize=1050%2C600 3x"},"classes":[]},{"id":120181,"url":"http:\/\/www.24baires.com\/?p=120181","url_meta":{"origin":62225,"position":5},"title":"El Frente de Todos pasa a llamarse \u00abUni\u00f3n por la Patria\u00bb","author":"AF","date":"14\/06\/2023","format":false,"excerpt":"Los distintos sectores que componen el frente oficialista mantienen reuniones para definir, entre otras cosas, la constituci\u00f3n de su junta partidaria y el reglamento electoral que fijar\u00e1 pisos y porcentajes para la integraci\u00f3n de listas. El Frente de Todos (FdT) se llamar\u00e1 Uni\u00f3n por la Patria (UxP) en las pr\u00f3ximas\u2026","rel":"","context":"En \u00abPol\u00edtica\u00bb","block_context":{"text":"Pol\u00edtica","link":"http:\/\/www.24baires.com\/?cat=51"},"img":{"alt_text":"","src":"https:\/\/i0.wp.com\/www.24baires.com\/wp-content\/uploads\/2023\/06\/cfk-25-5.png?resize=350%2C200","width":350,"height":200,"srcset":"https:\/\/i0.wp.com\/www.24baires.com\/wp-content\/uploads\/2023\/06\/cfk-25-5.png?resize=350%2C200 1x, https:\/\/i0.wp.com\/www.24baires.com\/wp-content\/uploads\/2023\/06\/cfk-25-5.png?resize=525%2C300 1.5x, https:\/\/i0.wp.com\/www.24baires.com\/wp-content\/uploads\/2023\/06\/cfk-25-5.png?resize=700%2C400 2x, https:\/\/i0.wp.com\/www.24baires.com\/wp-content\/uploads\/2023\/06\/cfk-25-5.png?resize=1050%2C600 3x"},"classes":[]}],"jetpack_sharing_enabled":true,"jetpack_likes_enabled":true,"jetpack_featured_media_url":"","_links":{"self":[{"href":"http:\/\/www.24baires.com\/index.php?rest_route=\/wp\/v2\/posts\/62225","targetHints":{"allow":["GET"]}}],"collection":[{"href":"http:\/\/www.24baires.com\/index.php?rest_route=\/wp\/v2\/posts"}],"about":[{"href":"http:\/\/www.24baires.com\/index.php?rest_route=\/wp\/v2\/types\/post"}],"author":[{"embeddable":true,"href":"http:\/\/www.24baires.com\/index.php?rest_route=\/wp\/v2\/users\/11"}],"replies":[{"embeddable":true,"href":"http:\/\/www.24baires.com\/index.php?rest_route=%2Fwp%2Fv2%2Fcomments&post=62225"}],"version-history":[{"count":1,"href":"http:\/\/www.24baires.com\/index.php?rest_route=\/wp\/v2\/posts\/62225\/revisions"}],"predecessor-version":[{"id":62226,"href":"http:\/\/www.24baires.com\/index.php?rest_route=\/wp\/v2\/posts\/62225\/revisions\/62226"}],"wp:attachment":[{"href":"http:\/\/www.24baires.com\/index.php?rest_route=%2Fwp%2Fv2%2Fmedia&parent=62225"}],"wp:term":[{"taxonomy":"category","embeddable":true,"href":"http:\/\/www.24baires.com\/index.php?rest_route=%2Fwp%2Fv2%2Fcategories&post=62225"},{"taxonomy":"post_tag","embeddable":true,"href":"http:\/\/www.24baires.com\/index.php?rest_route=%2Fwp%2Fv2%2Ftags&post=62225"}],"curies":[{"name":"wp","href":"https:\/\/api.w.org\/{rel}","templated":true}]}}