{"id":62217,"date":"2015-02-24T17:30:12","date_gmt":"2015-02-24T20:30:12","guid":{"rendered":"http:\/\/www.24baires.com\/?p=62217"},"modified":"2015-02-24T16:37:25","modified_gmt":"2015-02-24T19:37:25","slug":"cruzan-a-campagnoli-por-marchar-el-18f-junto-a-complices-de-la-dictadura","status":"publish","type":"post","link":"http:\/\/www.24baires.com\/?p=62217","title":{"rendered":"Cruzan a Campagnoli por marchar el 18F junto a c\u00f3mplices de la \u00faltima dictadura"},"content":{"rendered":"<p><img data-recalc-dims=\"1\" loading=\"lazy\" decoding=\"async\" class=\"aligncenter size-full wp-image-50102\" src=\"https:\/\/i0.wp.com\/www.24baires.com\/wp-content\/uploads\/2014\/07\/campagnoli1.jpg?resize=560%2C314\" alt=\"campagnoli\" width=\"560\" height=\"314\" srcset=\"https:\/\/i0.wp.com\/www.24baires.com\/wp-content\/uploads\/2014\/07\/campagnoli1.jpg?w=560 560w, https:\/\/i0.wp.com\/www.24baires.com\/wp-content\/uploads\/2014\/07\/campagnoli1.jpg?resize=300%2C168 300w\" sizes=\"auto, (max-width: 560px) 100vw, 560px\" \/>\u201cYo lo vi marchar junto a Romero Victorica, que ten\u00eda relaciones con Herman Tetzlaff, quien estuvo en el operativo en el que asesinaron a mi mam\u00e1, se apropiaron de m\u00ed y me entregaron a m\u00ed a una familia\u201d, relat\u00f3 anoche Pietragalla frente al fiscal con el que comparti\u00f3 el panel del programa Intratables.<!--more--><\/p>\n<p>El nieto recuperado y diputado nacional del FPV, Horacio Pietragalla, cruz\u00f3 en televisi\u00f3n al fiscal federal Jos\u00e9 Mar\u00eda Campagnoli por marchar el 18F junto a jueces y fiscales c\u00f3mplices de la \u00faltima dictadura c\u00edvico militar.<\/p>\n<p>\u201cYo lo vi marchar junto a Romero Victorica, que ten\u00eda relaciones con Herman Tetzlaff, quien estuvo en el operativo en el que asesinaron a mi mam\u00e1, se apropiaron de m\u00ed y me entregaron a m\u00ed a una familia\u201d, relat\u00f3 anoche Pietragalla frente al fiscal con el que comparti\u00f3 el panel del programa Intratables.<\/p>\n<p>En la misma l\u00ednea, el hijo de desaparecidos asegur\u00f3 que \u201cRomero Victorica le daba informaci\u00f3n a Tetzlaff, tambi\u00e9n apropiador de Victoria Montenegro, sobre c\u00f3mo iba a avanzar la causa\u201d. Y agreg\u00f3: \u00abSi mi abuela materna se suicid\u00f3 es porque fiscales c\u00f3mplices con esa dictadura militar hicieron que se dilatara la causa y mi familia no me pueda tener a m\u00ed como cualquier familia que quer\u00eda tener al nieto de su hija asesinada\u201d.<\/p>\n<p>\u201cPor eso para m\u00ed es la lacra judicial, porque estuvo en esa marcha y es lo peor de la complicidad de esa dictadura. Al igual que un fiscal que le saca fotos enga\u00f1osamente a travestis o pibes humildes como los del Barrio Mitre, como las seis mil que se encontraron en el despacho del se\u00f1or\u201d, dijo en relaci\u00f3n al fiscal Campagnoli, quien lo miraba en silencio.<\/p>\n<p>\u201cEsas seis mil fotos las usaban para que cuando hab\u00eda un robo las personas que sufr\u00edan el delito digan cu\u00e1l de ellos era. Pero esas fotos son sacadas en la calle por empleados de su fiscal\u00eda, no de antecedentes, por eso las ten\u00eda en su despacho\u201d, agreg\u00f3 efusivamente el nieto recuperado.<\/p>\n<p>Al respecto, el fiscal neg\u00f3 esa acusaci\u00f3n aduciendo que \u201ces parte de una campa\u00f1a generada desde el oficialismo para desprestigiarme\u201d. Y asegur\u00f3 que las im\u00e1genes son parte del \u201cregistro inform\u00e1tico de im\u00e1genes que ten\u00eda como objetivo sistematizar las fotos que sacaba la Polic\u00eda\u201d.<\/p>\n<p>Campagnoli adem\u00e1s justific\u00f3 la existencia de esas fotograf\u00edas tomadas ilegalmente asegurando que \u201ccualquier agencia de investigaci\u00f3n se nutre de fotos de sospechosos, entre los que hay menores de 17 a\u00f1os que roban y violan\u201d.<\/p>\n<p>Pero el diputado replic\u00f3, dando por finalizado el debate: \u201cNo son sospechosos, hay menores de edad y hasta hay un se\u00f1or con un beb\u00e9. Sacaste fotos a travestis en la calle que en todo caso no son sospechosos sino personas que no tienen inserci\u00f3n en la sociedad y hay que ayudar a que se integren\u201d.<\/p>\n<p>\u201cEs toda una l\u00ednea ideol\u00f3gica la tuya\u201d, remat\u00f3 Pietragalla.<\/p>\n<p>&nbsp;<\/p>\n<p>&nbsp;<\/p>\n<p>&nbsp;<\/p>\n<p>&nbsp;<\/p>\n<p>&nbsp;<\/p>\n<p>&nbsp;<\/p>\n<p>&nbsp;<\/p>\n<p>&nbsp;<\/p>\n<p>&nbsp;<\/p>\n<p>&nbsp;<\/p>\n<p>&nbsp;<\/p>\n<p>&nbsp;<\/p>\n","protected":false},"excerpt":{"rendered":"<p>\u201cYo lo vi marchar junto a Romero Victorica, que ten\u00eda relaciones con Herman Tetzlaff, quien estuvo en el operativo en el que asesinaron a mi mam\u00e1, se apropiaron de m\u00ed y me entregaron a m\u00ed a una familia\u201d, relat\u00f3 anoche Pietragalla frente al fiscal con el que comparti\u00f3 el panel del programa Intratables.<\/p>\n","protected":false},"author":8,"featured_media":0,"comment_status":"open","ping_status":"open","sticky":false,"template":"","format":"standard","meta":{"_jetpack_newsletter_access":"","_jetpack_dont_email_post_to_subs":false,"_jetpack_newsletter_tier_id":0,"_jetpack_memberships_contains_paywalled_content":false,"_jetpack_memberships_contains_paid_content":false,"footnotes":""},"categories":[51],"tags":[],"class_list":["post-62217","post","type-post","status-publish","format-standard","hentry","category-politica"],"jetpack_shortlink":"https:\/\/wp.me\/p2JWE0-gbv","jetpack-related-posts":[{"id":61997,"url":"http:\/\/www.24baires.com\/?p=61997","url_meta":{"origin":62217,"position":0},"title":"Despu\u00e9s del 18F","author":"Grupo Sierra","date":"19\/02\/2015","format":false,"excerpt":"La marcha de ayer nos dej\u00f3 varias cosas, muchas de ellas confirmaciones de cuestiones que ya sosten\u00edamos con anterioridad. Qued\u00f3 claro que fue una manifestaci\u00f3n opositora, hubo expresiones violentas para con el gobierno nacional, -para con la Presidenta, puntualmente-, como en las otras salidas a la calle orquestadas por los\u2026","rel":"","context":"En \u00abOpini\u00f3n\u00bb","block_context":{"text":"Opini\u00f3n","link":"http:\/\/www.24baires.com\/?cat=64"},"img":{"alt_text":"","src":"https:\/\/i0.wp.com\/www.24baires.com\/wp-content\/uploads\/2015\/02\/fiscale-marcha-18f.jpg?resize=350%2C200","width":350,"height":200,"srcset":"https:\/\/i0.wp.com\/www.24baires.com\/wp-content\/uploads\/2015\/02\/fiscale-marcha-18f.jpg?resize=350%2C200 1x, https:\/\/i0.wp.com\/www.24baires.com\/wp-content\/uploads\/2015\/02\/fiscale-marcha-18f.jpg?resize=525%2C300 1.5x"},"classes":[]},{"id":119129,"url":"http:\/\/www.24baires.com\/?p=119129","url_meta":{"origin":62217,"position":1},"title":"El Gobierno denunci\u00f3 penalmente a Aldo Rico","author":"AF","date":"22\/07\/2022","format":false,"excerpt":"\"A casi 40 a\u00f1os de la vuelta de la democracia, y luego de m\u00e1s de 20 a\u00f1os de reiniciados los juicios por delitos de lesa humanidad durante la \u00faltima dictadura, este tipo de acciones, que buscan desestabilizar la democracia, no pueden ser tolerados\", afirm\u00f3 Horacio Pietragalla Corti. El secretario de\u2026","rel":"","context":"En \u00abSociedad\u00bb","block_context":{"text":"Sociedad","link":"http:\/\/www.24baires.com\/?cat=1"},"img":{"alt_text":"","src":"https:\/\/i0.wp.com\/www.24baires.com\/wp-content\/uploads\/2022\/07\/aldo-rico.jpg?resize=350%2C200","width":350,"height":200,"srcset":"https:\/\/i0.wp.com\/www.24baires.com\/wp-content\/uploads\/2022\/07\/aldo-rico.jpg?resize=350%2C200 1x, https:\/\/i0.wp.com\/www.24baires.com\/wp-content\/uploads\/2022\/07\/aldo-rico.jpg?resize=525%2C300 1.5x, https:\/\/i0.wp.com\/www.24baires.com\/wp-content\/uploads\/2022\/07\/aldo-rico.jpg?resize=700%2C400 2x"},"classes":[]},{"id":62215,"url":"http:\/\/www.24baires.com\/?p=62215","url_meta":{"origin":62217,"position":2},"title":"Millones de moscas","author":"GB","date":"24\/02\/2015","format":false,"excerpt":"La marcha del 18F fue catalogada como \u201chist\u00f3rica\u201d por sus convocantes, concurrentes y beneficiarios. Tal vez est\u00e9n en lo cierto: si algo quedar\u00e1 en la historia de este acto, ser\u00e1, precisamente, el error. Es un error conceptual que los fiscales marchen pidiendo justicia. Obviamente, conocen el estado de la causa\u2026","rel":"","context":"En \u00abOpini\u00f3n\u00bb","block_context":{"text":"Opini\u00f3n","link":"http:\/\/www.24baires.com\/?cat=64"},"img":{"alt_text":"nisman mrcha","src":"https:\/\/i0.wp.com\/www.24baires.com\/wp-content\/uploads\/2015\/02\/nisman-mrcha.jpg?resize=350%2C200","width":350,"height":200,"srcset":"https:\/\/i0.wp.com\/www.24baires.com\/wp-content\/uploads\/2015\/02\/nisman-mrcha.jpg?resize=350%2C200 1x, https:\/\/i0.wp.com\/www.24baires.com\/wp-content\/uploads\/2015\/02\/nisman-mrcha.jpg?resize=525%2C300 1.5x"},"classes":[]},{"id":62675,"url":"http:\/\/www.24baires.com\/?p=62675","url_meta":{"origin":62217,"position":3},"title":"Piden que el fiscal Moldes se aparte de la investigaci\u00f3n de la denuncia de Nisman","author":"GB","date":"05\/03\/2015","format":false,"excerpt":"Familiares de v\u00edctimas del atentado, miembros de la Juscticia y del Parlamento expresaron su reclamo para que el fiscal, uno de los organizadorres de la marcha de 18F, se inhiba de participar en la causa. En \u00e1mbitos legisativos y tribunalicios, y entre los familiares de v\u00edctimas del atentado a la\u2026","rel":"","context":"En \u00abPol\u00edtica\u00bb","block_context":{"text":"Pol\u00edtica","link":"http:\/\/www.24baires.com\/?cat=51"},"img":{"alt_text":"fiscale marcha 18f","src":"https:\/\/i0.wp.com\/www.24baires.com\/wp-content\/uploads\/2015\/02\/fiscale-marcha-18f.jpg?resize=350%2C200","width":350,"height":200,"srcset":"https:\/\/i0.wp.com\/www.24baires.com\/wp-content\/uploads\/2015\/02\/fiscale-marcha-18f.jpg?resize=350%2C200 1x, https:\/\/i0.wp.com\/www.24baires.com\/wp-content\/uploads\/2015\/02\/fiscale-marcha-18f.jpg?resize=525%2C300 1.5x"},"classes":[]},{"id":116317,"url":"http:\/\/www.24baires.com\/?p=116317","url_meta":{"origin":62217,"position":4},"title":"La AFI entreg\u00f3 \u00e1lbum de fotos de perseguidos durante la Dictadura a la Secretar\u00eda de DDHH","author":"AF","date":"24\/09\/2020","format":false,"excerpt":"Horacio Pietragalla y Marcela Losardo recibieron de manos de Cristina Caama\u00f1o el \u00e1lbum con m\u00e1s de 500 fotos de perseguidos pol\u00edticos hallado en un placard de la ex SIDE. La Agencia Federal de Inteligencia (AFI) le entreg\u00f3 formalmente el jueves a la Secretar\u00eda de Derechos Humanos de la Naci\u00f3n el\u2026","rel":"","context":"En \u00abSociedad\u00bb","block_context":{"text":"Sociedad","link":"http:\/\/www.24baires.com\/?cat=1"},"img":{"alt_text":"","src":"https:\/\/i0.wp.com\/www.24baires.com\/wp-content\/uploads\/2020\/09\/album-fotos-dictadura.jpg?resize=350%2C200","width":350,"height":200,"srcset":"https:\/\/i0.wp.com\/www.24baires.com\/wp-content\/uploads\/2020\/09\/album-fotos-dictadura.jpg?resize=350%2C200 1x, https:\/\/i0.wp.com\/www.24baires.com\/wp-content\/uploads\/2020\/09\/album-fotos-dictadura.jpg?resize=525%2C300 1.5x"},"classes":[]},{"id":111783,"url":"http:\/\/www.24baires.com\/?p=111783","url_meta":{"origin":62217,"position":5},"title":"Esc\u00e1ndalo: Blaquier fue fiscal de Macri en las PASO y qued\u00f3 preso por destruir el telegrama con los resultados","author":"GB","date":"25\/08\/2019","format":false,"excerpt":"El ex funcionario de ANSES investigado por corrupci\u00f3n y sobrino de un empresario procesado por delitos durante la dictadura ofici\u00f3 de fiscal para Cambiemos en las PASO: tras la paliza que recibi\u00f3 el oficialismo en su mesa del conurbano, rompi\u00f3 en pedazos el telegrama con los resultados y qued\u00f3 detenido.\u2026","rel":"","context":"En \u00abPoliciales\u00bb","block_context":{"text":"Policiales","link":"http:\/\/www.24baires.com\/?cat=49"},"img":{"alt_text":"","src":"https:\/\/i0.wp.com\/www.24baires.com\/wp-content\/uploads\/2019\/08\/paso-preso-fiscal.jpg?resize=350%2C200","width":350,"height":200,"srcset":"https:\/\/i0.wp.com\/www.24baires.com\/wp-content\/uploads\/2019\/08\/paso-preso-fiscal.jpg?resize=350%2C200 1x, https:\/\/i0.wp.com\/www.24baires.com\/wp-content\/uploads\/2019\/08\/paso-preso-fiscal.jpg?resize=525%2C300 1.5x"},"classes":[]}],"jetpack_sharing_enabled":true,"jetpack_likes_enabled":true,"jetpack_featured_media_url":"","_links":{"self":[{"href":"http:\/\/www.24baires.com\/index.php?rest_route=\/wp\/v2\/posts\/62217","targetHints":{"allow":["GET"]}}],"collection":[{"href":"http:\/\/www.24baires.com\/index.php?rest_route=\/wp\/v2\/posts"}],"about":[{"href":"http:\/\/www.24baires.com\/index.php?rest_route=\/wp\/v2\/types\/post"}],"author":[{"embeddable":true,"href":"http:\/\/www.24baires.com\/index.php?rest_route=\/wp\/v2\/users\/8"}],"replies":[{"embeddable":true,"href":"http:\/\/www.24baires.com\/index.php?rest_route=%2Fwp%2Fv2%2Fcomments&post=62217"}],"version-history":[{"count":2,"href":"http:\/\/www.24baires.com\/index.php?rest_route=\/wp\/v2\/posts\/62217\/revisions"}],"predecessor-version":[{"id":62219,"href":"http:\/\/www.24baires.com\/index.php?rest_route=\/wp\/v2\/posts\/62217\/revisions\/62219"}],"wp:attachment":[{"href":"http:\/\/www.24baires.com\/index.php?rest_route=%2Fwp%2Fv2%2Fmedia&parent=62217"}],"wp:term":[{"taxonomy":"category","embeddable":true,"href":"http:\/\/www.24baires.com\/index.php?rest_route=%2Fwp%2Fv2%2Fcategories&post=62217"},{"taxonomy":"post_tag","embeddable":true,"href":"http:\/\/www.24baires.com\/index.php?rest_route=%2Fwp%2Fv2%2Ftags&post=62217"}],"curies":[{"name":"wp","href":"https:\/\/api.w.org\/{rel}","templated":true}]}}