{"id":62208,"date":"2015-02-24T15:43:36","date_gmt":"2015-02-24T18:43:36","guid":{"rendered":"http:\/\/www.24baires.com\/?p=62208"},"modified":"2015-02-24T15:43:36","modified_gmt":"2015-02-24T18:43:36","slug":"rossi-entrego-medallas-de-la-onu-a-efectivos-argentinos-en-haiti","status":"publish","type":"post","link":"http:\/\/www.24baires.com\/?p=62208","title":{"rendered":"Rossi entreg\u00f3 medallas de la ONU a efectivos argentinos en Hait\u00ed"},"content":{"rendered":"<p><img data-recalc-dims=\"1\" loading=\"lazy\" decoding=\"async\" class=\"aligncenter size-full wp-image-61674\" src=\"https:\/\/i0.wp.com\/www.24baires.com\/wp-content\/uploads\/2015\/02\/rossi1.jpg?resize=560%2C373\" alt=\"rossi\" width=\"560\" height=\"373\" srcset=\"https:\/\/i0.wp.com\/www.24baires.com\/wp-content\/uploads\/2015\/02\/rossi1.jpg?w=560 560w, https:\/\/i0.wp.com\/www.24baires.com\/wp-content\/uploads\/2015\/02\/rossi1.jpg?resize=300%2C200 300w\" sizes=\"auto, (max-width: 560px) 100vw, 560px\" \/>El ministro de Defensa se\u00f1al\u00f3 que \u201cesta misi\u00f3n argentina en Hait\u00ed, la vig\u00e9sima y \u00faltima, marca un hecho significativo para las Fuerzas Armadas,\u00bb porque \u00abimplica una participaci\u00f3n de m\u00e1s de 12.600 efectivos en estos diez a\u00f1os\u201d.<!--more--><\/p>\n<p>\u201cSi tenemos en cuenta que en general las Fuerzas Armadas tienen alrededor de 50.000 efectivos, esto implica una participaci\u00f3n de m\u00e1s del 20 por ciento en Hait\u00ed, lo que sin dudas deja en claro el compromiso que asumimos como pa\u00eds para con el pueblo haitiano\u201d, remarc\u00f3 Rossi.<\/p>\n<p>Indic\u00f3 que \u201ceste hecho pone en relieve la capacidad de nuestras Fuerzas Armadas para afrontar desaf\u00edos y cumplir con las expectativas que las circunstancias demanden y en este caso esas expectativas se han cumplido largamente\u201d.<\/p>\n<p>Insisti\u00f3 en que \u201cno nos vamos por decisi\u00f3n propia, sino por una decisi\u00f3n de las Naciones Unidas que ha reformulado su participaci\u00f3n en Hait\u00ed, pero vamos a dejar una representaci\u00f3n sumamente importante, ya que el Hospital Reubicable seguir\u00e1 funcionando aqu\u00ed, en Puerto Pr\u00edncipe con alrededor de 70 efectivos, lo que continuar\u00e1 marcando la presencia argentina en la Minustah\u201d.<\/p>\n<p>Rossi agradeci\u00f3 la consideraci\u00f3n del Representante de la ONU, Carl Alexander, qui\u00e9n destac\u00f3 el \u201cprofesionalismo y predisposici\u00f3n\u201d de las Fuerzas Armadas argentinas para actuar brindando \u201cseguridad y asistencia\u201d al pueblo haitiano.<\/p>\n<p>Por su parte el Brigadier General Jorge Pe\u00f1a Leiva, del Ej\u00e9rcito de Chile, comandante en estos momentos de la Misi\u00f3n de Paz en Hait\u00ed, destac\u00f3 tambi\u00e9n el trabajo realizado por los militares argentinos.<\/p>\n<p>\u201cHan desplegado una tarea sumamente trascendental en cuanto a su tarea espec\u00edfica, pero adem\u00e1s en lo que hace al aporte hacia la poblaci\u00f3n de Hait\u00ed, que ha reconocido permanentemente ese accionar\u201d, remarc\u00f3.<\/p>\n<p>Sobre el repliegue de fuerzas dispuesto por la ONU, Pe\u00f1a Leiva puntualiz\u00f3 que \u201cnosotros no participamos de esa decisi\u00f3n, solamente debemos pensar en la manera de resolver este repliegue y en lo que va a significar contar con un n\u00famero menor de efectivos\u201d.<\/p>\n<p>\u201cConfiamos en la capacitaci\u00f3n que estamos realizando de la polic\u00eda haitiana y en que esta pueda ir supliendo esa ausencia de efectivos de la Fuerza de Paz. Las cosas en Hait\u00ed han mejorado mucho desde que iniciamos la misi\u00f3n en 2004 y esperemos que esa mejora se consolide y haga menos necesaria cada vez nuestra presencia\u201d, afirm\u00f3 en ese sentido.<\/p>\n<p>Rossi particip\u00f3 hoy de la ceremonia \u201cMedal Parade\u201d, en la que las Naciones Unidas entreg\u00f3 distinciones a los efectivos de la fuerza de paz que se encuentra operando en Hait\u00ed, entre ellos los Cascos Azules argentinos.<\/p>\n<p>&nbsp;<\/p>\n<p>&nbsp;<\/p>\n<p>&nbsp;<\/p>\n<p>&nbsp;<\/p>\n<p>&nbsp;<\/p>\n<p>&nbsp;<\/p>\n<p>&nbsp;<\/p>\n<p>&nbsp;<\/p>\n<p>&nbsp;<\/p>\n","protected":false},"excerpt":{"rendered":"<p>El ministro de Defensa se\u00f1al\u00f3 que \u201cesta misi\u00f3n argentina en Hait\u00ed, la vig\u00e9sima y \u00faltima, marca un hecho significativo para las Fuerzas Armadas,\u00bb porque \u00abimplica una participaci\u00f3n de m\u00e1s de 12.600 efectivos en estos diez a\u00f1os\u201d.<\/p>\n","protected":false},"author":8,"featured_media":0,"comment_status":"open","ping_status":"open","sticky":false,"template":"","format":"standard","meta":{"_jetpack_newsletter_access":"","_jetpack_dont_email_post_to_subs":false,"_jetpack_newsletter_tier_id":0,"_jetpack_memberships_contains_paywalled_content":false,"_jetpack_memberships_contains_paid_content":false,"footnotes":""},"categories":[51],"tags":[],"class_list":["post-62208","post","type-post","status-publish","format-standard","hentry","category-politica"],"jetpack_shortlink":"https:\/\/wp.me\/p2JWE0-gbm","jetpack-related-posts":[{"id":31051,"url":"http:\/\/www.24baires.com\/?p=31051","url_meta":{"origin":62208,"position":0},"title":"\u00abArgentina tiene un compromiso genuino y efectivo con la paz\u201d","author":"GB","date":"30\/08\/2013","format":false,"excerpt":"El ministro de Defensa, Agust\u00edn Rossi, dijo que la \"Argentina tiene un compromiso genuino y efectivo con la paz\", al despedir a un nuevo contingente de cascos azules destinado a la Fuerza de paz de la ONU en Chipre (Unficyp). \"La participaci\u00f3n de nuestro pa\u00eds en esta misi\u00f3n desde 1993\u2026","rel":"","context":"En \u00abPol\u00edtica\u00bb","block_context":{"text":"Pol\u00edtica","link":"http:\/\/www.24baires.com\/?cat=51"},"img":{"alt_text":"Rossi1","src":"https:\/\/i0.wp.com\/www.24baires.com\/wp-content\/uploads\/2013\/08\/Rossi1-300x190.jpg?resize=350%2C200","width":350,"height":200},"classes":[]},{"id":28263,"url":"http:\/\/www.24baires.com\/?p=28263","url_meta":{"origin":62208,"position":1},"title":"Ministro Rossi: \u00abEl espionaje mostr\u00f3 la importancia de producir para la defensa\u00bb","author":"Grupo Sierra","date":"14\/07\/2013","format":false,"excerpt":"El ministro de Defensa consider\u00f3 \"clave\" que nuestro pa\u00eds pueda tener su \"propio sistema de radarizaci\u00f3n\", en especial \"a partir de los \u00faltimos hechos en materia de inteligencia y con el espionaje de una red internacional en la regi\u00f3n\". En declaraciones a T\u00e9lam, Agust\u00edn Rossi repas\u00f3 los anuncios realizados por\u2026","rel":"","context":"En \u00abPol\u00edtica\u00bb","block_context":{"text":"Pol\u00edtica","link":"http:\/\/www.24baires.com\/?cat=51"},"img":{"alt_text":"","src":"https:\/\/i0.wp.com\/www.24baires.com\/wp-content\/uploads\/2013\/07\/cascos_azules_60082.jpg?resize=350%2C200","width":350,"height":200,"srcset":"https:\/\/i0.wp.com\/www.24baires.com\/wp-content\/uploads\/2013\/07\/cascos_azules_60082.jpg?resize=350%2C200 1x, https:\/\/i0.wp.com\/www.24baires.com\/wp-content\/uploads\/2013\/07\/cascos_azules_60082.jpg?resize=525%2C300 1.5x"},"classes":[]},{"id":31416,"url":"http:\/\/www.24baires.com\/?p=31416","url_meta":{"origin":62208,"position":2},"title":"Randazzo y Rossi firmaron un acuerdo para recuperar la industria ferroviaria","author":"GB","date":"06\/09\/2013","format":false,"excerpt":"Los ministros del Interior y Transporte, Florencio Randazzo; y de Defensa, Agust\u00edn Rossi, firmaron un convenio destinado a realizar un trabajo conjunto para recuperar la industria ferroviaria. \"Era una capacidad que se hab\u00eda perdido y que ahora estamos en condiciones de recuperar\", sostuvo Rossi sobre el aporte de Fabricaciones Militares\u2026","rel":"","context":"En \u00abEconom\u00eda\u00bb","block_context":{"text":"Econom\u00eda","link":"http:\/\/www.24baires.com\/?cat=45"},"img":{"alt_text":"","src":"","width":0,"height":0},"classes":[]},{"id":51439,"url":"http:\/\/www.24baires.com\/?p=51439","url_meta":{"origin":62208,"position":3},"title":"Rossi pidi\u00f3 \u00abla colaboraci\u00f3n de las Fuerzas Armadas para encontrar a los 400 nietos\u00bb","author":"Grupo Sierra","date":"08\/08\/2014","format":false,"excerpt":"El titular de Defensa abog\u00f3 por el encuentro de \"quienes a\u00fan no recuperaron su identidad\". El ministro de Defensa de la Naci\u00f3n, Agust\u00edn Rossi, expres\u00f3 su \"profunda alegr\u00eda\" por la reciente recuperaci\u00f3n de la identidad de Guido, nieto de la titular de Plaza de Mayo, Estela de Carlotto. En ese\u2026","rel":"","context":"En \u00abSociedad\u00bb","block_context":{"text":"Sociedad","link":"http:\/\/www.24baires.com\/?cat=1"},"img":{"alt_text":"Rossi actas dictadura madres l\u00ednea fundadora","src":"https:\/\/i0.wp.com\/www.24baires.com\/wp-content\/uploads\/2014\/05\/Rossi-actas-dictadura-madres-l%C3%ADnea-fundadora.jpg?resize=350%2C200","width":350,"height":200,"srcset":"https:\/\/i0.wp.com\/www.24baires.com\/wp-content\/uploads\/2014\/05\/Rossi-actas-dictadura-madres-l%C3%ADnea-fundadora.jpg?resize=350%2C200 1x, https:\/\/i0.wp.com\/www.24baires.com\/wp-content\/uploads\/2014\/05\/Rossi-actas-dictadura-madres-l%C3%ADnea-fundadora.jpg?resize=525%2C300 1.5x"},"classes":[]},{"id":30559,"url":"http:\/\/www.24baires.com\/?p=30559","url_meta":{"origin":62208,"position":4},"title":"Rossi elogi\u00f3 el rol del ejercito y expres\u00f3 la necesidad de vincular a las Fuerzas Armadas con la sociedad","author":"GB","date":"21\/08\/2013","format":false,"excerpt":"Durante un acto con soldados que participaron de las tareas de rescate en la tragedia de Rosario, el ministro de Defensa abog\u00f3 por \u201cconstruir puentes que permitan vincular a las Fuerzas Armadas con la sociedad civil\". \u201cMi objetivo es que cuando termine mi gesti\u00f3n tengamos unas Fuerzas Armadas de las\u2026","rel":"","context":"En \u00abPol\u00edtica\u00bb","block_context":{"text":"Pol\u00edtica","link":"http:\/\/www.24baires.com\/?cat=51"},"img":{"alt_text":"Rossi","src":"https:\/\/i0.wp.com\/www.24baires.com\/wp-content\/uploads\/2013\/08\/Rossi-300x190.jpg?resize=350%2C200","width":350,"height":200},"classes":[]},{"id":103525,"url":"http:\/\/www.24baires.com\/?p=103525","url_meta":{"origin":62208,"position":5},"title":"Presentan proyecto para derogar el decreto de Macri de intervenci\u00f3n de las Fuerzas Armadas","author":"AF","date":"25\/07\/2018","format":false,"excerpt":"Los fundamentos de la iniciativa que encabeza el presidente del bloque FPV-PJ, Agust\u00edn Rossi, sostienen que el presidente \u201ca trav\u00e9s de un simple decreto reglamentario intenta cambiar las bases sobre las que est\u00e1 estructurado nuestro sistema de Defensa Nacional, construido desde la recuperaci\u00f3n democr\u00e1tica\u201d. Diputados y diputadas del bloque FPV-PJ\u2026","rel":"","context":"En \u00abLocales\u00bb","block_context":{"text":"Locales","link":"http:\/\/www.24baires.com\/?cat=38"},"img":{"alt_text":"","src":"https:\/\/i0.wp.com\/www.24baires.com\/wp-content\/uploads\/2018\/07\/macri-fuerzas.jpg?resize=350%2C200","width":350,"height":200,"srcset":"https:\/\/i0.wp.com\/www.24baires.com\/wp-content\/uploads\/2018\/07\/macri-fuerzas.jpg?resize=350%2C200 1x, https:\/\/i0.wp.com\/www.24baires.com\/wp-content\/uploads\/2018\/07\/macri-fuerzas.jpg?resize=525%2C300 1.5x"},"classes":[]}],"jetpack_sharing_enabled":true,"jetpack_likes_enabled":true,"jetpack_featured_media_url":"","_links":{"self":[{"href":"http:\/\/www.24baires.com\/index.php?rest_route=\/wp\/v2\/posts\/62208","targetHints":{"allow":["GET"]}}],"collection":[{"href":"http:\/\/www.24baires.com\/index.php?rest_route=\/wp\/v2\/posts"}],"about":[{"href":"http:\/\/www.24baires.com\/index.php?rest_route=\/wp\/v2\/types\/post"}],"author":[{"embeddable":true,"href":"http:\/\/www.24baires.com\/index.php?rest_route=\/wp\/v2\/users\/8"}],"replies":[{"embeddable":true,"href":"http:\/\/www.24baires.com\/index.php?rest_route=%2Fwp%2Fv2%2Fcomments&post=62208"}],"version-history":[{"count":1,"href":"http:\/\/www.24baires.com\/index.php?rest_route=\/wp\/v2\/posts\/62208\/revisions"}],"predecessor-version":[{"id":62209,"href":"http:\/\/www.24baires.com\/index.php?rest_route=\/wp\/v2\/posts\/62208\/revisions\/62209"}],"wp:attachment":[{"href":"http:\/\/www.24baires.com\/index.php?rest_route=%2Fwp%2Fv2%2Fmedia&parent=62208"}],"wp:term":[{"taxonomy":"category","embeddable":true,"href":"http:\/\/www.24baires.com\/index.php?rest_route=%2Fwp%2Fv2%2Fcategories&post=62208"},{"taxonomy":"post_tag","embeddable":true,"href":"http:\/\/www.24baires.com\/index.php?rest_route=%2Fwp%2Fv2%2Ftags&post=62208"}],"curies":[{"name":"wp","href":"https:\/\/api.w.org\/{rel}","templated":true}]}}