{"id":62199,"date":"2015-02-24T13:31:55","date_gmt":"2015-02-24T16:31:55","guid":{"rendered":"http:\/\/www.24baires.com\/?p=62199"},"modified":"2015-02-25T10:03:36","modified_gmt":"2015-02-25T13:03:36","slug":"parrilli-informo-que-se-denuncio-a-stiuso-por-contrabando","status":"publish","type":"post","link":"http:\/\/www.24baires.com\/?p=62199","title":{"rendered":"Parrilli inform\u00f3 que se denunci\u00f3 a Stiuso por \u00abcontrabando\u00bb"},"content":{"rendered":"<p><img data-recalc-dims=\"1\" loading=\"lazy\" decoding=\"async\" class=\"aligncenter size-full wp-image-44877\" src=\"https:\/\/i0.wp.com\/www.24baires.com\/wp-content\/uploads\/2014\/04\/oscar-parrilli.jpg?resize=560%2C307\" alt=\"oscar parrilli\" width=\"560\" height=\"307\" srcset=\"https:\/\/i0.wp.com\/www.24baires.com\/wp-content\/uploads\/2014\/04\/oscar-parrilli.jpg?w=560 560w, https:\/\/i0.wp.com\/www.24baires.com\/wp-content\/uploads\/2014\/04\/oscar-parrilli.jpg?resize=300%2C164 300w\" sizes=\"auto, (max-width: 560px) 100vw, 560px\" \/>El titular de la Secretar\u00eda de Inteligencia, Oscar Parrilli, inform\u00f3 que se denunci\u00f3 por presunto contrabando y evasi\u00f3n fiscal al ex esp\u00eda Antonio \u201cJaime\u201d Stiuso y a otros dos funcionarios de Inteligencia, Alejandro Patricio y Nicol\u00e1s Gast\u00f3n Mercado.<!--more--><\/p>\n<p>El titular de la Secretaria de Inteligencia, Oscar Parrilli, inform\u00f3 que el Poder Ejecutivo denunci\u00f3 penalmente por \u00abpresunto contrabando y evasi\u00f3n fiscal\u00bb al ex esp\u00eda Antonio \u201cJaime\u201d Stiuso, a Alejandro Patricio y a Nicol\u00e1s Gast\u00f3n Mercado, denuncia que qued\u00f3 radicada en el Juzgado Penal Econ\u00f3mico 3, a cargo del juez Rafael Caputo.<\/p>\n<p>En una conferencia de prensa en Casa de Gobierno, y acompa\u00f1ado por Juan Mart\u00edn Mena, subsecretario de Inteligencia, precis\u00f3 que \u201cgracias a informaci\u00f3n brindada por la Aduana\u00bb pudieron \u00abllegar a la conclusi\u00f3n que, durante el 2013 y el 2014 se realizaron 67 importaciones por 94 mil kilos que tipificamos como contrabando, porque no estuvo destinado a la SIDE ni a cumplir una funci\u00f3n de la Secretar\u00eda\u201d.<\/p>\n<p>Asimismo, destac\u00f3 que se trata de una \u00abcuantiosa maniobra de contrabando\u00bb perpetrada desde esa secretar\u00eda en los a\u00f1os 2013 y 2014, y detall\u00f3 que -tras una investigaci\u00f3n- se detectaron 94 toneladas de importaciones de \u00abdestino incierto\u00bb y precis\u00f3 que \u00abmucha de esa mercader\u00eda ingresaba a nombre de Jaime Stiuso\u00bb, ex funcionario del organismo y separado de sus funciones desde el mes de diciembre \u00faltimo.<\/p>\n<p>Parrilli precis\u00f3 tambi\u00e9n que fueron relevadas en primer t\u00e9rmino mercader\u00edas ingresadas en el per\u00edodo 2013-2014 y que la maniobra fue cometida por \u00abun sector de los funcionarios de la secretar\u00eda en perjuicio del Estado\u00bb y \u00abvali\u00e9ndose del paraguas protector que da la ley\u00bb.<\/p>\n<p>A su vez explic\u00f3 que del relevamiento sobre mercader\u00eda importada ingresada a la dependencia permiti\u00f3 determinar que su origen es \u00abincierto\u00bb y \u00abno se sabe el destino\u00bb, ya que no fueron a ninguna oficina de la ex SIDE.<\/p>\n<p>Por su parte, Mena afirm\u00f3 que en esta denuncia penal por contrabando y evasi\u00f3n fiscal contra personal de la ex SIDE se solicitar\u00e1 la colaboraci\u00f3n de los pa\u00edses desde donde remitieron 94 toneladas de mercader\u00eda para conocer el \u00abcontenido real\u00bb de los embarques y asever\u00f3 que se librar\u00e1n \u00abexhortos internacionales\u00bb y que los delitos denunciados prev\u00e9n penas de 4 a 10 a\u00f1os de prisi\u00f3n.<\/p>\n<p>&nbsp;<\/p>\n<p>&nbsp;<\/p>\n<p>&nbsp;<\/p>\n<p>&nbsp;<\/p>\n<p>&nbsp;<\/p>\n<p>&nbsp;<\/p>\n<p>&nbsp;<\/p>\n<p>&nbsp;<\/p>\n<p>&nbsp;<\/p>\n<p>&nbsp;<\/p>\n<p>&nbsp;<\/p>\n","protected":false},"excerpt":{"rendered":"<p>El titular de la Secretar\u00eda de Inteligencia, Oscar Parrilli, inform\u00f3 que se denunci\u00f3 por presunto contrabando y evasi\u00f3n fiscal al ex esp\u00eda Antonio \u201cJaime\u201d Stiuso y a otros dos funcionarios de Inteligencia, Alejandro Patricio y Nicol\u00e1s Gast\u00f3n Mercado.<\/p>\n","protected":false},"author":8,"featured_media":0,"comment_status":"open","ping_status":"open","sticky":false,"template":"","format":"standard","meta":{"_jetpack_newsletter_access":"","_jetpack_dont_email_post_to_subs":false,"_jetpack_newsletter_tier_id":0,"_jetpack_memberships_contains_paywalled_content":false,"_jetpack_memberships_contains_paid_content":false,"footnotes":""},"categories":[51],"tags":[],"class_list":["post-62199","post","type-post","status-publish","format-standard","hentry","category-politica"],"jetpack_shortlink":"https:\/\/wp.me\/p2JWE0-gbd","jetpack-related-posts":[{"id":63964,"url":"http:\/\/www.24baires.com\/?p=63964","url_meta":{"origin":62199,"position":0},"title":"El Gobierno denunci\u00f3 penalmente al ex agente Stiuso","author":"GB","date":"07\/04\/2015","format":false,"excerpt":"El secretario de Inteligencia, Oscar Parrilli, lo anunci\u00f3 en una conferencia de prensa. La denuncia es incumplimiento de los deberes de funcionario p\u00fablico por haber ocultado informaci\u00f3n sobre el atentado a la Amia. El secretario de Inteligencia, Oscar Parrilli, anunci\u00f3 esta tarde que fue presentada una denuncia penal contra el\u2026","rel":"","context":"En \u00abPol\u00edtica\u00bb","block_context":{"text":"Pol\u00edtica","link":"http:\/\/www.24baires.com\/?cat=51"},"img":{"alt_text":"","src":"https:\/\/i0.wp.com\/www.24baires.com\/wp-content\/uploads\/2015\/04\/parrili1.jpg?resize=350%2C200","width":350,"height":200,"srcset":"https:\/\/i0.wp.com\/www.24baires.com\/wp-content\/uploads\/2015\/04\/parrili1.jpg?resize=350%2C200 1x, https:\/\/i0.wp.com\/www.24baires.com\/wp-content\/uploads\/2015\/04\/parrili1.jpg?resize=525%2C300 1.5x"},"classes":[]},{"id":71306,"url":"http:\/\/www.24baires.com\/?p=71306","url_meta":{"origin":62199,"position":1},"title":"La AFI ampli\u00f3 la denuncia contra Stiuso por encubrimiento del caso AMIA","author":"AF","date":"28\/08\/2015","format":false,"excerpt":"El director de la Agencia Federal de Inteligencia, Oscar Parrilli, inform\u00f3 que se present\u00f3 una ampliaci\u00f3n de denuncia penal contra el ex director general de operaciones de ese organismo. Parrilli denunci\u00f3 adem\u00e1s \"una suerte de acuerdo\" entre el ex esp\u00eda, la embajada de los Estados Unidos y algunos jueces federales\u2026","rel":"","context":"En \u00abJUDICIALES\u00bb","block_context":{"text":"JUDICIALES","link":"http:\/\/www.24baires.com\/?cat=68"},"img":{"alt_text":"oscar parrilli","src":"https:\/\/i0.wp.com\/www.24baires.com\/wp-content\/uploads\/2014\/04\/oscar-parrilli.jpg?resize=350%2C200","width":350,"height":200,"srcset":"https:\/\/i0.wp.com\/www.24baires.com\/wp-content\/uploads\/2014\/04\/oscar-parrilli.jpg?resize=350%2C200 1x, https:\/\/i0.wp.com\/www.24baires.com\/wp-content\/uploads\/2014\/04\/oscar-parrilli.jpg?resize=525%2C300 1.5x"},"classes":[]},{"id":63788,"url":"http:\/\/www.24baires.com\/?p=63788","url_meta":{"origin":62199,"position":2},"title":"Causa AMIA: el Gobierno anuncia que citaron al ex esp\u00eda de la SIDE","author":"GB","date":"01\/04\/2015","format":false,"excerpt":"En conferencia de prensa, el secretario de Inteligencia, Oscar Parrilli, inform\u00f3 la convocatoria al exesp\u00eda para que brinde informaci\u00f3n sobre cuestiones vinculadas a la investigaci\u00f3n de la causa Amia. El secretario de Inteligencia, Oscar Parrilli, detall\u00f3 que la convocatoria al ex esp\u00eda de la SIDE Antonio \"Jaime\" Stiuso se da\u2026","rel":"","context":"En \u00abPol\u00edtica\u00bb","block_context":{"text":"Pol\u00edtica","link":"http:\/\/www.24baires.com\/?cat=51"},"img":{"alt_text":"","src":"https:\/\/i0.wp.com\/www.24baires.com\/wp-content\/uploads\/2015\/04\/parrili.jpg?resize=350%2C200","width":350,"height":200,"srcset":"https:\/\/i0.wp.com\/www.24baires.com\/wp-content\/uploads\/2015\/04\/parrili.jpg?resize=350%2C200 1x, https:\/\/i0.wp.com\/www.24baires.com\/wp-content\/uploads\/2015\/04\/parrili.jpg?resize=525%2C300 1.5x"},"classes":[]},{"id":64099,"url":"http:\/\/www.24baires.com\/?p=64099","url_meta":{"origin":62199,"position":3},"title":"Parrilli le pidi\u00f3 al juez Canicoba que garantice la declaraci\u00f3n de Stiuso","author":"GB","date":"10\/04\/2015","format":false,"excerpt":"El titular de la Secretar\u00eda,, present\u00f3 un escrito ante el juzgado de Canicoba Corral en el que pidieron que, de ser necesario, se disponga el \u201cauxilio de la fuerza p\u00fablica\u201d para que el ex agente declare. Las autoridades de la Secretaria de Inteligencia (SI) solicitaron hoy al juez federal Rodolfo\u2026","rel":"","context":"En \u00abPol\u00edtica\u00bb","block_context":{"text":"Pol\u00edtica","link":"http:\/\/www.24baires.com\/?cat=51"},"img":{"alt_text":"parrili1","src":"https:\/\/i0.wp.com\/www.24baires.com\/wp-content\/uploads\/2015\/04\/parrili1.jpg?resize=350%2C200","width":350,"height":200,"srcset":"https:\/\/i0.wp.com\/www.24baires.com\/wp-content\/uploads\/2015\/04\/parrili1.jpg?resize=350%2C200 1x, https:\/\/i0.wp.com\/www.24baires.com\/wp-content\/uploads\/2015\/04\/parrili1.jpg?resize=525%2C300 1.5x"},"classes":[]},{"id":63870,"url":"http:\/\/www.24baires.com\/?p=63870","url_meta":{"origin":62199,"position":4},"title":"Stiuso deber\u00e1 presentarse en la Secretar\u00eda de Inteligencia este lunes a dar explicaciones","author":"Grupo Sierra","date":"05\/04\/2015","format":false,"excerpt":"El ex director de Operaciones Judiciales de la ex SIDE, Horacio Antonio Stiuso, deber\u00e1 presentarse ma\u00f1ana lunes ante las autoridades de la Secretar\u00eda de Inteligencia (SI) para explicar supuestas \u201cconductas dilatorias e irregulares\u201d en su accionar en la investigaci\u00f3n de la causa AMIA. La citaci\u00f3n fue realizada por el actual\u2026","rel":"","context":"En \u00abPol\u00edtica\u00bb","block_context":{"text":"Pol\u00edtica","link":"http:\/\/www.24baires.com\/?cat=51"},"img":{"alt_text":"","src":"","width":0,"height":0},"classes":[]},{"id":63908,"url":"http:\/\/www.24baires.com\/?p=63908","url_meta":{"origin":62199,"position":5},"title":"Stiuso no se present\u00f3 en la Secretar\u00eda de Inteligencia a dar explicaciones","author":"Grupo Sierra","date":"06\/04\/2015","format":false,"excerpt":"El ex director de Operaciones de la ex SIDE, Horacio Antonio Stiuso, no se present\u00f3 hoy ante las autoridades de la Secretar\u00eda de Inteligencia (SI), para explicar supuestas \u201cconductas dilatorias e irregulares\u201d en su accionar en la investigaci\u00f3n de la causa AMIA, pero s\u00ed lo hizo su abogado, Santiago Blanco\u2026","rel":"","context":"En \u00abPol\u00edtica\u00bb","block_context":{"text":"Pol\u00edtica","link":"http:\/\/www.24baires.com\/?cat=51"},"img":{"alt_text":"","src":"","width":0,"height":0},"classes":[]}],"jetpack_sharing_enabled":true,"jetpack_likes_enabled":true,"jetpack_featured_media_url":"","_links":{"self":[{"href":"http:\/\/www.24baires.com\/index.php?rest_route=\/wp\/v2\/posts\/62199","targetHints":{"allow":["GET"]}}],"collection":[{"href":"http:\/\/www.24baires.com\/index.php?rest_route=\/wp\/v2\/posts"}],"about":[{"href":"http:\/\/www.24baires.com\/index.php?rest_route=\/wp\/v2\/types\/post"}],"author":[{"embeddable":true,"href":"http:\/\/www.24baires.com\/index.php?rest_route=\/wp\/v2\/users\/8"}],"replies":[{"embeddable":true,"href":"http:\/\/www.24baires.com\/index.php?rest_route=%2Fwp%2Fv2%2Fcomments&post=62199"}],"version-history":[{"count":1,"href":"http:\/\/www.24baires.com\/index.php?rest_route=\/wp\/v2\/posts\/62199\/revisions"}],"predecessor-version":[{"id":62200,"href":"http:\/\/www.24baires.com\/index.php?rest_route=\/wp\/v2\/posts\/62199\/revisions\/62200"}],"wp:attachment":[{"href":"http:\/\/www.24baires.com\/index.php?rest_route=%2Fwp%2Fv2%2Fmedia&parent=62199"}],"wp:term":[{"taxonomy":"category","embeddable":true,"href":"http:\/\/www.24baires.com\/index.php?rest_route=%2Fwp%2Fv2%2Fcategories&post=62199"},{"taxonomy":"post_tag","embeddable":true,"href":"http:\/\/www.24baires.com\/index.php?rest_route=%2Fwp%2Fv2%2Ftags&post=62199"}],"curies":[{"name":"wp","href":"https:\/\/api.w.org\/{rel}","templated":true}]}}