{"id":62197,"date":"2015-02-24T13:00:44","date_gmt":"2015-02-24T16:00:44","guid":{"rendered":"http:\/\/www.24baires.com\/?p=62197"},"modified":"2015-02-24T11:16:41","modified_gmt":"2015-02-24T14:16:41","slug":"mar-del-plata-scioli-da-inicio-al-ciclo-lectivo-de-la-escuela-de-policia-local","status":"publish","type":"post","link":"http:\/\/www.24baires.com\/?p=62197","title":{"rendered":"Mar del Plata: Scioli da inicio al ciclo lectivo de la Escuela de Polic\u00eda Local"},"content":{"rendered":"<p><img data-recalc-dims=\"1\" loading=\"lazy\" decoding=\"async\" class=\"aligncenter size-full wp-image-60130\" src=\"https:\/\/i0.wp.com\/www.24baires.com\/wp-content\/uploads\/2015\/01\/scioli-cpc.jpg?resize=560%2C357\" alt=\"scioli cpc\" width=\"560\" height=\"357\" srcset=\"https:\/\/i0.wp.com\/www.24baires.com\/wp-content\/uploads\/2015\/01\/scioli-cpc.jpg?w=560 560w, https:\/\/i0.wp.com\/www.24baires.com\/wp-content\/uploads\/2015\/01\/scioli-cpc.jpg?resize=300%2C191 300w\" sizes=\"auto, (max-width: 560px) 100vw, 560px\" \/>El gobernador Daniel Scioli dar\u00e1 inicio hoy, a las 13.30, al ciclo lectivo de la Escuela de Polic\u00eda Local de Mar del Plata, junto al intendente de General Pueyrredon, Gustavo Pulti; y al ministro de Seguridad, Alejandro Granados.<!--more--><\/p>\n<p>La actividad se realizar\u00e1 en el Instituto de Formaci\u00f3n Policial \u201cJuan Vucetich\u201d sede Mar del Plata, ubicado en Calle Silvestre Tohel N\u00ba 6604 entre Av. Peralta Ramos y Villar.<\/p>\n","protected":false},"excerpt":{"rendered":"<p>El gobernador Daniel Scioli dar\u00e1 inicio hoy, a las 13.30, al ciclo lectivo de la Escuela de Polic\u00eda Local de Mar del Plata, junto al intendente de General Pueyrredon, Gustavo Pulti; y al ministro de Seguridad, Alejandro Granados.<\/p>\n","protected":false},"author":4,"featured_media":0,"comment_status":"open","ping_status":"open","sticky":false,"template":"","format":"standard","meta":{"_jetpack_newsletter_access":"","_jetpack_dont_email_post_to_subs":false,"_jetpack_newsletter_tier_id":0,"_jetpack_memberships_contains_paywalled_content":false,"_jetpack_memberships_contains_paid_content":false,"footnotes":""},"categories":[51],"tags":[],"class_list":["post-62197","post","type-post","status-publish","format-standard","hentry","category-politica"],"jetpack_shortlink":"https:\/\/wp.me\/p2JWE0-gbb","jetpack-related-posts":[{"id":62225,"url":"http:\/\/www.24baires.com\/?p=62225","url_meta":{"origin":62197,"position":0},"title":"Granados: \u00abScioli Presidente va a generar la Polic\u00eda Local en todo el pa\u00eds\u00bb","author":"Grupo Sierra","date":"24\/02\/2015","format":false,"excerpt":"El ministro de Seguridad bonaerense asegur\u00f3 que en caso de que el gobernador Daniel Scioli gane las elecciones implementar\u00e1 \u201cen todo el pa\u00eds\u201d el sistema. El ministro, quien hab\u00eda expresado su voluntad de dejar el ministerio despu\u00e9s de las elecciones y asegur\u00f3 que no se presentar\u00e1 para un nuevo cargo\u2026","rel":"","context":"En \u00abPol\u00edtica\u00bb","block_context":{"text":"Pol\u00edtica","link":"http:\/\/www.24baires.com\/?cat=51"},"img":{"alt_text":"granados cpc pergamino","src":"https:\/\/i0.wp.com\/www.24baires.com\/wp-content\/uploads\/2014\/07\/granados-cpc-pergamino.jpg?resize=350%2C200","width":350,"height":200,"srcset":"https:\/\/i0.wp.com\/www.24baires.com\/wp-content\/uploads\/2014\/07\/granados-cpc-pergamino.jpg?resize=350%2C200 1x, https:\/\/i0.wp.com\/www.24baires.com\/wp-content\/uploads\/2014\/07\/granados-cpc-pergamino.jpg?resize=525%2C300 1.5x"},"classes":[]},{"id":62270,"url":"http:\/\/www.24baires.com\/?p=62270","url_meta":{"origin":62197,"position":1},"title":"Granados promete m\u00e1s seguridad para el pa\u00eds si Scioli es Presidente","author":"GB","date":"25\/02\/2015","format":false,"excerpt":"El ministro de Seguridad bonaerense, Alejandro Granados, asegur\u00f3 que en caso de que el gobernador Daniel Scioli gane las elecciones presidenciales implementar\u00e1 \u201cen todo el pa\u00eds\u201d el sistema de Polic\u00eda Local. El ministro, quien hab\u00eda expresado su voluntad de dejar el ministerio despu\u00e9s de las elecciones y asegur\u00f3 que no\u2026","rel":"","context":"En \u00abPol\u00edtica\u00bb","block_context":{"text":"Pol\u00edtica","link":"http:\/\/www.24baires.com\/?cat=51"},"img":{"alt_text":"granados","src":"https:\/\/i0.wp.com\/www.24baires.com\/wp-content\/uploads\/2014\/04\/granados.jpg?resize=350%2C200","width":350,"height":200,"srcset":"https:\/\/i0.wp.com\/www.24baires.com\/wp-content\/uploads\/2014\/04\/granados.jpg?resize=350%2C200 1x, https:\/\/i0.wp.com\/www.24baires.com\/wp-content\/uploads\/2014\/04\/granados.jpg?resize=525%2C300 1.5x"},"classes":[]},{"id":62029,"url":"http:\/\/www.24baires.com\/?p=62029","url_meta":{"origin":62197,"position":2},"title":"Scioli inici\u00f3 el ciclo lectivo de la Polc\u00eda Local en Jos\u00e9 C. Paz","author":"GB","date":"20\/02\/2015","format":false,"excerpt":"El Gobernador Daniel Scioli inici\u00f3 el ciclo lectivo de la Polic\u00eda Local, en Leandro N. Alem y Altube. Jose C. Paz; previamente recorrer\u00e1 las obras del nuevo edificio de la escuela de Policia Local. La formaci\u00f3n de los pr\u00f3ximos polic\u00edas sigue los lineamientos universitarios planteados para 15 mil aspirantes de\u2026","rel":"","context":"En \u00abLocales\u00bb","block_context":{"text":"Locales","link":"http:\/\/www.24baires.com\/?cat=38"},"img":{"alt_text":"scioli 1","src":"https:\/\/i0.wp.com\/www.24baires.com\/wp-content\/uploads\/2015\/01\/scioli-1.jpg?resize=350%2C200","width":350,"height":200,"srcset":"https:\/\/i0.wp.com\/www.24baires.com\/wp-content\/uploads\/2015\/01\/scioli-1.jpg?resize=350%2C200 1x, https:\/\/i0.wp.com\/www.24baires.com\/wp-content\/uploads\/2015\/01\/scioli-1.jpg?resize=525%2C300 1.5x"},"classes":[]},{"id":24156,"url":"http:\/\/www.24baires.com\/?p=24156","url_meta":{"origin":62197,"position":3},"title":"Scioli inaugur\u00f3 otra Escuela de Polic\u00eda","author":"Grupo Sierra","date":"22\/05\/2013","format":false,"excerpt":"MORENO.- El Gobernador Daniel Scioli puso en marcha una nueva Escuela de Polic\u00eda descentralizada en Moreno y dio inicio al Ciclo Lectivo 2013 con m\u00e1s de 95 aspirantes oriundos del distrito, General Rodr\u00edguez y San Miguel. Estuvo acompa\u00f1ado por el ministro de Justicia y Seguridad, Ricardo Casal, y el diputado\u2026","rel":"","context":"En \u00abProvincia\u00bb","block_context":{"text":"Provincia","link":"http:\/\/www.24baires.com\/?cat=40"},"img":{"alt_text":"","src":"https:\/\/i0.wp.com\/www.24baires.com\/wp-content\/uploads\/2013\/05\/scioli-moreno-policia-esc.jpg?resize=350%2C200","width":350,"height":200,"srcset":"https:\/\/i0.wp.com\/www.24baires.com\/wp-content\/uploads\/2013\/05\/scioli-moreno-policia-esc.jpg?resize=350%2C200 1x, https:\/\/i0.wp.com\/www.24baires.com\/wp-content\/uploads\/2013\/05\/scioli-moreno-policia-esc.jpg?resize=525%2C300 1.5x"},"classes":[]},{"id":33525,"url":"http:\/\/www.24baires.com\/?p=33525","url_meta":{"origin":62197,"position":4},"title":"Desde centros tur\u00edsticos, destacan la importancia de tener 90 d\u00edas de vacaciones","author":"AF","date":"14\/10\/2013","format":false,"excerpt":"El presidente del Colegio de Martilleros de Mar del Plata confirm\u00f3 que hablaron con el gobernador sobre la necesidad de que el ciclo lectivo 2014 comience en marzo. El presidente del Colegio de Martilleros de Mar del Plata, Miguel \u00c1ngel Donsini, destac\u00f3 la gran cantidad de personas que lleg\u00f3 a\u2026","rel":"","context":"En \u00abLocales\u00bb","block_context":{"text":"Locales","link":"http:\/\/www.24baires.com\/?cat=38"},"img":{"alt_text":"mar del plata a full","src":"https:\/\/i0.wp.com\/www.24baires.com\/wp-content\/uploads\/2013\/02\/mar-del-plata-a-full.jpg?resize=350%2C200","width":350,"height":200,"srcset":"https:\/\/i0.wp.com\/www.24baires.com\/wp-content\/uploads\/2013\/02\/mar-del-plata-a-full.jpg?resize=350%2C200 1x, https:\/\/i0.wp.com\/www.24baires.com\/wp-content\/uploads\/2013\/02\/mar-del-plata-a-full.jpg?resize=525%2C300 1.5x"},"classes":[]},{"id":21336,"url":"http:\/\/www.24baires.com\/?p=21336","url_meta":{"origin":62197,"position":5},"title":"El Gobernador inaugur\u00f3 el ciclo lectivo policial 2013 en Berazategui","author":"AF","date":"18\/04\/2013","format":false,"excerpt":"El gobernador Daniel Scioli alent\u00f3 este jueves a seguir fortaleciendo \u201cel compromiso (policial) con la sociedad, con una s\u00f3lida preparaci\u00f3n\u201d, al inaugurar en el distrito de Berazategui el ciclo lectivo 2013 para 1.500 cadetes de tres escuelas del conurbano. Por otra parte, destac\u00f3 los progresos de las escuelas policiales descentralizadas\u2026","rel":"","context":"En \u00abSociedad\u00bb","block_context":{"text":"Sociedad","link":"http:\/\/www.24baires.com\/?cat=1"},"img":{"alt_text":"scioli casal","src":"https:\/\/i0.wp.com\/www.24baires.com\/wp-content\/uploads\/2013\/04\/scioli-casal.png?resize=350%2C200","width":350,"height":200},"classes":[]}],"jetpack_sharing_enabled":true,"jetpack_likes_enabled":true,"jetpack_featured_media_url":"","_links":{"self":[{"href":"http:\/\/www.24baires.com\/index.php?rest_route=\/wp\/v2\/posts\/62197","targetHints":{"allow":["GET"]}}],"collection":[{"href":"http:\/\/www.24baires.com\/index.php?rest_route=\/wp\/v2\/posts"}],"about":[{"href":"http:\/\/www.24baires.com\/index.php?rest_route=\/wp\/v2\/types\/post"}],"author":[{"embeddable":true,"href":"http:\/\/www.24baires.com\/index.php?rest_route=\/wp\/v2\/users\/4"}],"replies":[{"embeddable":true,"href":"http:\/\/www.24baires.com\/index.php?rest_route=%2Fwp%2Fv2%2Fcomments&post=62197"}],"version-history":[{"count":1,"href":"http:\/\/www.24baires.com\/index.php?rest_route=\/wp\/v2\/posts\/62197\/revisions"}],"predecessor-version":[{"id":62198,"href":"http:\/\/www.24baires.com\/index.php?rest_route=\/wp\/v2\/posts\/62197\/revisions\/62198"}],"wp:attachment":[{"href":"http:\/\/www.24baires.com\/index.php?rest_route=%2Fwp%2Fv2%2Fmedia&parent=62197"}],"wp:term":[{"taxonomy":"category","embeddable":true,"href":"http:\/\/www.24baires.com\/index.php?rest_route=%2Fwp%2Fv2%2Fcategories&post=62197"},{"taxonomy":"post_tag","embeddable":true,"href":"http:\/\/www.24baires.com\/index.php?rest_route=%2Fwp%2Fv2%2Ftags&post=62197"}],"curies":[{"name":"wp","href":"https:\/\/api.w.org\/{rel}","templated":true}]}}