{"id":62183,"date":"2015-02-24T10:00:38","date_gmt":"2015-02-24T13:00:38","guid":{"rendered":"http:\/\/www.24baires.com\/?p=62183"},"modified":"2015-02-25T10:03:31","modified_gmt":"2015-02-25T13:03:31","slug":"capitanich-la-asociacion-de-magistrados-no-es-un-organismo-independiente","status":"publish","type":"post","link":"http:\/\/www.24baires.com\/?p=62183","title":{"rendered":"Capitanich: \u00abLa Asociaci\u00f3n de Magistrados no es un organismo independiente\u00bb"},"content":{"rendered":"<p><img data-recalc-dims=\"1\" loading=\"lazy\" decoding=\"async\" class=\"aligncenter size-full wp-image-53422\" src=\"https:\/\/i0.wp.com\/www.24baires.com\/wp-content\/uploads\/2014\/09\/capitanich1.jpg?resize=560%2C420\" alt=\"capitanich\" width=\"560\" height=\"420\" srcset=\"https:\/\/i0.wp.com\/www.24baires.com\/wp-content\/uploads\/2014\/09\/capitanich1.jpg?w=560 560w, https:\/\/i0.wp.com\/www.24baires.com\/wp-content\/uploads\/2014\/09\/capitanich1.jpg?resize=300%2C225 300w\" sizes=\"auto, (max-width: 560px) 100vw, 560px\" \/>El jefe de Gabinete, Jorge Capitanich, asever\u00f3 hoy que tiene su \u00abbasamento en la presi\u00f3n corporativa\u00bb. Por otro lado, destac\u00f3 el trabajo coordinado con el gobierno de Chubut para sofocar el incendio en la localidad de Cholila.<!--more--><\/p>\n<p>El jefe de Gabinete, Jorge Capitanich, advirti\u00f3 hoy sobre la existencia de una \u201ccorrelaci\u00f3n entre servicios de inteligencia desplazados con fiscales y jueces\u00bb para \u00abel hostigamiento\u00bb del Poder Ejecutivo a partir de \u00abcausas inventadas\u00bb y \u00abestrategias de comunicaci\u00f3n para desgastar al Gobierno\u201d.<\/p>\n<p>\u201cNo cabe la menor duda que existe una acci\u00f3n pol\u00edtica permanente y sistem\u00e1tica de la Federaci\u00f3n de Magistrados. No es un organismo independiente, sino con basamento en la presi\u00f3n corporativa\u201d, dijo Capitanich en su habitual conferencia de prensa matutina en Casa de Gobierno.<\/p>\n<p>El jefe de ministros dijo tambi\u00e9n que desde el Gobierno observan que hay \u201cuna correlaci\u00f3n directa entre servicios de inteligencia desplazados con fiscales y jueces, que act\u00faan en una estrategia de hostigamiento permanente y sistem\u00e1tica para promover estr\u00e9pitos desde el punto de vista social, y estrategias de comunicaci\u00f3n para desgastar al gobierno, como parte de un polo opositor\u201d.<\/p>\n<p>\u201cLa Justicia tiene que ser igual para todos, y tiene que ser para todos en el marco del principio de Igualdad ante la Ley del art\u00edculo 16 de la Constituci\u00f3n Nacional, pero nosotros observamos que parte del Poder Judicial tiene acciones que van desde medidas cautelares para evitar la aplicaci\u00f3n de leyes sancionadas por el Congreso, hasta el estancamiento de causas judiciales, y hasta una estrategia de hostigamiento permanente al Poder Ejecutivo a partir de causas inventadas\u201d, indic\u00f3.<\/p>\n<p>Tambi\u00e9n se refiri\u00f3 a los incendios forestales en la localidad chubutense de Cholila y afirm\u00f3 que \u00abse trabaja en forma coordinada\u00bb con la provincia en el marco del Sistema Federal de Manejo del Fuego, implementado por el gobierno nacional.<\/p>\n<p>\u00abSe trabaja en forma coordinada con los recursos log\u00edsticos y humanos en el marco de la coordinaci\u00f3n de pol\u00edticas p\u00fablicas\u00bb, dijo el funcionario nacional al dar detalles de los recursos disponibles para combatir el incendio que ya abarca m\u00e1s de 15 mil hect\u00e1reas.<\/p>\n","protected":false},"excerpt":{"rendered":"<p>El jefe de Gabinete, Jorge Capitanich, asever\u00f3 hoy que tiene su \u00abbasamento en la presi\u00f3n corporativa\u00bb. Por otro lado, destac\u00f3 el trabajo coordinado con el gobierno de Chubut para sofocar el incendio en la localidad de Cholila.<\/p>\n","protected":false},"author":4,"featured_media":0,"comment_status":"open","ping_status":"open","sticky":false,"template":"","format":"standard","meta":{"_jetpack_newsletter_access":"","_jetpack_dont_email_post_to_subs":false,"_jetpack_newsletter_tier_id":0,"_jetpack_memberships_contains_paywalled_content":false,"_jetpack_memberships_contains_paid_content":false,"footnotes":""},"categories":[51],"tags":[],"class_list":["post-62183","post","type-post","status-publish","format-standard","hentry","category-politica"],"jetpack_shortlink":"https:\/\/wp.me\/p2JWE0-gaX","jetpack-related-posts":[{"id":116123,"url":"http:\/\/www.24baires.com\/?p=116123","url_meta":{"origin":62183,"position":0},"title":"\u00abLa Argentina central que tiene periferias no se puede tolerar m\u00e1s\u00bb","author":"AF","date":"01\/09\/2020","format":false,"excerpt":"El Presidente encabez\u00f3 la firma de convenios con el gobernador de Chaco, Jorge Capitanich. En ese marco, defendi\u00f3 el acceso a la conectividad y al conocimiento en todo el pa\u00eds. El presidente Alberto Fern\u00e1ndez reafirm\u00f3 que \"la Argentina central, que tiene dos periferias, al norte y a sur del pa\u00eds,\u2026","rel":"","context":"En \u00abPol\u00edtica\u00bb","block_context":{"text":"Pol\u00edtica","link":"http:\/\/www.24baires.com\/?cat=51"},"img":{"alt_text":"","src":"https:\/\/i0.wp.com\/www.24baires.com\/wp-content\/uploads\/2020\/09\/fern%C3%A1ndez-capitanich.jpg?resize=350%2C200","width":350,"height":200,"srcset":"https:\/\/i0.wp.com\/www.24baires.com\/wp-content\/uploads\/2020\/09\/fern%C3%A1ndez-capitanich.jpg?resize=350%2C200 1x, https:\/\/i0.wp.com\/www.24baires.com\/wp-content\/uploads\/2020\/09\/fern%C3%A1ndez-capitanich.jpg?resize=525%2C300 1.5x"},"classes":[]},{"id":61954,"url":"http:\/\/www.24baires.com\/?p=61954","url_meta":{"origin":62183,"position":1},"title":"Capitanich: \u00abLa Justicia no es independiente de las corporaciones\u00bb","author":"AF","date":"19\/02\/2015","format":false,"excerpt":"El jefe de Gabinete afirm\u00f3 hoy que la justicia en Argentina \"es independiente del poder pol\u00edtico, pero no es independiente de las corporaciones que influyen de modo directo e indirecto para perturbar el funcionamiento normal de las instituciones\". El jefe de Gabinete, Jorge Capitanich, respald\u00f3 hoy el derecho del pueblo\u2026","rel":"","context":"En \u00abPol\u00edtica\u00bb","block_context":{"text":"Pol\u00edtica","link":"http:\/\/www.24baires.com\/?cat=51"},"img":{"alt_text":"capitanich 4","src":"https:\/\/i0.wp.com\/www.24baires.com\/wp-content\/uploads\/2014\/09\/capitanich-4.jpg?resize=350%2C200","width":350,"height":200,"srcset":"https:\/\/i0.wp.com\/www.24baires.com\/wp-content\/uploads\/2014\/09\/capitanich-4.jpg?resize=350%2C200 1x, https:\/\/i0.wp.com\/www.24baires.com\/wp-content\/uploads\/2014\/09\/capitanich-4.jpg?resize=525%2C300 1.5x"},"classes":[]},{"id":57631,"url":"http:\/\/www.24baires.com\/?p=57631","url_meta":{"origin":62183,"position":2},"title":"Capitanich: \u00abEl accionar de Bonadio es parte de una estrategia de golpismo activo\u00bb","author":"AF","date":"25\/11\/2014","format":false,"excerpt":"El jefe de Gabinete, Jorge Capitanich, ratific\u00f3 que el accionar del magistrado en la causa que investiga a la empresa Hotesur, de la que la presidenta Cristina Fern\u00e1ndez de Kirchner es accionista, es \"una estrategia de golpismo activo\" para \"hostigar\" al Gobierno nacional. El jefe de Gabinete, Jorge Capitanich, sostuvo\u2026","rel":"","context":"En \u00abPol\u00edtica\u00bb","block_context":{"text":"Pol\u00edtica","link":"http:\/\/www.24baires.com\/?cat=51"},"img":{"alt_text":"capitanich","src":"https:\/\/i0.wp.com\/www.24baires.com\/wp-content\/uploads\/2014\/09\/capitanich1.jpg?resize=350%2C200","width":350,"height":200,"srcset":"https:\/\/i0.wp.com\/www.24baires.com\/wp-content\/uploads\/2014\/09\/capitanich1.jpg?resize=350%2C200 1x, https:\/\/i0.wp.com\/www.24baires.com\/wp-content\/uploads\/2014\/09\/capitanich1.jpg?resize=525%2C300 1.5x"},"classes":[]},{"id":47935,"url":"http:\/\/www.24baires.com\/?p=47935","url_meta":{"origin":62183,"position":3},"title":"Capitanich: \u00abHay un poder invisible que act\u00faa para condicionar gobiernos\u00bb","author":"GB","date":"13\/06\/2014","format":false,"excerpt":"El jefe de Gabinete, Jorge Capitanich, sostuvo que se da la contradicci\u00f3n \"democracia versus corporaciones\", e identific\u00f3 entre ellas a Clar\u00edn. Cuestion\u00f3 tambi\u00e9n a los dirigentes pol\u00edticos \"que son gerentes, empleados o marionetas\" de grupos econ\u00f3micos. El jefe de Gabinete, Jorge Capitanich, asegur\u00f3 hoy que en el pa\u00eds existe \"un\u2026","rel":"","context":"En \u00abPol\u00edtica\u00bb","block_context":{"text":"Pol\u00edtica","link":"http:\/\/www.24baires.com\/?cat=51"},"img":{"alt_text":"Capitanich","src":"https:\/\/i0.wp.com\/www.24baires.com\/wp-content\/uploads\/2014\/01\/Capitanich.jpg?resize=350%2C200","width":350,"height":200,"srcset":"https:\/\/i0.wp.com\/www.24baires.com\/wp-content\/uploads\/2014\/01\/Capitanich.jpg?resize=350%2C200 1x, https:\/\/i0.wp.com\/www.24baires.com\/wp-content\/uploads\/2014\/01\/Capitanich.jpg?resize=525%2C300 1.5x"},"classes":[]},{"id":61882,"url":"http:\/\/www.24baires.com\/?p=61882","url_meta":{"origin":62183,"position":4},"title":"Capitanich: \u201cLa Justicia argentina busca la desestabilizaci\u00f3n pol\u00edtica\u201d","author":"AF","date":"18\/02\/2015","format":false,"excerpt":"El jefe de Gabinete, Jorge Capitanich, afirm\u00f3 adem\u00e1s que \"la justicia argentina s\u00f3lo funciona sobre una estrategia corporativa\u201d y que \u201ces \"absolutamente dependiente del poder econ\u00f3mico y concentrado\". \"La justicia argentina solo funciona sobre una estrategia corporativa, que tiende a la desestabilizaci\u00f3n desde el punto de vista pol\u00edtico, con otra\u2026","rel":"","context":"En \u00abPol\u00edtica\u00bb","block_context":{"text":"Pol\u00edtica","link":"http:\/\/www.24baires.com\/?cat=51"},"img":{"alt_text":"capitanich 4","src":"https:\/\/i0.wp.com\/www.24baires.com\/wp-content\/uploads\/2014\/09\/capitanich-4.jpg?resize=350%2C200","width":350,"height":200,"srcset":"https:\/\/i0.wp.com\/www.24baires.com\/wp-content\/uploads\/2014\/09\/capitanich-4.jpg?resize=350%2C200 1x, https:\/\/i0.wp.com\/www.24baires.com\/wp-content\/uploads\/2014\/09\/capitanich-4.jpg?resize=525%2C300 1.5x"},"classes":[]},{"id":44653,"url":"http:\/\/www.24baires.com\/?p=44653","url_meta":{"origin":62183,"position":5},"title":"Capitanich: \u00abTodos los indicadores sociales mejoraron de modo sustancial\u00bb","author":"AF","date":"25\/04\/2014","format":false,"excerpt":"Lo asegur\u00f3 hoy el jefe de Gabinete, Jorge Capitanich, \"independientemente de la metodolog\u00eda que se adopte\" para medir la pobreza y la indigencia. Capitanich asegur\u00f3 hoy que \"independientemente de la metodolog\u00eda que se adopte\" para medir la pobreza y la indigencia, \"todos los indicadores determinan clara y contundentemente que las\u2026","rel":"","context":"En \u00abSociedad\u00bb","block_context":{"text":"Sociedad","link":"http:\/\/www.24baires.com\/?cat=1"},"img":{"alt_text":"capitanich","src":"https:\/\/i0.wp.com\/www.24baires.com\/wp-content\/uploads\/2014\/04\/capitanich.jpg?resize=350%2C200","width":350,"height":200,"srcset":"https:\/\/i0.wp.com\/www.24baires.com\/wp-content\/uploads\/2014\/04\/capitanich.jpg?resize=350%2C200 1x, https:\/\/i0.wp.com\/www.24baires.com\/wp-content\/uploads\/2014\/04\/capitanich.jpg?resize=525%2C300 1.5x"},"classes":[]}],"jetpack_sharing_enabled":true,"jetpack_likes_enabled":true,"jetpack_featured_media_url":"","_links":{"self":[{"href":"http:\/\/www.24baires.com\/index.php?rest_route=\/wp\/v2\/posts\/62183","targetHints":{"allow":["GET"]}}],"collection":[{"href":"http:\/\/www.24baires.com\/index.php?rest_route=\/wp\/v2\/posts"}],"about":[{"href":"http:\/\/www.24baires.com\/index.php?rest_route=\/wp\/v2\/types\/post"}],"author":[{"embeddable":true,"href":"http:\/\/www.24baires.com\/index.php?rest_route=\/wp\/v2\/users\/4"}],"replies":[{"embeddable":true,"href":"http:\/\/www.24baires.com\/index.php?rest_route=%2Fwp%2Fv2%2Fcomments&post=62183"}],"version-history":[{"count":1,"href":"http:\/\/www.24baires.com\/index.php?rest_route=\/wp\/v2\/posts\/62183\/revisions"}],"predecessor-version":[{"id":62184,"href":"http:\/\/www.24baires.com\/index.php?rest_route=\/wp\/v2\/posts\/62183\/revisions\/62184"}],"wp:attachment":[{"href":"http:\/\/www.24baires.com\/index.php?rest_route=%2Fwp%2Fv2%2Fmedia&parent=62183"}],"wp:term":[{"taxonomy":"category","embeddable":true,"href":"http:\/\/www.24baires.com\/index.php?rest_route=%2Fwp%2Fv2%2Fcategories&post=62183"},{"taxonomy":"post_tag","embeddable":true,"href":"http:\/\/www.24baires.com\/index.php?rest_route=%2Fwp%2Fv2%2Ftags&post=62183"}],"curies":[{"name":"wp","href":"https:\/\/api.w.org\/{rel}","templated":true}]}}