{"id":62181,"date":"2015-02-23T22:32:19","date_gmt":"2015-02-24T01:32:19","guid":{"rendered":"http:\/\/www.24baires.com\/?p=62181"},"modified":"2015-02-23T22:32:19","modified_gmt":"2015-02-24T01:32:19","slug":"timerman-vs-carrio-round-ii","status":"publish","type":"post","link":"http:\/\/www.24baires.com\/?p=62181","title":{"rendered":"Timerman vs Carri\u00f3, round II"},"content":{"rendered":"<p><img data-recalc-dims=\"1\" loading=\"lazy\" decoding=\"async\" class=\"aligncenter size-full wp-image-52714\" src=\"https:\/\/i0.wp.com\/www.24baires.com\/wp-content\/uploads\/2014\/08\/timerman.jpg?resize=560%2C333\" alt=\"timerman\" width=\"560\" height=\"333\" srcset=\"https:\/\/i0.wp.com\/www.24baires.com\/wp-content\/uploads\/2014\/08\/timerman.jpg?w=560 560w, https:\/\/i0.wp.com\/www.24baires.com\/wp-content\/uploads\/2014\/08\/timerman.jpg?resize=300%2C178 300w\" sizes=\"auto, (max-width: 560px) 100vw, 560px\" \/>El canciller contest\u00f3 al pedido de informaci\u00f3n de la diputada sobre la presencia de\u00bbagentes sirios e iran\u00edes\u00bb en el pa\u00eds.<!--more--><\/p>\n<p>Luego de que la diputada Elisa Carri\u00f3 exigiera respuestas sobre una supuesta presencia de agentes sirios e iran\u00edes en el pa\u00eds, el canciller H\u00e9ctor Timerman env\u00edo una carta documento a la legisladora en la que desmiente la denuncia.<\/p>\n<p>En ese sentido, respecto de las acusaciones de Carri\u00f3 que indicaban una supuesta reuni\u00f3n entre Timerman, el embajador argentino en Uruguay, Dante Dovena y el titular de la Secretar\u00eda de Inteligencia, Oscar Parrilli, con \u00abagentes sirios e iran\u00edes\u00bb, el canciller respondi\u00f3: \u00abDicha reuni\u00f3n tuvo por objeto el an\u00e1lisis de distintos temas de la agenda de gobierno. Niego que haya sido objeto de esa reuni\u00f3n &#8216;la presencia de diplom\u00e1ticos sirios y\/o iran\u00edes, que viajaron en los d\u00edas de la muerte del fiscal Nisman en la empresa Buqueb\u00fas haciendo la ruta Buenos Aires Montevideo, pudiendo los mismos ser agentes de inteligencia de esos pa\u00edses (sic)\u00bb.<\/p>\n<p>Adem\u00e1s, en la misiva, Timerman agreg\u00f3: \u00abComo as\u00ed tambi\u00e9n niego que -el encuentro- haya versado sobre temas relativos al fiscal Alberto Nisman u otros vinculados a hechos de terrorismo, por lo que nada ha debido este Ministerio informar y\/o denunciar a ninguna instancia judicial\u00bb.<\/p>\n<p>\u00abEn caso de que usted tenga informaci\u00f3n referida\u00bb a la posible presencia de agentes extranjeros de inteligencia, sigue la carta, \u00abse recuerda que le resulta aplicable lo dispuesto por el art\u00edculo 177 inciso 1 del C\u00f3digo Procesal Penal de la Naci\u00f3n, encontr\u00e1ndose en caso de incumplimiento, incursa en el delito de encubrimiento\u00bb.<\/p>\n<p>La diputada Carri\u00f3 hab\u00eda enviado una carta documento que ped\u00eda: \u00abSolicito informe en qu\u00e9 fecha del mes en curso y por qu\u00e9 razones tuvo lugar en la sede del Ministerio de Relaciones Exteriores y Culto a su cargo una reuni\u00f3n entre usted, el Embajador Argentino en Uruguay Dante Dovena, y el Secretario de Inteligencia de la Naci\u00f3n Oscar Parilli. Si fue objeto de esa reuni\u00f3n la presencia de diplom\u00e1ticos sirios y\/o iran\u00edes, que viajaron en los d\u00edas de la muerte del Fiscal Nisman en la empresa Buquebus haciendo la ruta Buenos Aires-Montevideo, pudiendo los mismos ser agentes de inteligencia de esos pa\u00edses\u00bb.<\/p>\n<p>&nbsp;<\/p>\n<p>&nbsp;<\/p>\n<p>&nbsp;<\/p>\n<p>&nbsp;<\/p>\n","protected":false},"excerpt":{"rendered":"<p>El canciller contest\u00f3 al pedido de informaci\u00f3n de la diputada sobre la presencia de\u00bbagentes sirios e iran\u00edes\u00bb en el pa\u00eds.<\/p>\n","protected":false},"author":11,"featured_media":0,"comment_status":"open","ping_status":"open","sticky":false,"template":"","format":"standard","meta":{"_jetpack_newsletter_access":"","_jetpack_dont_email_post_to_subs":false,"_jetpack_newsletter_tier_id":0,"_jetpack_memberships_contains_paywalled_content":false,"_jetpack_memberships_contains_paid_content":false,"footnotes":""},"categories":[51],"tags":[],"class_list":["post-62181","post","type-post","status-publish","format-standard","hentry","category-politica"],"jetpack_shortlink":"https:\/\/wp.me\/p2JWE0-gaV","jetpack-related-posts":[{"id":16920,"url":"http:\/\/www.24baires.com\/?p=16920","url_meta":{"origin":62181,"position":0},"title":"Contin\u00faa el debate en la C\u00e1mara de Diputados por el entendimiento con Ir\u00e1n","author":"Grupo Sierra","date":"27\/02\/2013","format":false,"excerpt":"La C\u00e1mara baja inici\u00f3 el debate a las 12.32 para buscar convertir en ley la ratificaci\u00f3n del acuerdo suscripto entre Argentina e Ir\u00e1n para que sean interrogados los funcionarios acusados de participar en el atentado a la AMIA. Durante la sesi\u00f3n, que se inici\u00f3 con la presencia de 132 legisladores\u2026","rel":"","context":"En \u00abPol\u00edtica\u00bb","block_context":{"text":"Pol\u00edtica","link":"http:\/\/www.24baires.com\/?cat=51"},"img":{"alt_text":"sesion especial amia","src":"https:\/\/i0.wp.com\/www.24baires.com\/wp-content\/uploads\/2013\/02\/sesion-especial-amia-300x199.jpg?resize=350%2C200","width":350,"height":200},"classes":[]},{"id":35691,"url":"http:\/\/www.24baires.com\/?p=35691","url_meta":{"origin":62181,"position":1},"title":"El Gobierno propuso a Ir\u00e1n concretar en 12 meses los objetivos del memor\u00e1ndum","author":"Grupo Sierra","date":"24\/11\/2013","format":false,"excerpt":"El canciller H\u00e9ctor Timerman inform\u00f3 que funcionarios del Gobierno argentino se reunieron en Zurich con pares iran\u00edes para avanzar en la concreci\u00f3n de los objetivos del memor\u00e1ndum de entendimiento con ese pa\u00eds, dentro de un lapso de 12 meses. Timerman habl\u00f3 en la sala de conferencias de la Casa Rosada,\u2026","rel":"","context":"En \u00abPol\u00edtica\u00bb","block_context":{"text":"Pol\u00edtica","link":"http:\/\/www.24baires.com\/?cat=51"},"img":{"alt_text":"","src":"","width":0,"height":0},"classes":[]},{"id":61058,"url":"http:\/\/www.24baires.com\/?p=61058","url_meta":{"origin":62181,"position":2},"title":"\u00abHicimos todo lo posible para ayudar al juez a llevar justicia a las v\u00edctimas de la AMIA\u00bb","author":"AF","date":"31\/01\/2015","format":false,"excerpt":"El canciller H\u00e9ctor Timerman asegur\u00f3 hoy que tanto la presidenta Cristina Fern\u00e1ndez de Kirchner como \u00e9l hicieron \u201ctodo lo posible para ayudar al juez a que lleve justicia a las v\u00edctimas del ataque\u201d a la AMIA, ocurrido en 1994. En una entrevista radial con NPR, uno de los medios de\u2026","rel":"","context":"En \u00abJUDICIALES\u00bb","block_context":{"text":"JUDICIALES","link":"http:\/\/www.24baires.com\/?cat=68"},"img":{"alt_text":"timerman","src":"https:\/\/i0.wp.com\/www.24baires.com\/wp-content\/uploads\/2014\/08\/timerman.jpg?resize=350%2C200","width":350,"height":200,"srcset":"https:\/\/i0.wp.com\/www.24baires.com\/wp-content\/uploads\/2014\/08\/timerman.jpg?resize=350%2C200 1x, https:\/\/i0.wp.com\/www.24baires.com\/wp-content\/uploads\/2014\/08\/timerman.jpg?resize=525%2C300 1.5x"},"classes":[]},{"id":60675,"url":"http:\/\/www.24baires.com\/?p=60675","url_meta":{"origin":62181,"position":3},"title":"\u00abTodo lo que hace Clar\u00edn es para perjudicar la gobernabilidad en Argentina\u00bb","author":"GB","date":"24\/01\/2015","format":false,"excerpt":"El canciller denunci\u00f3 la manipulaci\u00f3n por parte del diario de informaci\u00f3n falsa sobre la firma del Memor\u00e1ndum con Ir\u00e1n y la pol\u00edtica seguida por el gobierno sobre las alertas rojas de Interpol. El canciller asegur\u00f3 hoy que el dario Clar\u00edn \"manipula informaci\u00f3n\", ante la publicaci\u00f3n de un cable de marzo\u2026","rel":"","context":"En \u00abPol\u00edtica\u00bb","block_context":{"text":"Pol\u00edtica","link":"http:\/\/www.24baires.com\/?cat=51"},"img":{"alt_text":"timerman","src":"https:\/\/i0.wp.com\/www.24baires.com\/wp-content\/uploads\/2014\/08\/timerman.jpg?resize=350%2C200","width":350,"height":200,"srcset":"https:\/\/i0.wp.com\/www.24baires.com\/wp-content\/uploads\/2014\/08\/timerman.jpg?resize=350%2C200 1x, https:\/\/i0.wp.com\/www.24baires.com\/wp-content\/uploads\/2014\/08\/timerman.jpg?resize=525%2C300 1.5x"},"classes":[]},{"id":62096,"url":"http:\/\/www.24baires.com\/?p=62096","url_meta":{"origin":62181,"position":4},"title":"\u00abSe actu\u00f3 en nombre de las v\u00edctimas al firmar el Memorando con Ir\u00e1n\u00bb, asegur\u00f3 Timerman","author":"GB","date":"22\/02\/2015","format":false,"excerpt":"Lo asegur\u00f3 el canciller H\u00e9ctor Timerman, y remarc\u00f3 que el Ejecutivo \"no tiene nada que esconder\" sobre los t\u00e9rminos de la firma del Memorando de Entendimiento con Ir\u00e1n. \"Ni la Presidenta ni yo hicimos algo mal\", subray\u00f3. \u201cNo tengo nada que esconder. Ni la presidenta (Cristina Fern\u00e1ndez de Kirchner) ni\u2026","rel":"","context":"En \u00abPol\u00edtica\u00bb","block_context":{"text":"Pol\u00edtica","link":"http:\/\/www.24baires.com\/?cat=51"},"img":{"alt_text":"timerman","src":"https:\/\/i0.wp.com\/www.24baires.com\/wp-content\/uploads\/2014\/08\/timerman.jpg?resize=350%2C200","width":350,"height":200,"srcset":"https:\/\/i0.wp.com\/www.24baires.com\/wp-content\/uploads\/2014\/08\/timerman.jpg?resize=350%2C200 1x, https:\/\/i0.wp.com\/www.24baires.com\/wp-content\/uploads\/2014\/08\/timerman.jpg?resize=525%2C300 1.5x"},"classes":[]},{"id":32542,"url":"http:\/\/www.24baires.com\/?p=32542","url_meta":{"origin":62181,"position":5},"title":"Argentina e Ir\u00e1n mantendr\u00e1n este s\u00e1bado una reuni\u00f3n bilateral por la AMIA","author":"GB","date":"26\/09\/2013","format":false,"excerpt":"El Canciller confirm\u00f3 que las autoridades diplom\u00e1ticas de la Rep\u00fablica Isl\u00e1mica de Ir\u00e1n solicitaron un encuentro, previsto para el s\u00e1bado en la sede de la ONU, para abordar puntualmente \"el tema del memorando de entendimiento\" firmado entre ambos pa\u00edses para avanzar en la investigaci\u00f3n del atentado a la AMIA. As\u00ed\u2026","rel":"","context":"En \u00abPol\u00edtica\u00bb","block_context":{"text":"Pol\u00edtica","link":"http:\/\/www.24baires.com\/?cat=51"},"img":{"alt_text":"","src":"","width":0,"height":0},"classes":[]}],"jetpack_sharing_enabled":true,"jetpack_likes_enabled":true,"jetpack_featured_media_url":"","_links":{"self":[{"href":"http:\/\/www.24baires.com\/index.php?rest_route=\/wp\/v2\/posts\/62181","targetHints":{"allow":["GET"]}}],"collection":[{"href":"http:\/\/www.24baires.com\/index.php?rest_route=\/wp\/v2\/posts"}],"about":[{"href":"http:\/\/www.24baires.com\/index.php?rest_route=\/wp\/v2\/types\/post"}],"author":[{"embeddable":true,"href":"http:\/\/www.24baires.com\/index.php?rest_route=\/wp\/v2\/users\/11"}],"replies":[{"embeddable":true,"href":"http:\/\/www.24baires.com\/index.php?rest_route=%2Fwp%2Fv2%2Fcomments&post=62181"}],"version-history":[{"count":1,"href":"http:\/\/www.24baires.com\/index.php?rest_route=\/wp\/v2\/posts\/62181\/revisions"}],"predecessor-version":[{"id":62182,"href":"http:\/\/www.24baires.com\/index.php?rest_route=\/wp\/v2\/posts\/62181\/revisions\/62182"}],"wp:attachment":[{"href":"http:\/\/www.24baires.com\/index.php?rest_route=%2Fwp%2Fv2%2Fmedia&parent=62181"}],"wp:term":[{"taxonomy":"category","embeddable":true,"href":"http:\/\/www.24baires.com\/index.php?rest_route=%2Fwp%2Fv2%2Fcategories&post=62181"},{"taxonomy":"post_tag","embeddable":true,"href":"http:\/\/www.24baires.com\/index.php?rest_route=%2Fwp%2Fv2%2Ftags&post=62181"}],"curies":[{"name":"wp","href":"https:\/\/api.w.org\/{rel}","templated":true}]}}