{"id":62150,"date":"2015-02-23T16:00:48","date_gmt":"2015-02-23T19:00:48","guid":{"rendered":"http:\/\/www.24baires.com\/?p=62150"},"modified":"2015-02-23T16:19:55","modified_gmt":"2015-02-23T19:19:55","slug":"para-randazzo-los-fiscales-y-jueces-tienen-que-investigar-e-impartir-justicia","status":"publish","type":"post","link":"http:\/\/www.24baires.com\/?p=62150","title":{"rendered":"Para Randazzo \u00ablos fiscales y jueces tienen que investigar e impartir justicia\u00bb"},"content":{"rendered":"<p><img data-recalc-dims=\"1\" loading=\"lazy\" decoding=\"async\" class=\"aligncenter size-full wp-image-38437\" src=\"https:\/\/i0.wp.com\/www.24baires.com\/wp-content\/uploads\/2014\/01\/randazzo-1.jpg?resize=560%2C333\" alt=\"randazzo 1\" width=\"560\" height=\"333\" srcset=\"https:\/\/i0.wp.com\/www.24baires.com\/wp-content\/uploads\/2014\/01\/randazzo-1.jpg?w=560 560w, https:\/\/i0.wp.com\/www.24baires.com\/wp-content\/uploads\/2014\/01\/randazzo-1.jpg?resize=300%2C178 300w\" sizes=\"auto, (max-width: 560px) 100vw, 560px\" \/>El ministro de Interior y Transporte, Florencio Randazzo, manifest\u00f3 en la ciudad de C\u00f3rdoba que \u201clos fiscales y jueces tienen que investigar e impartir justicia y no marchar para que se aclare\u201d la muerte del fiscal Alberto Nisman y a\u00f1adi\u00f3 que la marcha del 18F fue \u201cutilizada pol\u00edticamente por el arco opositor\u201d.<!--more--><\/p>\n<p>Nosotros nos solidarizamos con la familia de Nisman, con sus hijos, con su madre, con todos aquellos que lo quer\u00edan. Hay mucha gente que no fue con buena intenci\u00f3n ni con la necesidad de que se sepa la verdad\u201d, consider\u00f3 Randazzo al referirse a la marcha del silencio realizada la semana pasada.<\/p>\n<p>En di\u00e1logo con la prensa local, Randazzo sostuvo que \u201cla marcha fue utilizada por dirigentes, por medios y por partidos opositores, es decir, muy lejos del objetivo que se hab\u00eda propuesto esta marcha y muy lejos del sentimiento\u201d que se pretend\u00eda manifestar en reconocimiento al fiscal Nisman.<\/p>\n<p>\u201cEstamos en el pa\u00eds del reino del rev\u00e9s, en donde los fiscales y los jueces convocan a una marcha para que se aclare el tema de Nisman y son precisamente ellos los que deben investigar e impartir justicia, contarle a la sociedad qu\u00e9 fue lo que pas\u00f3. Esto ser\u00eda como que Randazzo haga una marcha para mejorar los trenes cuando lo que tiene que hacer Randazzo es mejorar los trenes\u201d, ejemplific\u00f3.<\/p>\n<p>En ese marco, el ministro resalt\u00f3 que \u00abnosotros, m\u00e1s que nadie, estamos interesados en que se sepa la verdad de lo que pas\u00f3, de c\u00f3mo muri\u00f3 Nisman\u201d.<\/p>\n<p>Asimismo, aclar\u00f3 que desde el gobierno nacional no se est\u00e1 promoviendo ninguna contramarcha para el pr\u00f3ximo domingo: \u201cel domingo est\u00e1 la Asamblea Legislativa, va a hablar la Presidenta (Cristina Fern\u00e1ndez de Kirchner) como lo hace todos los a\u00f1os, y seguramente va a estar acompa\u00f1ada por muchos argentinos, pero nosotros no vamos a hacer ninguna contramarcha\u201d al 18F. S\u00ed queremos que se sepa la verdad y es la Justicia la que tiene que dar esa respuesta\u201d.<\/p>\n<p>Randazzo estuvo este mediod\u00eda en los talleres del Belgrano Cargas y Log\u00edstica, en la capital de C\u00f3rdoba, para anunciar inversiones en obras de infraestructura de ferrocarril y tambi\u00e9n para solidarizarse con las familias damnificadas por el \u00faltimo temporal en la sierras chicas de C\u00f3rdoba.<\/p>\n<p>El ministro tambi\u00e9n anticip\u00f3 que ma\u00f1ana estar\u00e1n los m\u00f3viles de la cartera nacional para proveer del Documento Nacional de Identidad (DNI) a todas las personas que los extraviaron como consecuencia del fen\u00f3meno meteorol\u00f3gico.<\/p>\n<p>&nbsp;<\/p>\n<p>&nbsp;<\/p>\n<p>&nbsp;<\/p>\n<p>&nbsp;<\/p>\n<p>&nbsp;<\/p>\n<p>&nbsp;<\/p>\n<p>&nbsp;<\/p>\n<p>&nbsp;<\/p>\n<p>&nbsp;<\/p>\n<p>&nbsp;<\/p>\n<p>&nbsp;<\/p>\n","protected":false},"excerpt":{"rendered":"<p>El ministro de Interior y Transporte, Florencio Randazzo, manifest\u00f3 en la ciudad de C\u00f3rdoba que \u201clos fiscales y jueces tienen que investigar e impartir justicia y no marchar para que se aclare\u201d la muerte del fiscal Alberto Nisman y a\u00f1adi\u00f3 que la marcha del 18F fue \u201cutilizada pol\u00edticamente por el arco opositor\u201d.<\/p>\n","protected":false},"author":8,"featured_media":0,"comment_status":"open","ping_status":"open","sticky":false,"template":"","format":"standard","meta":{"_jetpack_newsletter_access":"","_jetpack_dont_email_post_to_subs":false,"_jetpack_newsletter_tier_id":0,"_jetpack_memberships_contains_paywalled_content":false,"_jetpack_memberships_contains_paid_content":false,"footnotes":""},"categories":[51],"tags":[],"class_list":["post-62150","post","type-post","status-publish","format-standard","hentry","category-politica"],"jetpack_shortlink":"https:\/\/wp.me\/p2JWE0-gaq","jetpack-related-posts":[{"id":62337,"url":"http:\/\/www.24baires.com\/?p=62337","url_meta":{"origin":62150,"position":0},"title":"\u00abSiempre dijimos que la denuncia de Nisman era un disparate y hoy lo confirm\u00f3 un juez\u00bb","author":"GB","date":"26\/02\/2015","format":false,"excerpt":"As\u00ed se refiri\u00f3 el ministro del Interior y Transporte de la Naci\u00f3n a la resoluci\u00f3n del juez federal Daniel Rafecas, por la cual desestima la denuncia presentada el 14 de enero por el fiscal Alberto Nisman contra la Presidenta. El ministro del Interior y Transporte de la Naci\u00f3n, Florencio Randazzo,\u2026","rel":"","context":"En \u00abPol\u00edtica\u00bb","block_context":{"text":"Pol\u00edtica","link":"http:\/\/www.24baires.com\/?cat=51"},"img":{"alt_text":"randazzo","src":"https:\/\/i0.wp.com\/www.24baires.com\/wp-content\/uploads\/2013\/01\/randazzo.jpg?resize=350%2C200","width":350,"height":200},"classes":[]},{"id":61954,"url":"http:\/\/www.24baires.com\/?p=61954","url_meta":{"origin":62150,"position":1},"title":"Capitanich: \u00abLa Justicia no es independiente de las corporaciones\u00bb","author":"AF","date":"19\/02\/2015","format":false,"excerpt":"El jefe de Gabinete afirm\u00f3 hoy que la justicia en Argentina \"es independiente del poder pol\u00edtico, pero no es independiente de las corporaciones que influyen de modo directo e indirecto para perturbar el funcionamiento normal de las instituciones\". El jefe de Gabinete, Jorge Capitanich, respald\u00f3 hoy el derecho del pueblo\u2026","rel":"","context":"En \u00abPol\u00edtica\u00bb","block_context":{"text":"Pol\u00edtica","link":"http:\/\/www.24baires.com\/?cat=51"},"img":{"alt_text":"capitanich 4","src":"https:\/\/i0.wp.com\/www.24baires.com\/wp-content\/uploads\/2014\/09\/capitanich-4.jpg?resize=350%2C200","width":350,"height":200,"srcset":"https:\/\/i0.wp.com\/www.24baires.com\/wp-content\/uploads\/2014\/09\/capitanich-4.jpg?resize=350%2C200 1x, https:\/\/i0.wp.com\/www.24baires.com\/wp-content\/uploads\/2014\/09\/capitanich-4.jpg?resize=525%2C300 1.5x"},"classes":[]},{"id":102494,"url":"http:\/\/www.24baires.com\/?p=102494","url_meta":{"origin":62150,"position":2},"title":"La C\u00e1mara \u00abreflot\u00f3\u00bb la causa Nisman y asegura que se trat\u00f3 de un crimen","author":"AF","date":"01\/06\/2018","format":false,"excerpt":"Confirm\u00f3 que el ex juez Alberto Nisman fue asesinado. Agregaron que el motivo fue su denuncia contra Cristina Kirchner. Adem\u00e1s dejaron firme el procesamiento de Diego Lagomarsino. La C\u00e1mara Federal hizo su aparici\u00f3n en medio de la debacle econ\u00f3mica que enfrenta el gobierno de Mauricio Macri. Entre masivas manifestaciones en\u2026","rel":"","context":"En \u00abJUDICIALES\u00bb","block_context":{"text":"JUDICIALES","link":"http:\/\/www.24baires.com\/?cat=68"},"img":{"alt_text":"","src":"https:\/\/i0.wp.com\/www.24baires.com\/wp-content\/uploads\/2015\/07\/nisman.jpg?resize=350%2C200","width":350,"height":200,"srcset":"https:\/\/i0.wp.com\/www.24baires.com\/wp-content\/uploads\/2015\/07\/nisman.jpg?resize=350%2C200 1x, https:\/\/i0.wp.com\/www.24baires.com\/wp-content\/uploads\/2015\/07\/nisman.jpg?resize=525%2C300 1.5x"},"classes":[]},{"id":62072,"url":"http:\/\/www.24baires.com\/?p=62072","url_meta":{"origin":62150,"position":3},"title":"CFK: \u201cEl verdadero hecho pol\u00edtico e institucional de la marcha lo constituye la aparici\u00f3n p\u00fablica del Partido Judicial\u201d","author":"AF","date":"21\/02\/2015","format":false,"excerpt":"La presidenta Cristina Fern\u00e1ndez de Kirchner twitte\u00f3 hoy una nota de su p\u00e1gina oficial www.cfkargentina.com titulada \u201c18F, el bautismo de fuego del partido judicial. De jueces y fiscales. De marchas y n\u00fameros. De Nisman a Pollicita\u201d, donde resalt\u00f3 que \u201cel verdadero hecho pol\u00edtico e institucional de la marcha\u201d del mi\u00e9rcoles\u2026","rel":"","context":"En \u00abPol\u00edtica\u00bb","block_context":{"text":"Pol\u00edtica","link":"http:\/\/www.24baires.com\/?cat=51"},"img":{"alt_text":"cristina rating 2","src":"https:\/\/i0.wp.com\/www.24baires.com\/wp-content\/uploads\/2014\/06\/cristina-rating-2.jpg?resize=350%2C200","width":350,"height":200,"srcset":"https:\/\/i0.wp.com\/www.24baires.com\/wp-content\/uploads\/2014\/06\/cristina-rating-2.jpg?resize=350%2C200 1x, https:\/\/i0.wp.com\/www.24baires.com\/wp-content\/uploads\/2014\/06\/cristina-rating-2.jpg?resize=525%2C300 1.5x"},"classes":[]},{"id":112373,"url":"http:\/\/www.24baires.com\/?p=112373","url_meta":{"origin":62150,"position":4},"title":"Fern\u00e1ndez tild\u00f3 al Gobierno de \u201cmalandras\u201d: \u00abAgarran el poder y lo usan para sus negocios\u00bb","author":"AF","date":"04\/10\/2019","format":false,"excerpt":"\u00a0JUN\u00cdN - \"Vamos a cumplir con las obligaciones que nos dejan estos malandras pero antes vamos a cumplir con nuestra gente\", sostuvo el candidato a presidente en su primer acto con Randazzo, a quien consider\u00f3 \"ministeriable\". De gira en la cuarta secci\u00f3n electoral, el candidato a presidente del Frente de\u2026","rel":"","context":"En \u00abPol\u00edtica\u00bb","block_context":{"text":"Pol\u00edtica","link":"http:\/\/www.24baires.com\/?cat=51"},"img":{"alt_text":"","src":"https:\/\/i0.wp.com\/www.24baires.com\/wp-content\/uploads\/2019\/10\/fern%C3%A1ndez-jun%C3%ADn.jpg?resize=350%2C200","width":350,"height":200,"srcset":"https:\/\/i0.wp.com\/www.24baires.com\/wp-content\/uploads\/2019\/10\/fern%C3%A1ndez-jun%C3%ADn.jpg?resize=350%2C200 1x, https:\/\/i0.wp.com\/www.24baires.com\/wp-content\/uploads\/2019\/10\/fern%C3%A1ndez-jun%C3%ADn.jpg?resize=525%2C300 1.5x"},"classes":[]},{"id":94491,"url":"http:\/\/www.24baires.com\/?p=94491","url_meta":{"origin":62150,"position":5},"title":"Katopodis: \u00abEl candidato m\u00e1s indicado es Florencio Randazzo\u00bb","author":"GB","date":"13\/05\/2017","format":false,"excerpt":"En di\u00e1logo con Pol\u00edtica Argentina radio, el intendente de San Mart\u00edn se refiri\u00f3 a la interna del PJ y asegur\u00f3 que el exministro del Interior no competir\u00e1 en la interna del Frente Renovador, porque \"Massa hoy est\u00e1 por fuera del peronismo\". Para el dirigente peronista \"en esta elecci\u00f3n hay que\u2026","rel":"","context":"En \u00abPol\u00edtica\u00bb","block_context":{"text":"Pol\u00edtica","link":"http:\/\/www.24baires.com\/?cat=51"},"img":{"alt_text":"","src":"https:\/\/i0.wp.com\/www.24baires.com\/wp-content\/uploads\/2015\/06\/katopodis.jpg?resize=350%2C200","width":350,"height":200,"srcset":"https:\/\/i0.wp.com\/www.24baires.com\/wp-content\/uploads\/2015\/06\/katopodis.jpg?resize=350%2C200 1x, https:\/\/i0.wp.com\/www.24baires.com\/wp-content\/uploads\/2015\/06\/katopodis.jpg?resize=525%2C300 1.5x"},"classes":[]}],"jetpack_sharing_enabled":true,"jetpack_likes_enabled":true,"jetpack_featured_media_url":"","_links":{"self":[{"href":"http:\/\/www.24baires.com\/index.php?rest_route=\/wp\/v2\/posts\/62150","targetHints":{"allow":["GET"]}}],"collection":[{"href":"http:\/\/www.24baires.com\/index.php?rest_route=\/wp\/v2\/posts"}],"about":[{"href":"http:\/\/www.24baires.com\/index.php?rest_route=\/wp\/v2\/types\/post"}],"author":[{"embeddable":true,"href":"http:\/\/www.24baires.com\/index.php?rest_route=\/wp\/v2\/users\/8"}],"replies":[{"embeddable":true,"href":"http:\/\/www.24baires.com\/index.php?rest_route=%2Fwp%2Fv2%2Fcomments&post=62150"}],"version-history":[{"count":1,"href":"http:\/\/www.24baires.com\/index.php?rest_route=\/wp\/v2\/posts\/62150\/revisions"}],"predecessor-version":[{"id":62151,"href":"http:\/\/www.24baires.com\/index.php?rest_route=\/wp\/v2\/posts\/62150\/revisions\/62151"}],"wp:attachment":[{"href":"http:\/\/www.24baires.com\/index.php?rest_route=%2Fwp%2Fv2%2Fmedia&parent=62150"}],"wp:term":[{"taxonomy":"category","embeddable":true,"href":"http:\/\/www.24baires.com\/index.php?rest_route=%2Fwp%2Fv2%2Fcategories&post=62150"},{"taxonomy":"post_tag","embeddable":true,"href":"http:\/\/www.24baires.com\/index.php?rest_route=%2Fwp%2Fv2%2Ftags&post=62150"}],"curies":[{"name":"wp","href":"https:\/\/api.w.org\/{rel}","templated":true}]}}