{"id":62145,"date":"2015-02-23T15:00:04","date_gmt":"2015-02-23T18:00:04","guid":{"rendered":"http:\/\/www.24baires.com\/?p=62145"},"modified":"2015-02-23T14:58:31","modified_gmt":"2015-02-23T17:58:31","slug":"daniel-scioli-argentina-es-un-pais-desendeudado-y-reindustrializado","status":"publish","type":"post","link":"http:\/\/www.24baires.com\/?p=62145","title":{"rendered":"Daniel Scioli: \u00abArgentina es un pa\u00eds desendeudado y reindustrializado\u00bb"},"content":{"rendered":"<p><img data-recalc-dims=\"1\" loading=\"lazy\" decoding=\"async\" class=\"aligncenter size-full wp-image-60813\" src=\"https:\/\/i0.wp.com\/www.24baires.com\/wp-content\/uploads\/2015\/01\/scioli-1.jpg?resize=560%2C306\" alt=\"scioli 1\" width=\"560\" height=\"306\" srcset=\"https:\/\/i0.wp.com\/www.24baires.com\/wp-content\/uploads\/2015\/01\/scioli-1.jpg?w=560 560w, https:\/\/i0.wp.com\/www.24baires.com\/wp-content\/uploads\/2015\/01\/scioli-1.jpg?resize=300%2C164 300w\" sizes=\"auto, (max-width: 560px) 100vw, 560px\" \/>El gobernador Scioli efectu\u00f3 estas declaraciones tras entregar, en la sede porte\u00f1a del Banco Provincia, subsidios a 40 municipios que se enmarcan en la Ley provincial de Acceso Justo al H\u00e1bitat para el mejoramiento de servicios de infraestructura b\u00e1sicos.<!--more--><\/p>\n<p>El gobernador bonaerense, Daniel Scioli, asegur\u00f3 que est\u00e1n dadas \u00abinmejorables condiciones\u00bb en el pa\u00eds para seguir creciendo, ya que Argentina es un pa\u00eds \u00abdesendeudado y reindustrializado\u00bb.<\/p>\n<p>Scioli efectu\u00f3 estas declaraciones tras entregar hoy, en la sede porte\u00f1a del Banco Provincia, subsidios a 40 municipios que se enmarcan en la Ley provincial de Acceso Justo al H\u00e1bitat para el mejoramiento de servicios de infraestructura b\u00e1sicos, la integraci\u00f3n socio-urbana de villas y asentamientos precarios y la satisfacci\u00f3n de necesidades habitacionales de los ciudadanos.<\/p>\n<p>Scioli agradeci\u00f3 a los jefes comunales presentes por sumarse a esta iniciativa que busca que cada familia tenga una \u201crespuesta habitacional\u201d a partir de la \u201cpresencia\u201d del Estado mediante esa ley que \u201ces uno de los avances m\u00e1s significativos, conjuntamente con las 230 mil escrituras que hemos regularizado y con lo que se est\u00e1 haciendo con el Plan Procrear\u201d.<\/p>\n<p>Consultado sobre la campa\u00f1a electoral, afirm\u00f3 que estamos ante \u201cun momento muy intenso, de gesti\u00f3n y pol\u00edtico que exige que cada uno demos el m\u00e1ximo de nuestros esfuerzos\u201d.<\/p>\n<p>\u00abEn la Argentina est\u00e1n dadas inmejorables condiciones\u201d para seguir creciendo debido a que estamos frente a \u201cun pa\u00eds desendeudado, reindustrializado, con una matriz productiva basada en los alimentos, con la posibilidad de alcanzar la soberan\u00eda energ\u00e9tica\u201d.<\/p>\n<p>Destac\u00f3, en declaraciones a Radio Provincia, que el pa\u00eds cuenta con \u201cla posibilidad de traer cada vez m\u00e1s inversiones para tener m\u00e1s desarrollo, y m\u00e1s y mejor calidad del empleo\u201d.<\/p>\n<p>&nbsp;<\/p>\n<p>&nbsp;<\/p>\n<p>&nbsp;<\/p>\n<p>&nbsp;<\/p>\n<p>&nbsp;<\/p>\n<p>&nbsp;<\/p>\n<p>&nbsp;<\/p>\n<p>&nbsp;<\/p>\n<p>&nbsp;<\/p>\n<p>&nbsp;<\/p>\n<p>&nbsp;<\/p>\n<p>&nbsp;<\/p>\n","protected":false},"excerpt":{"rendered":"<p>El gobernador Scioli efectu\u00f3 estas declaraciones tras entregar, en la sede porte\u00f1a del Banco Provincia, subsidios a 40 municipios que se enmarcan en la Ley provincial de Acceso Justo al H\u00e1bitat para el mejoramiento de servicios de infraestructura b\u00e1sicos.<\/p>\n","protected":false},"author":8,"featured_media":0,"comment_status":"open","ping_status":"open","sticky":false,"template":"","format":"standard","meta":{"_jetpack_newsletter_access":"","_jetpack_dont_email_post_to_subs":false,"_jetpack_newsletter_tier_id":0,"_jetpack_memberships_contains_paywalled_content":false,"_jetpack_memberships_contains_paid_content":false,"footnotes":""},"categories":[51],"tags":[],"class_list":["post-62145","post","type-post","status-publish","format-standard","hentry","category-politica"],"jetpack_shortlink":"https:\/\/wp.me\/p2JWE0-gal","jetpack-related-posts":[{"id":108387,"url":"http:\/\/www.24baires.com\/?p=108387","url_meta":{"origin":62145,"position":0},"title":"Scioli ratific\u00f3 su candidatura presidencial","author":"GB","date":"25\/05\/2019","format":false,"excerpt":"El exgobernador de la Provincia de Buenos Aires particip\u00f3 del Congreso Educativo de Ajedrez que se realiz\u00f3 en la ciudad balnearia y manifest\u00f3 sus deseos de ser el primer mandatario del pa\u00eds despu\u00e9s del 10 de diciembre, sin embargo aclar\u00f3: \u201cVer\u00e9 como peronista en qu\u00e9 lugar puedo hacer mi mayor\u2026","rel":"","context":"En \u00abPol\u00edtica\u00bb","block_context":{"text":"Pol\u00edtica","link":"http:\/\/www.24baires.com\/?cat=51"},"img":{"alt_text":"","src":"https:\/\/i0.wp.com\/www.24baires.com\/wp-content\/uploads\/2019\/05\/scioli-mar-del.jpg?resize=350%2C200","width":350,"height":200,"srcset":"https:\/\/i0.wp.com\/www.24baires.com\/wp-content\/uploads\/2019\/05\/scioli-mar-del.jpg?resize=350%2C200 1x, https:\/\/i0.wp.com\/www.24baires.com\/wp-content\/uploads\/2019\/05\/scioli-mar-del.jpg?resize=525%2C300 1.5x"},"classes":[]},{"id":3552,"url":"http:\/\/www.24baires.com\/?p=3552","url_meta":{"origin":62145,"position":1},"title":"Scioli pide \u00abdesdramatizar\u00bb 8N y 7D","author":"Grupo Sierra","date":"28\/10\/2012","format":false,"excerpt":"El gobernador bonaerense inst\u00f3 a todo el arco de la pol\u00edtica a resolver conflictos \"en convivencia democr\u00e1tica\", al referirse a la movilizaci\u00f3n del 8 de noviembre y al conflicto por la Ley de Medios. El gobernador bonaerense, Daniel Scioli, llam\u00f3 hoy a resolver conflictos \"en convivencia democr\u00e1tica\" ante la movilizaci\u00f3n\u2026","rel":"","context":"En \u00abPol\u00edtica\u00bb","block_context":{"text":"Pol\u00edtica","link":"http:\/\/www.24baires.com\/?cat=51"},"img":{"alt_text":"","src":"https:\/\/i0.wp.com\/www.24baires.com\/wp-content\/uploads\/2012\/10\/scioli-medios.jpg?resize=350%2C200","width":350,"height":200,"srcset":"https:\/\/i0.wp.com\/www.24baires.com\/wp-content\/uploads\/2012\/10\/scioli-medios.jpg?resize=350%2C200 1x, https:\/\/i0.wp.com\/www.24baires.com\/wp-content\/uploads\/2012\/10\/scioli-medios.jpg?resize=525%2C300 1.5x"},"classes":[]},{"id":56419,"url":"http:\/\/www.24baires.com\/?p=56419","url_meta":{"origin":62145,"position":2},"title":"Sexto encuentro del PJ para \u00abacompa\u00f1ar a Cristina\u00bb","author":"Grupo Sierra","date":"01\/11\/2014","format":false,"excerpt":"Al cerrar la jornada de reflexi\u00f3n y debate del Partido Justicialista bonaerense realizado en San Nicol\u00e1s, el gobernador bonaerense demand\u00f3 \u201cfortalecer el esp\u00edritu de unidad para tener cada d\u00eda una Argentina m\u00e1s inclusiva, m\u00e1s pujante\u201d Daniel Scioli pidi\u00f3 al peronismo mantenerse \u201cunido y movilizado para acompa\u00f1ar a la presidenta Cristina\u2026","rel":"","context":"En \u00abProvincia\u00bb","block_context":{"text":"Provincia","link":"http:\/\/www.24baires.com\/?cat=40"},"img":{"alt_text":"","src":"https:\/\/i0.wp.com\/www.24baires.com\/wp-content\/uploads\/2014\/11\/pj-bonaerense.jpg?resize=350%2C200","width":350,"height":200,"srcset":"https:\/\/i0.wp.com\/www.24baires.com\/wp-content\/uploads\/2014\/11\/pj-bonaerense.jpg?resize=350%2C200 1x, https:\/\/i0.wp.com\/www.24baires.com\/wp-content\/uploads\/2014\/11\/pj-bonaerense.jpg?resize=525%2C300 1.5x"},"classes":[]},{"id":103352,"url":"http:\/\/www.24baires.com\/?p=103352","url_meta":{"origin":62145,"position":3},"title":"In\u00e9dito: La Provincia no tiene opositores en los \u00f3rganos de contralor del gobierno","author":"Grupo Sierra","date":"15\/07\/2018","format":false,"excerpt":"El nombramiento de Mar\u00eda Fernanda Inza como contadora general de la Provincia, que Mar\u00eda Eugenia Vidal apur\u00f3 la semana que pas\u00f3 a favor de la mayor\u00eda que posee en el Senado y el oportuno apoyo de un representante del massismo, termin\u00f3 de consolidar una situaci\u00f3n con pocos antecedentes: todos los\u2026","rel":"","context":"En \u00abProvincia\u00bb","block_context":{"text":"Provincia","link":"http:\/\/www.24baires.com\/?cat=40"},"img":{"alt_text":"","src":"https:\/\/i0.wp.com\/www.dib.com.ar\/gestion\/images\/blogmanagement\/noticias\/thumb\/5b4b9524cb0ac1531680036.jpg?resize=350%2C200","width":350,"height":200,"srcset":"https:\/\/i0.wp.com\/www.dib.com.ar\/gestion\/images\/blogmanagement\/noticias\/thumb\/5b4b9524cb0ac1531680036.jpg?resize=350%2C200 1x, https:\/\/i0.wp.com\/www.dib.com.ar\/gestion\/images\/blogmanagement\/noticias\/thumb\/5b4b9524cb0ac1531680036.jpg?resize=525%2C300 1.5x"},"classes":[]},{"id":120034,"url":"http:\/\/www.24baires.com\/?p=120034","url_meta":{"origin":62145,"position":4},"title":"Con una agenda industrial, Axel Kicillof llega a Brasil","author":"GB","date":"24\/04\/2023","format":false,"excerpt":"El gobernador de la provincia de Buenos Aires, Axel Kicillof, estar\u00e1 hoy y ma\u00f1ana en la ciudad de S\u00e3o Paulo. Como hab\u00eda anticipado INFOCIELO, el gobernador de la provincia de Buenos Aires, Axel Kicillof, comienza su semana en Brasil. El mandatario estar\u00e1 en S\u00e3o Paulo, la ciudad m\u00e1s poblada del\u2026","rel":"","context":"En \u00abEconom\u00eda\u00bb","block_context":{"text":"Econom\u00eda","link":"http:\/\/www.24baires.com\/?cat=45"},"img":{"alt_text":"","src":"https:\/\/i0.wp.com\/www.24baires.com\/wp-content\/uploads\/2023\/04\/kicillof-brasil.webp?resize=350%2C200","width":350,"height":200,"srcset":"https:\/\/i0.wp.com\/www.24baires.com\/wp-content\/uploads\/2023\/04\/kicillof-brasil.webp?resize=350%2C200 1x, https:\/\/i0.wp.com\/www.24baires.com\/wp-content\/uploads\/2023\/04\/kicillof-brasil.webp?resize=525%2C300 1.5x, https:\/\/i0.wp.com\/www.24baires.com\/wp-content\/uploads\/2023\/04\/kicillof-brasil.webp?resize=700%2C400 2x"},"classes":[]},{"id":101122,"url":"http:\/\/www.24baires.com\/?p=101122","url_meta":{"origin":62145,"position":5},"title":"Indagar\u00e1n a Scioli por irregularidades en la construcci\u00f3n de las UPA 24","author":"AF","date":"17\/03\/2018","format":false,"excerpt":"El ex gobernador Daniel Scioli y quien fuera su ministro de Salud, Alejandro Collia, fueron imputados y citados a prestar declaraci\u00f3n indagatoria en el marco de una causa que investiga presuntas irregularidades en la adjudicaci\u00f3n de ocho Unidades de Pronta Atenci\u00f3n (UPA 24) para las que se destinaron m\u00e1s de\u2026","rel":"","context":"En \u00abJUDICIALES\u00bb","block_context":{"text":"JUDICIALES","link":"http:\/\/www.24baires.com\/?cat=68"},"img":{"alt_text":"","src":"https:\/\/i0.wp.com\/www.24baires.com\/wp-content\/uploads\/2014\/05\/Daniel-Scioli.jpg?resize=350%2C200","width":350,"height":200,"srcset":"https:\/\/i0.wp.com\/www.24baires.com\/wp-content\/uploads\/2014\/05\/Daniel-Scioli.jpg?resize=350%2C200 1x, https:\/\/i0.wp.com\/www.24baires.com\/wp-content\/uploads\/2014\/05\/Daniel-Scioli.jpg?resize=525%2C300 1.5x"},"classes":[]}],"jetpack_sharing_enabled":true,"jetpack_likes_enabled":true,"jetpack_featured_media_url":"","_links":{"self":[{"href":"http:\/\/www.24baires.com\/index.php?rest_route=\/wp\/v2\/posts\/62145","targetHints":{"allow":["GET"]}}],"collection":[{"href":"http:\/\/www.24baires.com\/index.php?rest_route=\/wp\/v2\/posts"}],"about":[{"href":"http:\/\/www.24baires.com\/index.php?rest_route=\/wp\/v2\/types\/post"}],"author":[{"embeddable":true,"href":"http:\/\/www.24baires.com\/index.php?rest_route=\/wp\/v2\/users\/8"}],"replies":[{"embeddable":true,"href":"http:\/\/www.24baires.com\/index.php?rest_route=%2Fwp%2Fv2%2Fcomments&post=62145"}],"version-history":[{"count":1,"href":"http:\/\/www.24baires.com\/index.php?rest_route=\/wp\/v2\/posts\/62145\/revisions"}],"predecessor-version":[{"id":62146,"href":"http:\/\/www.24baires.com\/index.php?rest_route=\/wp\/v2\/posts\/62145\/revisions\/62146"}],"wp:attachment":[{"href":"http:\/\/www.24baires.com\/index.php?rest_route=%2Fwp%2Fv2%2Fmedia&parent=62145"}],"wp:term":[{"taxonomy":"category","embeddable":true,"href":"http:\/\/www.24baires.com\/index.php?rest_route=%2Fwp%2Fv2%2Fcategories&post=62145"},{"taxonomy":"post_tag","embeddable":true,"href":"http:\/\/www.24baires.com\/index.php?rest_route=%2Fwp%2Fv2%2Ftags&post=62145"}],"curies":[{"name":"wp","href":"https:\/\/api.w.org\/{rel}","templated":true}]}}