{"id":62117,"date":"2015-02-23T10:00:51","date_gmt":"2015-02-23T13:00:51","guid":{"rendered":"http:\/\/www.24baires.com\/?p=62117"},"modified":"2015-02-24T10:23:12","modified_gmt":"2015-02-24T13:23:12","slug":"el-gobierno-se-reunira-con-transporte-para-evitar-el-paro-del-31","status":"publish","type":"post","link":"http:\/\/www.24baires.com\/?p=62117","title":{"rendered":"El Gobierno se reunir\u00e1 con Transporte para evitar el paro del 31"},"content":{"rendered":"<p><img data-recalc-dims=\"1\" loading=\"lazy\" decoding=\"async\" class=\"aligncenter size-full wp-image-53421\" src=\"https:\/\/i0.wp.com\/www.24baires.com\/wp-content\/uploads\/2014\/09\/capitanich-4.jpg?resize=560%2C313\" alt=\"capitanich 4\" width=\"560\" height=\"313\" srcset=\"https:\/\/i0.wp.com\/www.24baires.com\/wp-content\/uploads\/2014\/09\/capitanich-4.jpg?w=560 560w, https:\/\/i0.wp.com\/www.24baires.com\/wp-content\/uploads\/2014\/09\/capitanich-4.jpg?resize=300%2C167 300w\" sizes=\"auto, (max-width: 560px) 100vw, 560px\" \/>El jefe de Gabinete, Jorge Capitanich, asegur\u00f3 que el conflicto salarial en el sector, que motiv\u00f3 la convocatoria a una medida de fuerza del martes 31 marzo, \u00abser\u00e1 motivo de reuni\u00f3n en los pr\u00f3ximos d\u00edas\u00bb.<!--more--><\/p>\n<p>El jefe de Gabinete, Jorge Capitanich, asegur\u00f3 hoy que el conflicto salarial en el sector del transporte, que motiv\u00f3 la convocatoria a un paro para el pr\u00f3ximo 31 de marzo, \u00abser\u00e1 motivo de reuni\u00f3n en los pr\u00f3ximos d\u00edas\u00bb.<br \/>\n\u00abLos gremios del transporte han establecido un mecanismo de negociaci\u00f3n con anticipos (salariales) y, dado que las paritarias vencen el 31 de diciembre, han establecido un mecanismo de negociaci\u00f3n puente hasta la negociaci\u00f3n definitiva. Es un tema que ser\u00e1 motivo de reuni\u00f3n en los pr\u00f3ximos d\u00edas\u00bb, dijo el jefe de Ministros durante su habitual conferencia de prensa matutina en Casa de Gobierno, al ser consultado sobre el pr\u00f3ximo paro convocado para el 31 de marzo por el sector del transporte.<\/p>\n<p>La Confederaci\u00f3n Argentina de Gremios del Transporte anunci\u00f3 la semana pasada la realizaci\u00f3n de un paro nacional de 24 horas del sector para el 31 de marzo pr\u00f3ximo, en reclamo de la modificaci\u00f3n del Impuesto a las Ganancias, entre otras demandas.<\/p>\n<p>La medida de fuerza fue decidida por 25 gremios del sector automotor, ferrroviario, aerocomercial y portuario, reunidos en un plenario.<\/p>\n","protected":false},"excerpt":{"rendered":"<p>El jefe de Gabinete, Jorge Capitanich, asegur\u00f3 que el conflicto salarial en el sector, que motiv\u00f3 la convocatoria a una medida de fuerza del martes 31 marzo, \u00abser\u00e1 motivo de reuni\u00f3n en los pr\u00f3ximos d\u00edas\u00bb.<\/p>\n","protected":false},"author":4,"featured_media":0,"comment_status":"open","ping_status":"open","sticky":false,"template":"","format":"standard","meta":{"_jetpack_newsletter_access":"","_jetpack_dont_email_post_to_subs":false,"_jetpack_newsletter_tier_id":0,"_jetpack_memberships_contains_paywalled_content":false,"_jetpack_memberships_contains_paid_content":false,"footnotes":""},"categories":[51],"tags":[],"class_list":["post-62117","post","type-post","status-publish","format-standard","hentry","category-politica"],"jetpack_shortlink":"https:\/\/wp.me\/p2JWE0-g9T","jetpack-related-posts":[{"id":41511,"url":"http:\/\/www.24baires.com\/?p=41511","url_meta":{"origin":62117,"position":0},"title":"No hubo acuerdo con los docentes y se dictar\u00e1 conciliaci\u00f3n obligatoria","author":"Grupo Sierra","date":"04\/03\/2014","format":false,"excerpt":"El jefe de Gabinete inform\u00f3 que no se logr\u00f3 el acuerdo en la negociaci\u00f3n paritaria nacional y que se proceder\u00e1 a dictar la conciliaci\u00f3n obligatoria. Desde Ctera rechaz\u00e1n la medida y ratifican el paro nacional. Capitanich indic\u00f3 que el gobierno nacional \"no logr\u00f3 hasta el momento\" llegar a una acuerdo\u2026","rel":"","context":"En \u00abPol\u00edtica\u00bb","block_context":{"text":"Pol\u00edtica","link":"http:\/\/www.24baires.com\/?cat=51"},"img":{"alt_text":"marcha docente","src":"https:\/\/i0.wp.com\/www.24baires.com\/wp-content\/uploads\/2013\/09\/marcha-docente.jpg?resize=350%2C200","width":350,"height":200,"srcset":"https:\/\/i0.wp.com\/www.24baires.com\/wp-content\/uploads\/2013\/09\/marcha-docente.jpg?resize=350%2C200 1x, https:\/\/i0.wp.com\/www.24baires.com\/wp-content\/uploads\/2013\/09\/marcha-docente.jpg?resize=525%2C300 1.5x"},"classes":[]},{"id":21992,"url":"http:\/\/www.24baires.com\/?p=21992","url_meta":{"origin":62117,"position":1},"title":"Finaliz\u00f3 reuni\u00f3n entre docentes y gobierno con firma de acta compromiso y agenda futura","author":"Grupo Sierra","date":"26\/04\/2013","format":false,"excerpt":"LA PLATA.- Los representantes del Frente Gremial Docente Bonaerense y las autoridades de la cartera educativa provincial se reunieron esta tarde en la ciudad de La Plata, en el marco de la conciliaci\u00f3n obligatoria dictada por el ministerio de Trabajo. Durante el encuentro, las partes firmaron un acta donde los\u2026","rel":"","context":"En \u00abProvincia\u00bb","block_context":{"text":"Provincia","link":"http:\/\/www.24baires.com\/?cat=40"},"img":{"alt_text":"","src":"","width":0,"height":0},"classes":[]},{"id":49883,"url":"http:\/\/www.24baires.com\/?p=49883","url_meta":{"origin":62117,"position":2},"title":"Desde UTA ratificaron el paro de micros de larga distancia","author":"Grupo Sierra","date":"15\/07\/2014","format":false,"excerpt":"Ser\u00e1 a nivel nacional, a partir de las O horas del mi\u00e9rcoles. El jefe de Gabinete, Jorge Capitanich, dijo que la negociaci\u00f3n \"est\u00e1 cerrada\". El secretario de prensa de la UTA, Mario Calegari, explic\u00f3 que el gremio \"a\u00fan no ha cerrado la paritaria por culpa de un sector empresarial, extremadamente\u2026","rel":"","context":"En \u00abSociedad\u00bb","block_context":{"text":"Sociedad","link":"http:\/\/www.24baires.com\/?cat=1"},"img":{"alt_text":"micros","src":"https:\/\/i0.wp.com\/www.24baires.com\/wp-content\/uploads\/2014\/01\/micros.jpg?resize=350%2C200","width":350,"height":200,"srcset":"https:\/\/i0.wp.com\/www.24baires.com\/wp-content\/uploads\/2014\/01\/micros.jpg?resize=350%2C200 1x, https:\/\/i0.wp.com\/www.24baires.com\/wp-content\/uploads\/2014\/01\/micros.jpg?resize=525%2C300 1.5x"},"classes":[]},{"id":92750,"url":"http:\/\/www.24baires.com\/?p=92750","url_meta":{"origin":62117,"position":3},"title":"Vidal aclar\u00f3 que no cerrar\u00e1 paritaria docente por decreto","author":"AF","date":"02\/03\/2017","format":false,"excerpt":"La gobernadora bonaerense, Mar\u00eda Eugenia Vidal, convoc\u00f3 a una nueva reuni\u00f3n con los gremios docentes para \u201cseguir dialogando a\u00fan con el paro convocado\u201d para los d\u00edas 6 y 7 de marzo. La gobernadora bonaerense, Mar\u00eda Eugencia Vidal, convocar\u00e1 a una nueva reuni\u00f3n con los gremios docentes para \"seguir dialogando a\u00fan\u2026","rel":"","context":"En \u00abProvincia\u00bb","block_context":{"text":"Provincia","link":"http:\/\/www.24baires.com\/?cat=40"},"img":{"alt_text":"","src":"https:\/\/i0.wp.com\/www.24baires.com\/wp-content\/uploads\/2016\/12\/vidall.jpg?resize=350%2C200","width":350,"height":200,"srcset":"https:\/\/i0.wp.com\/www.24baires.com\/wp-content\/uploads\/2016\/12\/vidall.jpg?resize=350%2C200 1x, https:\/\/i0.wp.com\/www.24baires.com\/wp-content\/uploads\/2016\/12\/vidall.jpg?resize=525%2C300 1.5x"},"classes":[]},{"id":50273,"url":"http:\/\/www.24baires.com\/?p=50273","url_meta":{"origin":62117,"position":4},"title":"Cal\u00f3 y el Gobierno se reunieron para discutir el Impuesto a las Ganancias","author":"Grupo Sierra","date":"21\/07\/2014","format":false,"excerpt":"El jefe de Gabinete, Jorge Capitanich, se reuni\u00f3 esta tarde en Casa de Gobierno con la CGT encabezada por el titular del gremio de la UOM, Antonio Cal\u00f3, quien estuvo acompa\u00f1ado por Omar Viviani y Andr\u00e9s Rodr\u00edguez. La reuni\u00f3n, que finaliz\u00f3 a las 19.30, dur\u00f3 casi una hora y media,\u2026","rel":"","context":"En \u00abPol\u00edtica\u00bb","block_context":{"text":"Pol\u00edtica","link":"http:\/\/www.24baires.com\/?cat=51"},"img":{"alt_text":"cal\u00f3 capitanich","src":"https:\/\/i0.wp.com\/www.24baires.com\/wp-content\/uploads\/2014\/07\/cal%C3%B3-capitanich.jpg?resize=350%2C200","width":350,"height":200,"srcset":"https:\/\/i0.wp.com\/www.24baires.com\/wp-content\/uploads\/2014\/07\/cal%C3%B3-capitanich.jpg?resize=350%2C200 1x, https:\/\/i0.wp.com\/www.24baires.com\/wp-content\/uploads\/2014\/07\/cal%C3%B3-capitanich.jpg?resize=525%2C300 1.5x"},"classes":[]},{"id":40904,"url":"http:\/\/www.24baires.com\/?p=40904","url_meta":{"origin":62117,"position":5},"title":"Paritarias: los docentes de la Provincia tambi\u00e9n rechazaron el 22%","author":"GB","date":"22\/02\/2014","format":false,"excerpt":"Desde la FEB manifestaron su rechazo a la oferta escalonada -que anualizada no llega al 22 por ciento- y piden agilizar los tiempos. \u201cEl Gobierno nacional sigue dilatando la negociaci\u00f3n con los docentes\u201d, plante\u00f3 su titular, Mirta Petrocini. Expectativas por la inminente convocatoria a paritarias, sin fecha todav\u00eda. El desacuerdo\u2026","rel":"","context":"En \u00abPoliciales\u00bb","block_context":{"text":"Policiales","link":"http:\/\/www.24baires.com\/?cat=49"},"img":{"alt_text":"","src":"https:\/\/i0.wp.com\/www.24baires.com\/wp-content\/uploads\/2014\/02\/docentes-bonaerenses.jpg?resize=350%2C200","width":350,"height":200,"srcset":"https:\/\/i0.wp.com\/www.24baires.com\/wp-content\/uploads\/2014\/02\/docentes-bonaerenses.jpg?resize=350%2C200 1x, https:\/\/i0.wp.com\/www.24baires.com\/wp-content\/uploads\/2014\/02\/docentes-bonaerenses.jpg?resize=525%2C300 1.5x"},"classes":[]}],"jetpack_sharing_enabled":true,"jetpack_likes_enabled":true,"jetpack_featured_media_url":"","_links":{"self":[{"href":"http:\/\/www.24baires.com\/index.php?rest_route=\/wp\/v2\/posts\/62117","targetHints":{"allow":["GET"]}}],"collection":[{"href":"http:\/\/www.24baires.com\/index.php?rest_route=\/wp\/v2\/posts"}],"about":[{"href":"http:\/\/www.24baires.com\/index.php?rest_route=\/wp\/v2\/types\/post"}],"author":[{"embeddable":true,"href":"http:\/\/www.24baires.com\/index.php?rest_route=\/wp\/v2\/users\/4"}],"replies":[{"embeddable":true,"href":"http:\/\/www.24baires.com\/index.php?rest_route=%2Fwp%2Fv2%2Fcomments&post=62117"}],"version-history":[{"count":1,"href":"http:\/\/www.24baires.com\/index.php?rest_route=\/wp\/v2\/posts\/62117\/revisions"}],"predecessor-version":[{"id":62118,"href":"http:\/\/www.24baires.com\/index.php?rest_route=\/wp\/v2\/posts\/62117\/revisions\/62118"}],"wp:attachment":[{"href":"http:\/\/www.24baires.com\/index.php?rest_route=%2Fwp%2Fv2%2Fmedia&parent=62117"}],"wp:term":[{"taxonomy":"category","embeddable":true,"href":"http:\/\/www.24baires.com\/index.php?rest_route=%2Fwp%2Fv2%2Fcategories&post=62117"},{"taxonomy":"post_tag","embeddable":true,"href":"http:\/\/www.24baires.com\/index.php?rest_route=%2Fwp%2Fv2%2Ftags&post=62117"}],"curies":[{"name":"wp","href":"https:\/\/api.w.org\/{rel}","templated":true}]}}