{"id":62113,"date":"2015-02-22T20:30:00","date_gmt":"2015-02-22T23:30:00","guid":{"rendered":"http:\/\/www.24baires.com\/?p=62113"},"modified":"2015-02-22T20:37:34","modified_gmt":"2015-02-22T23:37:34","slug":"la-reunion-del-papa-con-dominguez-existio-y-fue-en-la-secretaria-de-estado","status":"publish","type":"post","link":"http:\/\/www.24baires.com\/?p=62113","title":{"rendered":"\u00abLa reuni\u00f3n del Papa con Dom\u00ednguez existi\u00f3 y fue en la Secretar\u00eda de Estado\u00bb"},"content":{"rendered":"<p><img data-recalc-dims=\"1\" loading=\"lazy\" decoding=\"async\" src=\"https:\/\/i0.wp.com\/www.24baires.com\/wp-content\/uploads\/2013\/10\/papa-francisco.jpg?resize=560%2C336\" alt=\"papa francisco\" width=\"560\" height=\"336\" class=\"aligncenter size-full wp-image-32870\" srcset=\"https:\/\/i0.wp.com\/www.24baires.com\/wp-content\/uploads\/2013\/10\/papa-francisco.jpg?w=560 560w, https:\/\/i0.wp.com\/www.24baires.com\/wp-content\/uploads\/2013\/10\/papa-francisco.jpg?resize=300%2C180 300w\" sizes=\"auto, (max-width: 560px) 100vw, 560px\" \/>El embajador argentino en el Vaticano, Eduardo Vald\u00e9s, confirm\u00f3 los encuentros que el Sumo Pont\u00edfice tuvo con los familiares de v\u00edctimas de AMIA y con el presidente de la C\u00e1mara de Diputados. Clar\u00edn hab\u00eda puesto en duda ambas reuniones.<!--more--><\/p>\n<p>El embajador argentino ante el Vaticano, Eduardo Vald\u00e9s, ratific\u00f3 que el Papa Francisco se reuni\u00f3 durante 40 minutos con el presidente de la C\u00e1mara de Diputados, Juli\u00e1n Dom\u00ednguez, y en una audiencia p\u00fablica con familiares de v\u00edctimas del atentado a la AMIA, dos hechos que fueron puestos en duda y minimizados por el diario Clar\u00edn, respectivamente.<\/p>\n<p>Consultado sobre los temas tratados entre Francisco y Dom\u00ednguez, Vald\u00e9s respondi\u00f3: \u201cYo prefiero que eso lo cuente el Vaticano, pero el an\u00e1lisis fue sobre la situaci\u00f3n argentina, de lo que estaba pasando en esas horas, en esos d\u00edas (la reuni\u00f3n fue el lunes 15), no otra cosa. La reuni\u00f3n no s\u00f3lo existi\u00f3 sino que la preocupaci\u00f3n del Papa por la Argentina est\u00e1 clara\u201d.<\/p>\n<p>\u201cRespecto de este grupo de familiares (de v\u00edctimas del atentado a la AMIA, 18J) que Clar\u00edn hace hincapi\u00e9 hoy quiero decir que en la nota &#8216;Justicia Fallida&#8217; que l&#8217;Osservatore Romano escribe una semana antes del 18, que es el d\u00eda de la audiencia p\u00fablica, la nota es un reportaje a Sergio Burstein\u201d, afirm\u00f3 el embajador en una entrevista hecha en Radio 10 por el periodista Federico Walls, ex vocero de Jorge Bergoglio.<\/p>\n<p>Y agreg\u00f3: \u201cBurstein en ese reportaje le pide una audiencia al Papa para su grupo. Ese grupo ya hab\u00eda tenido una reuni\u00f3n de dos horas y media el 5 de julio de 2013, en Santa Marta, que es el a\u00f1o cuando se hab\u00eda firmado el Memorandum de Entendimiento con Ir\u00e1n, y fue la doctora Alicia Oliveira la que lo llev\u00f3 a esa reuni\u00f3n. No es nuevo que el Papa se haya puesto del lado de las v\u00edctimas. Las tres organizaciones de v\u00edctimas de AMIA que existen, Apemia, Memoria Activa y 18J, m\u00e1s o menos en este tema piensan parecido y de ese lado est\u00e1 cerca el Papa Francisco\u201d.<\/p>\n<p>En ese sentido, adem\u00e1s de que el diario l&#8217;Osservatore Romano public\u00f3 un art\u00edculo titulado Justicia Fallida, que incluye un largo reportaje a Burstein, la reuni\u00f3n del familiar integrante de la agrupaci\u00f3n 18J fue informada por el mismo diario Vaticano por la publicaci\u00f3n de la Conferencia Episcopal Italiana -que le dio media carilla- y por Agencia Informativa Cat\u00f3lica Argentina (AICA), tres publicaciones que -junto a la entrevista que la amiga de Francisco Alicia Barrios le hizo a Burstein ese d\u00eda a la tarde en Radio Papa- desmienten que la Iglesia haya querido minimizar la reuni\u00f3n.<\/p>\n<p>Por otra parte, respecto de la reuni\u00f3n con Juli\u00e1n Dom\u00ednguez, el embajador ante el Vaticano revel\u00f3 que la audiencia se la comunic\u00f3 el jefe de ceremonial de la Santa Sede, Guillermo Karcher, el domingo 14 al t\u00e9rmino de la ceremonia por la asunci\u00f3n de los nuevos cardenales.<\/p>\n<p>En su edici\u00f3n de hoy, Clar\u00edn asegur\u00f3 que el encuentro no pudo ser confirmado por ese diario \u201cm\u00e1s all\u00e1 del hecho de que ambos solo saludaron al Papa tras la ceremonia de creaci\u00f3n\u201d y que \u201cno parece veros\u00edmil que se haya realizado en la secretar\u00eda de Estado \u2013como dice T\u00e9lam- porque no es el \u00e1mbito en el que el papa recibe a sus visitantes\u201d.<\/p>\n<p>\u201cSi el Papa quer\u00eda hacer una reuni\u00f3n privada o reservada nos pod\u00eda convocar a Santa Marta, pero es primera vez que particip\u00f3 en una reuni\u00f3n en la Secretar\u00eda de Estado con un funcionario argentino, normalmente acompa\u00f1o a la Presidenta (Cristina Fern\u00e1ndez de Kirchner) y siempre han sido en Santa Marta como un gesto de intimidad que el Papa guarda con la Presidenta pero a los dem\u00e1s jefes de Estado y las dem\u00e1s reuniones protocolares que hace el Papa las hace en la Secretar\u00eda de Estado\u201d, detall\u00f3 Vald\u00e9s.<\/p>\n<p>Seg\u00fan el embajador argentino ante el Vaticano, el Papa \u201cquer\u00eda visibilizar con el presidente de la C\u00e1mara de Diputados, que en ese momento era el representante de la Presidenta ante la ceremonia del consistorio con motivo de que monse\u00f1or Luis Villalba iba a ser ordenado cardenal el s\u00e1bado y por eso lo puso al frente de la delegaci\u00f3n nacional, y yo creo la reuni\u00f3n del d\u00eda lunes ten\u00eda que ver con un an\u00e1lisis de la situaci\u00f3n argentina y eso fue\u201d.<\/p>\n<p>En ese sentido, Vald\u00e9s detall\u00f3 que en la Secretar\u00eda de Estado a la espera del encuentro con el Papa se encontraron con el cardenal Pietro Parolin, secretario de Estado vaticano, y con monse\u00f1or Georg Gaenswein, prefecto de la Casa Pontificio, en tanto que previo a su encuentro con Dom\u00ednguez y Francisco, el Sumo Pontifice recibi\u00f3 a las 9 al canciller y al embajador de Portugal, que salieron a las 9:15, para iniciar la audiencia con la delegaci\u00f3n argentina, que estuvo hasta las 10.<\/p>\n","protected":false},"excerpt":{"rendered":"<p>El embajador argentino en el Vaticano, Eduardo Vald\u00e9s, confirm\u00f3 los encuentros que el Sumo Pont\u00edfice tuvo con los familiares de v\u00edctimas de AMIA y con el presidente de la C\u00e1mara de Diputados. Clar\u00edn hab\u00eda puesto en duda ambas reuniones.<\/p>\n","protected":false},"author":4,"featured_media":0,"comment_status":"open","ping_status":"open","sticky":false,"template":"","format":"standard","meta":{"_jetpack_newsletter_access":"","_jetpack_dont_email_post_to_subs":false,"_jetpack_newsletter_tier_id":0,"_jetpack_memberships_contains_paywalled_content":false,"_jetpack_memberships_contains_paid_content":false,"footnotes":""},"categories":[51],"tags":[],"class_list":["post-62113","post","type-post","status-publish","format-standard","hentry","category-politica"],"jetpack_shortlink":"https:\/\/wp.me\/p2JWE0-g9P","jetpack-related-posts":[{"id":114293,"url":"http:\/\/www.24baires.com\/?p=114293","url_meta":{"origin":62113,"position":0},"title":"El Frente de Todos no votar\u00e1 en bloque el proyecto de aborto legal","author":"AF","date":"03\/03\/2020","format":false,"excerpt":"As\u00ed lo inform\u00f3 el diputado Vald\u00e9s, uno de los opositores a la iniciativa que enviar\u00e1 el Ejecutivo. Luego de que el presidente Alberto Fern\u00e1ndez anunciar\u00e1 el env\u00edo de un proyecto de aborto legal al Congreso de la Naci\u00f3n, comenzaron los primeros poroteos y definiciones en los diferentes espacios pol\u00edticos. El\u2026","rel":"","context":"En \u00abSociedad\u00bb","block_context":{"text":"Sociedad","link":"http:\/\/www.24baires.com\/?cat=1"},"img":{"alt_text":"","src":"https:\/\/i0.wp.com\/www.24baires.com\/wp-content\/uploads\/2020\/01\/alberto-aborto.jpg?resize=350%2C200","width":350,"height":200,"srcset":"https:\/\/i0.wp.com\/www.24baires.com\/wp-content\/uploads\/2020\/01\/alberto-aborto.jpg?resize=350%2C200 1x, https:\/\/i0.wp.com\/www.24baires.com\/wp-content\/uploads\/2020\/01\/alberto-aborto.jpg?resize=525%2C300 1.5x"},"classes":[]},{"id":48923,"url":"http:\/\/www.24baires.com\/?p=48923","url_meta":{"origin":62113,"position":1},"title":"Juli\u00e1n Dom\u00ednguez: \u00abQueremos un dirigente con olor a pueblo\u00bb","author":"Grupo Sierra","date":"29\/06\/2014","format":false,"excerpt":"Lo afirm\u00f3 el presidente de la C\u00e1mara de Diputados, parafraseando los dichos del papa Francisco que aboga por \u201cpastores con olor a oveja\u201d, y dijo que la llegada de un pont\u00edfice argentino al Vaticano \u201cnos obliga a releer nuestra propia historia\u201d. Juli\u00e1n Dom\u00ednguez expuso en la Semana Social convocada por\u2026","rel":"","context":"En \u00abPol\u00edtica\u00bb","block_context":{"text":"Pol\u00edtica","link":"http:\/\/www.24baires.com\/?cat=51"},"img":{"alt_text":"dominguez_julian","src":"https:\/\/i0.wp.com\/www.24baires.com\/wp-content\/uploads\/2013\/01\/dominguez_julian.jpg?resize=350%2C200","width":350,"height":200,"srcset":"https:\/\/i0.wp.com\/www.24baires.com\/wp-content\/uploads\/2013\/01\/dominguez_julian.jpg?resize=350%2C200 1x, https:\/\/i0.wp.com\/www.24baires.com\/wp-content\/uploads\/2013\/01\/dominguez_julian.jpg?resize=525%2C300 1.5x"},"classes":[]},{"id":34052,"url":"http:\/\/www.24baires.com\/?p=34052","url_meta":{"origin":62113,"position":2},"title":"Scioli llam\u00f3 a recordar que Nestor  \u00abrevitaliz\u00f3 la esencia de la pol\u00edtica\u00bb","author":"GB","date":"24\/10\/2013","format":false,"excerpt":"El gobernador Daniel Scioli, el presidente de la C\u00e1mara de Diputados, Juli\u00e1n Dom\u00ednguez, y el ministro de Trabajo, Carlos Tomada, encabezaron un acto a tres d\u00edas del tercer aniversario de su fallecimiento. Scioli asegur\u00f3 que \"la lealtad para m\u00ed es ser responsable y agradecido con quien ha marcado un camino\u2026","rel":"","context":"En \u00abPol\u00edtica\u00bb","block_context":{"text":"Pol\u00edtica","link":"http:\/\/www.24baires.com\/?cat=51"},"img":{"alt_text":"","src":"","width":0,"height":0},"classes":[]},{"id":54044,"url":"http:\/\/www.24baires.com\/?p=54044","url_meta":{"origin":62113,"position":3},"title":"Cristina comienza su gira en Nueva York con Ban Ki-moon y George Soros","author":"AF","date":"22\/09\/2014","format":false,"excerpt":"La Presidenta iniciar\u00e1 hoy la actividad oficial con una serie de reuniones que incluyen al secretario general de la ONU, el empresario estadounidense y representantes del sindicalismo internacional. El mi\u00e9rcoles hablar\u00e1 ante la Asamblea de Naciones Unidas. La audiencia entre la jefa de Estado y el diplom\u00e1tico surcoreano ser\u00e1 este\u2026","rel":"","context":"En \u00abPol\u00edtica\u00bb","block_context":{"text":"Pol\u00edtica","link":"http:\/\/www.24baires.com\/?cat=51"},"img":{"alt_text":"cristina","src":"https:\/\/i0.wp.com\/www.24baires.com\/wp-content\/uploads\/2014\/08\/cristina4.jpg?resize=350%2C200","width":350,"height":200,"srcset":"https:\/\/i0.wp.com\/www.24baires.com\/wp-content\/uploads\/2014\/08\/cristina4.jpg?resize=350%2C200 1x, https:\/\/i0.wp.com\/www.24baires.com\/wp-content\/uploads\/2014\/08\/cristina4.jpg?resize=525%2C300 1.5x"},"classes":[]},{"id":54003,"url":"http:\/\/www.24baires.com\/?p=54003","url_meta":{"origin":62113,"position":4},"title":"Cristina se reunir\u00e1 este lunes con el Secretario General de la ONU","author":"AF","date":"21\/09\/2014","format":false,"excerpt":"La presidenta Cristina Fern\u00e1ndez de Kirchner arrib\u00f3 anoche a la ciudad de Nueva York para desarrollar hasta el mi\u00e9rcoles pr\u00f3ximo una agenda que incluir\u00e1 una reuni\u00f3n con el secretario general de la ONU, Ban Ki-moon; un encuentro con representantes del sindicalismo internacional; una audiencia con el empresario George Soros y\u2026","rel":"","context":"En \u00abInternacionales\u00bb","block_context":{"text":"Internacionales","link":"http:\/\/www.24baires.com\/?cat=73"},"img":{"alt_text":"cristina onu","src":"https:\/\/i0.wp.com\/www.24baires.com\/wp-content\/uploads\/2013\/08\/cristina-onu.jpg?resize=350%2C200","width":350,"height":200,"srcset":"https:\/\/i0.wp.com\/www.24baires.com\/wp-content\/uploads\/2013\/08\/cristina-onu.jpg?resize=350%2C200 1x, https:\/\/i0.wp.com\/www.24baires.com\/wp-content\/uploads\/2013\/08\/cristina-onu.jpg?resize=525%2C300 1.5x"},"classes":[]},{"id":15447,"url":"http:\/\/www.24baires.com\/?p=15447","url_meta":{"origin":62113,"position":5},"title":"\u00abEl acuerdo con Ir\u00e1n busca garantizar justicia y verdad\u00bb","author":"Grupo Sierra","date":"12\/02\/2013","format":false,"excerpt":"El presidente de Diputados, Juli\u00e1n Dom\u00ednguez, sostuvo que con el acuerdo firmado entre Argentina e Ir\u00e1n por la investigaci\u00f3n del atentado el Gobierno \"pone todo el peso y los mecanismos del Estado para garantizar la justicia y la verdad\". \"Se est\u00e1 poniendo todo el peso del Estado y todos los\u2026","rel":"","context":"En \u00abPol\u00edtica\u00bb","block_context":{"text":"Pol\u00edtica","link":"http:\/\/www.24baires.com\/?cat=51"},"img":{"alt_text":"dominguez iran","src":"https:\/\/i0.wp.com\/www.24baires.com\/wp-content\/uploads\/2013\/02\/dominguez-iran.jpg?resize=350%2C200","width":350,"height":200,"srcset":"https:\/\/i0.wp.com\/www.24baires.com\/wp-content\/uploads\/2013\/02\/dominguez-iran.jpg?resize=350%2C200 1x, https:\/\/i0.wp.com\/www.24baires.com\/wp-content\/uploads\/2013\/02\/dominguez-iran.jpg?resize=525%2C300 1.5x"},"classes":[]}],"jetpack_sharing_enabled":true,"jetpack_likes_enabled":true,"jetpack_featured_media_url":"","_links":{"self":[{"href":"http:\/\/www.24baires.com\/index.php?rest_route=\/wp\/v2\/posts\/62113","targetHints":{"allow":["GET"]}}],"collection":[{"href":"http:\/\/www.24baires.com\/index.php?rest_route=\/wp\/v2\/posts"}],"about":[{"href":"http:\/\/www.24baires.com\/index.php?rest_route=\/wp\/v2\/types\/post"}],"author":[{"embeddable":true,"href":"http:\/\/www.24baires.com\/index.php?rest_route=\/wp\/v2\/users\/4"}],"replies":[{"embeddable":true,"href":"http:\/\/www.24baires.com\/index.php?rest_route=%2Fwp%2Fv2%2Fcomments&post=62113"}],"version-history":[{"count":1,"href":"http:\/\/www.24baires.com\/index.php?rest_route=\/wp\/v2\/posts\/62113\/revisions"}],"predecessor-version":[{"id":62114,"href":"http:\/\/www.24baires.com\/index.php?rest_route=\/wp\/v2\/posts\/62113\/revisions\/62114"}],"wp:attachment":[{"href":"http:\/\/www.24baires.com\/index.php?rest_route=%2Fwp%2Fv2%2Fmedia&parent=62113"}],"wp:term":[{"taxonomy":"category","embeddable":true,"href":"http:\/\/www.24baires.com\/index.php?rest_route=%2Fwp%2Fv2%2Fcategories&post=62113"},{"taxonomy":"post_tag","embeddable":true,"href":"http:\/\/www.24baires.com\/index.php?rest_route=%2Fwp%2Fv2%2Ftags&post=62113"}],"curies":[{"name":"wp","href":"https:\/\/api.w.org\/{rel}","templated":true}]}}