{"id":62104,"date":"2015-02-22T16:30:04","date_gmt":"2015-02-22T19:30:04","guid":{"rendered":"http:\/\/www.24baires.com\/?p=62104"},"modified":"2015-02-22T16:35:55","modified_gmt":"2015-02-22T19:35:55","slug":"scioli-hace-gastos-innecesarios-y-no-puede-afrontar-los-gastos-salariales","status":"publish","type":"post","link":"http:\/\/www.24baires.com\/?p=62104","title":{"rendered":"\u00abScioli hace gastos innecesarios y no puede afrontar los gastos salariales\u00bb"},"content":{"rendered":"<p><img data-recalc-dims=\"1\" loading=\"lazy\" decoding=\"async\" src=\"https:\/\/i0.wp.com\/www.24baires.com\/wp-content\/uploads\/2015\/02\/ju%C3%A1rez.jpg?resize=560%2C277\" alt=\"ju\u00e1rez\" width=\"560\" height=\"277\" class=\"aligncenter size-full wp-image-62105\" srcset=\"https:\/\/i0.wp.com\/www.24baires.com\/wp-content\/uploads\/2015\/02\/ju%C3%A1rez.jpg?w=560 560w, https:\/\/i0.wp.com\/www.24baires.com\/wp-content\/uploads\/2015\/02\/ju%C3%A1rez.jpg?resize=300%2C148 300w\" sizes=\"auto, (max-width: 560px) 100vw, 560px\" \/>Lo asegur\u00f3 el Diputado Juan Carlos Ju\u00e1rez, del GEN en el Frente Amplio Progresista, en referencia a los numerosos conflictos gremiales que se han abierto en la Provincia de Bs As como consecuencia de las truncas negociaciones paritarias entre el Gobierno Bonaerense y varios sindicatos.<!--more--><\/p>\n<p>El Legislador afirm\u00f3 que \u201clamentablemente es el s\u00e9ptimo a\u00f1o consecutivo en donde el mes de marzo comienza con conflictos entre el Ejecutivo provincial y los gremios de educaci\u00f3n, salud, justicia y los empleados p\u00fablicos en general, como consecuencia de las deficientes gestiones del Gobernador Scioli\u201d.<\/p>\n<p>Al respecto, el Secretario Nacional del GEN explic\u00f3 que \u201cel mandatario provincial no ha tenido la capacidad de resolver el problema salarial\u201d y agreg\u00f3 que \u201ceso se debe principalmente a que nunca ha previsto las subas en el presupuesto anual\u201d.<\/p>\n<p>Tambi\u00e9n explic\u00f3 que \u201choy la brecha en las discusiones salariales es m\u00e1s amplia debido a la depreciaci\u00f3n que han tenido los ingresos de los empleados provinciales, al crecimiento de la inflaci\u00f3n y a la corrida de la paridad cambiaria, entre otras cuestiones, sumadas a que la provincia est\u00e1 exhausta en sus fondos porque Scioli no ha podido recaudar bien y tampoco ha defendido como deb\u00eda los fondos del distrito ante el Estado Nacional\u201d.<\/p>\n","protected":false},"excerpt":{"rendered":"<p>Lo asegur\u00f3 el Diputado Juan Carlos Ju\u00e1rez, del GEN en el Frente Amplio Progresista, en referencia a los numerosos conflictos gremiales que se han abierto en la Provincia de Bs As como consecuencia de las truncas negociaciones paritarias entre el Gobierno Bonaerense y varios sindicatos.<\/p>\n","protected":false},"author":4,"featured_media":0,"comment_status":"open","ping_status":"open","sticky":false,"template":"","format":"standard","meta":{"_jetpack_newsletter_access":"","_jetpack_dont_email_post_to_subs":false,"_jetpack_newsletter_tier_id":0,"_jetpack_memberships_contains_paywalled_content":false,"_jetpack_memberships_contains_paid_content":false,"footnotes":""},"categories":[51],"tags":[],"class_list":["post-62104","post","type-post","status-publish","format-standard","hentry","category-politica"],"jetpack_shortlink":"https:\/\/wp.me\/p2JWE0-g9G","jetpack-related-posts":[{"id":102717,"url":"http:\/\/www.24baires.com\/?p=102717","url_meta":{"origin":62104,"position":0},"title":"Stolbizer: \u00abLa gesti\u00f3n de Vidal es tan mala como la de Scioli\u00bb","author":"GB","date":"13\/06\/2018","format":false,"excerpt":"La l\u00edder del GEN endureci\u00f3 su discurso contra la Gobernadora y afirm\u00f3 que \"no puede mostrar avances\" en educaci\u00f3n, salud y seguridad. Margarita Stolbizer abandon\u00f3 el discurso conciliador con Mar\u00eda Eugenia Vidal y afirm\u00f3 que su gesti\u00f3n \"es tan mala\" como la de su antecesor Daniel Scioli. Durante una visita\u2026","rel":"","context":"En \u00abPol\u00edtica\u00bb","block_context":{"text":"Pol\u00edtica","link":"http:\/\/www.24baires.com\/?cat=51"},"img":{"alt_text":"","src":"https:\/\/i0.wp.com\/www.24baires.com\/wp-content\/uploads\/2016\/08\/vidal-stolbizer.jpg?resize=350%2C200","width":350,"height":200,"srcset":"https:\/\/i0.wp.com\/www.24baires.com\/wp-content\/uploads\/2016\/08\/vidal-stolbizer.jpg?resize=350%2C200 1x, https:\/\/i0.wp.com\/www.24baires.com\/wp-content\/uploads\/2016\/08\/vidal-stolbizer.jpg?resize=525%2C300 1.5x"},"classes":[]},{"id":100134,"url":"http:\/\/www.24baires.com\/?p=100134","url_meta":{"origin":62104,"position":1},"title":"La Provincia prev\u00e9 una dura negociaci\u00f3n con los gremios docentes","author":"GB","date":"24\/01\/2018","format":false,"excerpt":"En el gobierno bonaerense afirman que \"no hay ni piso ni techo\" para la paritaria; avanzan en la \"depuraci\u00f3n\" de las afiliaciones de los sindicatos que agrupan a maestros y profesores Volvi\u00f3 descansada y feliz de Villa La Angostura. Ya de regreso en su despacho, Mar\u00eda Eugenia Vidal se pondr\u00e1\u2026","rel":"","context":"En \u00abProvincia\u00bb","block_context":{"text":"Provincia","link":"http:\/\/www.24baires.com\/?cat=40"},"img":{"alt_text":"","src":"https:\/\/i0.wp.com\/www.24baires.com\/wp-content\/uploads\/2017\/11\/docentes.jpg?resize=350%2C200","width":350,"height":200,"srcset":"https:\/\/i0.wp.com\/www.24baires.com\/wp-content\/uploads\/2017\/11\/docentes.jpg?resize=350%2C200 1x, https:\/\/i0.wp.com\/www.24baires.com\/wp-content\/uploads\/2017\/11\/docentes.jpg?resize=525%2C300 1.5x"},"classes":[]},{"id":19728,"url":"http:\/\/www.24baires.com\/?p=19728","url_meta":{"origin":62104,"position":2},"title":"Stolbizer propone crear una comisi\u00f3n mediadora para el conflicto entre Naci\u00f3n y Provincia","author":"AF","date":"30\/03\/2013","format":false,"excerpt":"La titular del partido GEN, Margarita Stolbizer propuso crear una comisi\u00f3n mediadora integrada por legisladores, para salir del conflicto entre el gobierno nacional y provincial. \u201cEstamos frente a un problema que no es fiscal ni financiero, sino pol\u00edtico: la interna del Partido que gobierna\u201d. Seg\u00fan Stolbizer, \u201clos bonaerenses somos rehenes\u2026","rel":"","context":"En \u00abPol\u00edtica\u00bb","block_context":{"text":"Pol\u00edtica","link":"http:\/\/www.24baires.com\/?cat=51"},"img":{"alt_text":"","src":"","width":0,"height":0},"classes":[]},{"id":24986,"url":"http:\/\/www.24baires.com\/?p=24986","url_meta":{"origin":62104,"position":3},"title":"Los docentes bonaerenses se re\u00fanen con el Gobierno provincial por el conflicto","author":"Grupo Sierra","date":"03\/06\/2013","format":false,"excerpt":"Luego del paro de 96 horas realizado la semana pasada en reclamo de un mayor incremento salarial, el gobierno de Scioli convoc\u00f3 a los docentes a una nueva reuni\u00f3n de di\u00e1logo desde las 15. La reuni\u00f3n se realiza en el despacho del jefe de gabinete, Alberto P\u00e9rez. Los integrantes del\u2026","rel":"","context":"En \u00abProvincia\u00bb","block_context":{"text":"Provincia","link":"http:\/\/www.24baires.com\/?cat=40"},"img":{"alt_text":"docentes reunion junio","src":"https:\/\/i0.wp.com\/www.24baires.com\/wp-content\/uploads\/2013\/06\/docentes-reunion-junio.jpg?resize=350%2C200","width":350,"height":200},"classes":[]},{"id":54945,"url":"http:\/\/www.24baires.com\/?p=54945","url_meta":{"origin":62104,"position":4},"title":"Estatales y m\u00e9dicos vuelven a parar reclamando mejoras salariales","author":"AF","date":"07\/10\/2014","format":false,"excerpt":"Ambos sectores realizar\u00e1n ma\u00f1ana una medida de fuerza en el inicio del debate por el Presupuesto bonaerense 2015. A pocas horas de que se abra en la Legislatura provincial el debate por el Presupuesto y la Ley Impositiva 2015, los gremios de trabajadores estatales y m\u00e9dicos bonaerenses retomar\u00e1n las medidas\u2026","rel":"","context":"En \u00abProvincia\u00bb","block_context":{"text":"Provincia","link":"http:\/\/www.24baires.com\/?cat=40"},"img":{"alt_text":"ate","src":"https:\/\/i0.wp.com\/www.24baires.com\/wp-content\/uploads\/2014\/04\/ate.jpg?resize=350%2C200","width":350,"height":200,"srcset":"https:\/\/i0.wp.com\/www.24baires.com\/wp-content\/uploads\/2014\/04\/ate.jpg?resize=350%2C200 1x, https:\/\/i0.wp.com\/www.24baires.com\/wp-content\/uploads\/2014\/04\/ate.jpg?resize=525%2C300 1.5x"},"classes":[]},{"id":122894,"url":"http:\/\/www.24baires.com\/?p=122894","url_meta":{"origin":62104,"position":5},"title":"Los docentes bonaerenses son los peor pagos entre las provincias \u201cgrandes\u201d y perdieron el 18% del sueldo","author":"GB","date":"23\/02\/2026","format":false,"excerpt":"El salario docente en provincia de Buenos Aires es m\u00e1s bajo que en C\u00f3rdoba, Santa Fe y CABA. El contexto de un paro anunciado. Cuando faltan apenas d\u00edas para el inicio formal del ciclo lectivo 2026 \u2013previsto para el 2 de marzo\u2013, los docentes de la Provincia de Buenos Aires\u2026","rel":"","context":"En \u00abProvincia\u00bb","block_context":{"text":"Provincia","link":"http:\/\/www.24baires.com\/?cat=40"},"img":{"alt_text":"","src":"https:\/\/i0.wp.com\/www.24baires.com\/wp-content\/uploads\/2026\/02\/docentes-pba.jpg?resize=350%2C200","width":350,"height":200,"srcset":"https:\/\/i0.wp.com\/www.24baires.com\/wp-content\/uploads\/2026\/02\/docentes-pba.jpg?resize=350%2C200 1x, https:\/\/i0.wp.com\/www.24baires.com\/wp-content\/uploads\/2026\/02\/docentes-pba.jpg?resize=525%2C300 1.5x, https:\/\/i0.wp.com\/www.24baires.com\/wp-content\/uploads\/2026\/02\/docentes-pba.jpg?resize=700%2C400 2x"},"classes":[]}],"jetpack_sharing_enabled":true,"jetpack_likes_enabled":true,"jetpack_featured_media_url":"","_links":{"self":[{"href":"http:\/\/www.24baires.com\/index.php?rest_route=\/wp\/v2\/posts\/62104","targetHints":{"allow":["GET"]}}],"collection":[{"href":"http:\/\/www.24baires.com\/index.php?rest_route=\/wp\/v2\/posts"}],"about":[{"href":"http:\/\/www.24baires.com\/index.php?rest_route=\/wp\/v2\/types\/post"}],"author":[{"embeddable":true,"href":"http:\/\/www.24baires.com\/index.php?rest_route=\/wp\/v2\/users\/4"}],"replies":[{"embeddable":true,"href":"http:\/\/www.24baires.com\/index.php?rest_route=%2Fwp%2Fv2%2Fcomments&post=62104"}],"version-history":[{"count":1,"href":"http:\/\/www.24baires.com\/index.php?rest_route=\/wp\/v2\/posts\/62104\/revisions"}],"predecessor-version":[{"id":62106,"href":"http:\/\/www.24baires.com\/index.php?rest_route=\/wp\/v2\/posts\/62104\/revisions\/62106"}],"wp:attachment":[{"href":"http:\/\/www.24baires.com\/index.php?rest_route=%2Fwp%2Fv2%2Fmedia&parent=62104"}],"wp:term":[{"taxonomy":"category","embeddable":true,"href":"http:\/\/www.24baires.com\/index.php?rest_route=%2Fwp%2Fv2%2Fcategories&post=62104"},{"taxonomy":"post_tag","embeddable":true,"href":"http:\/\/www.24baires.com\/index.php?rest_route=%2Fwp%2Fv2%2Ftags&post=62104"}],"curies":[{"name":"wp","href":"https:\/\/api.w.org\/{rel}","templated":true}]}}