{"id":62100,"date":"2015-02-22T14:00:56","date_gmt":"2015-02-22T17:00:56","guid":{"rendered":"http:\/\/www.24baires.com\/?p=62100"},"modified":"2015-02-22T13:47:26","modified_gmt":"2015-02-22T16:47:26","slug":"julian-dominguez-la-elite-judicial-mediatica-y-financiera-busca-danar-a-cristina","status":"publish","type":"post","link":"http:\/\/www.24baires.com\/?p=62100","title":{"rendered":"Juli\u00e1n Dom\u00ednguez: \u00abLa \u00e9lite judicial, medi\u00e1tica y financiera busca da\u00f1ar a Cristina\u00bb"},"content":{"rendered":"<p><img data-recalc-dims=\"1\" loading=\"lazy\" decoding=\"async\" class=\"aligncenter size-full wp-image-12970\" src=\"https:\/\/i0.wp.com\/www.24baires.com\/wp-content\/uploads\/2013\/01\/dominguez_julian.jpg?resize=560%2C307\" alt=\"dominguez_julian\" width=\"560\" height=\"307\" srcset=\"https:\/\/i0.wp.com\/www.24baires.com\/wp-content\/uploads\/2013\/01\/dominguez_julian.jpg?w=560 560w, https:\/\/i0.wp.com\/www.24baires.com\/wp-content\/uploads\/2013\/01\/dominguez_julian.jpg?resize=300%2C164 300w\" sizes=\"auto, (max-width: 560px) 100vw, 560px\" \/>El presidente de la c\u00e1mara de Diputados, Juli\u00e1n Dom\u00ednguez, se refiri\u00f3 a la imputaci\u00f3n por encubrimiento a Cristina Kirchner y dijo que \u00abla elite judicial, medi\u00e1tica y financiera est\u00e1 haciendo un esfuerzo por da\u00f1ar la figura presidencial\u00bb.<!--more--><\/p>\n<p>\u00abCuando la oposici\u00f3n invita a los fiscales a ir al Congreso aceptan y cuando los invita el oficialismo, lo rechazan. El memorandum es la raz\u00f3n por la cual se la imputa a la presidenta por encubrimiento. Tenemos necesidad de conocer los contenidos de la denuncia porque es una ley votada por el Congreso. Queremos justicia y verdad en la Argentina\u00bb, afirm\u00f3 Dom\u00ednguez sobre la invitaci\u00f3n a concurrir al parlamento que rechaz\u00f3 Gerardo Pollicita.<\/p>\n<p>\u00abLamentamos mucho que el se\u00f1or fiscal no acepte la invitaci\u00f3n porque nos priva a nosotros de conocer las razones por las que se imputa el encubrimiento por una ley que votamos nosotros. Nosotros buscamos la verdad y no ser funcional a un elite medi\u00e1tica, judicial y financiera que el \u00fanico prop\u00f3sito que tiene es desprestigiar la figura de la presidenta\u00bb, agreg\u00f3.<\/p>\n<p>En este sentido, apunt\u00f3 contra todo el poder judicial: \u00abEl poder judicial dice lo que quiere con independencia de los otros poderes. No quieren que se conozca la verdad y el fundamento de la denuncia, que es el problema que tenemos en la discusi\u00f3n pol\u00edtica de los \u00faltimos 15 d\u00edas\u00bb.<\/p>\n<p>\u00abQueremos poner todo el empe\u00f1o en conocer los fundamentos de la denuncia. El memorandum es constitucional o no pero no puede ser base de un delito, vamos a llegar hasta el fondo con esto. Estamos convencidos que la oposici\u00f3n rehuye a este debate\u00bb, continu\u00f3.<\/p>\n<p>En este punto, Dom\u00ednguez insisti\u00f3 en que el objetivo de no informar los fundamentos de la denuncia ser\u00eda da\u00f1ar la figura de la presidenta Cristina Kirchner. \u00abLa elite judicial, medi\u00e1tica y financiera est\u00e1 haciendo un esfuerzo por da\u00f1ar la figura presidencial. Lo que pretenden es que se piense que en Argentina no pasan otras cosas que esta noticia\u00bb.<\/p>\n<p>\u00abNunca imaginamos que el memorandum pod\u00eda constituir una causa para acusar de encubrimiento a la presidenta, es el reino del rev\u00e9s. Desde lo jur\u00eddico no hay fundamentos, esto tiene un comportamiento pol\u00editico que pretende da\u00f1ar la figura de la presidenta, de su canciller y los que somos parte del gobierno e impedir que discutamos del futuro\u00bb, concluy\u00f3 en di\u00e1logo con FM Nacional Rock.<\/p>\n<p>Por \u00faltimo, habl\u00f3 de la confirmaci\u00f3n del procesamiento de Amado Boudou en la causa Ciccone: \u00abQueremos que la Justicia act\u00fae, es lo mejor que puede pasar. En Argentina hay libertad e independencia de poderes, lamentablemtente para los que intoxican a la sociedad. Est\u00e1n imputados la mayor\u00eda del gobierno nacional, nadie se priva de decir cualquier cosa\u00bb.<\/p>\n<p>&nbsp;<\/p>\n<p>&nbsp;<\/p>\n<p>&nbsp;<\/p>\n<p>&nbsp;<\/p>\n<p>&nbsp;<\/p>\n<p>&nbsp;<\/p>\n<p>&nbsp;<\/p>\n<p>&nbsp;<\/p>\n<p>&nbsp;<\/p>\n<p>&nbsp;<\/p>\n<p>&nbsp;<\/p>\n<p>&nbsp;<\/p>\n","protected":false},"excerpt":{"rendered":"<p>El presidente de la c\u00e1mara de Diputados, Juli\u00e1n Dom\u00ednguez, se refiri\u00f3 a la imputaci\u00f3n por encubrimiento a Cristina Kirchner y dijo que \u00abla elite judicial, medi\u00e1tica y financiera est\u00e1 haciendo un esfuerzo por da\u00f1ar la figura presidencial\u00bb.<\/p>\n","protected":false},"author":8,"featured_media":0,"comment_status":"open","ping_status":"open","sticky":false,"template":"","format":"standard","meta":{"_jetpack_newsletter_access":"","_jetpack_dont_email_post_to_subs":false,"_jetpack_newsletter_tier_id":0,"_jetpack_memberships_contains_paywalled_content":false,"_jetpack_memberships_contains_paid_content":false,"footnotes":""},"categories":[51],"tags":[],"class_list":["post-62100","post","type-post","status-publish","format-standard","hentry","category-politica"],"jetpack_shortlink":"https:\/\/wp.me\/p2JWE0-g9C","jetpack-related-posts":[{"id":62087,"url":"http:\/\/www.24baires.com\/?p=62087","url_meta":{"origin":62100,"position":0},"title":"Para Dom\u00ednguez, Pollicita evita el Congreso \u00abpor las inconsistencias jur\u00eddicas de la denuncia\u00bb","author":"Grupo Sierra","date":"21\/02\/2015","format":false,"excerpt":"El presidente de la C\u00e1mara de Diputados de la Naci\u00f3n, Juli\u00e1n Dom\u00ednguez, asegur\u00f3 esta ma\u00f1ana estar \"convencido de que las severas inconsistencias jur\u00eddicas de la denuncia hicieron a Pollicita declinar la invitaci\u00f3n del Congreso\", en declaraciones a la prensa local, luego de exponer junto al vicegobernador de la provincia, Sergio\u2026","rel":"","context":"En \u00abGeneral\u00bb","block_context":{"text":"General","link":"http:\/\/www.24baires.com\/?cat=67"},"img":{"alt_text":"dominguez julian","src":"https:\/\/i0.wp.com\/www.24baires.com\/wp-content\/uploads\/2012\/09\/dominguez-julian.jpg?resize=350%2C200","width":350,"height":200,"srcset":"https:\/\/i0.wp.com\/www.24baires.com\/wp-content\/uploads\/2012\/09\/dominguez-julian.jpg?resize=350%2C200 1x, https:\/\/i0.wp.com\/www.24baires.com\/wp-content\/uploads\/2012\/09\/dominguez-julian.jpg?resize=525%2C300 1.5x"},"classes":[]},{"id":100924,"url":"http:\/\/www.24baires.com\/?p=100924","url_meta":{"origin":62100,"position":1},"title":"Cristina busca impedir que los funcionarios tengan cuentas offshore","author":"GB","date":"07\/03\/2018","format":false,"excerpt":"La senadora de Unidad Ciudadana denunci\u00f3 que Cambiemos se convirti\u00f3 en \"un festival de sociedades y cuentas en para\u00edsos fiscales\". La senadora nacional de Unidad Ciudadana Cristina Fern\u00e1ndez de Kirchner present\u00f3 un proyecto para impedir que accedan a los cargos p\u00fablicos los ciudadanos que tengan cuentas o participen en sociedades\u2026","rel":"","context":"En \u00abPol\u00edtica\u00bb","block_context":{"text":"Pol\u00edtica","link":"http:\/\/www.24baires.com\/?cat=51"},"img":{"alt_text":"","src":"https:\/\/i0.wp.com\/www.24baires.com\/wp-content\/uploads\/2017\/12\/cristina-senado.jpg?resize=350%2C200","width":350,"height":200,"srcset":"https:\/\/i0.wp.com\/www.24baires.com\/wp-content\/uploads\/2017\/12\/cristina-senado.jpg?resize=350%2C200 1x, https:\/\/i0.wp.com\/www.24baires.com\/wp-content\/uploads\/2017\/12\/cristina-senado.jpg?resize=525%2C300 1.5x"},"classes":[]},{"id":60365,"url":"http:\/\/www.24baires.com\/?p=60365","url_meta":{"origin":62100,"position":2},"title":"Frente para la Victoria: \u00abHay que esclarecer esta muerte de manera urgente\u00bb","author":"Grupo Sierra","date":"19\/01\/2015","format":false,"excerpt":"Referentes parlamentarios expresaron su \"dolor y sus condolencias\" a los familiares del fiscal fallecido y reclamaron un r\u00e1pido accionar ante la muerte del funcionario, que \"conmovi\u00f3 al conjunto del pa\u00eds\". \"Nosotros queremos la verdad; reclamamos que se esclarezca este hecho que ha conmovido al conjunto del pa\u00eds; queremos saber qu\u00e9\u2026","rel":"","context":"En \u00abJUDICIALES\u00bb","block_context":{"text":"JUDICIALES","link":"http:\/\/www.24baires.com\/?cat=68"},"img":{"alt_text":"","src":"https:\/\/i0.wp.com\/www.24baires.com\/wp-content\/uploads\/2015\/01\/di-tullio-dominguez.jpg?resize=350%2C200","width":350,"height":200,"srcset":"https:\/\/i0.wp.com\/www.24baires.com\/wp-content\/uploads\/2015\/01\/di-tullio-dominguez.jpg?resize=350%2C200 1x, https:\/\/i0.wp.com\/www.24baires.com\/wp-content\/uploads\/2015\/01\/di-tullio-dominguez.jpg?resize=525%2C300 1.5x"},"classes":[]},{"id":102133,"url":"http:\/\/www.24baires.com\/?p=102133","url_meta":{"origin":62100,"position":3},"title":"En medio de la corrida cambiaria, Ercolini proces\u00f3 a CFK","author":"AF","date":"14\/05\/2018","format":false,"excerpt":"Cuando el d\u00f3lar pisaba los 25,52 pesos, en un nuevo r\u00e9cord hist\u00f3rico, el juez federal Juli\u00e1n Ercolini proces\u00f3 a la ex presidenta y actual senadora Cristina Fern\u00e1ndez de Kirchner por presunto lavado de activos en la causa Hotesur. La medida judicial tambi\u00e9n se extendi\u00f3 hacia sus hijos M\u00e1ximo y Florencia\u2026","rel":"","context":"En \u00abJUDICIALES\u00bb","block_context":{"text":"JUDICIALES","link":"http:\/\/www.24baires.com\/?cat=68"},"img":{"alt_text":"","src":"https:\/\/i0.wp.com\/www.24baires.com\/wp-content\/uploads\/2018\/03\/cristina-py.jpg?resize=350%2C200","width":350,"height":200,"srcset":"https:\/\/i0.wp.com\/www.24baires.com\/wp-content\/uploads\/2018\/03\/cristina-py.jpg?resize=350%2C200 1x, https:\/\/i0.wp.com\/www.24baires.com\/wp-content\/uploads\/2018\/03\/cristina-py.jpg?resize=525%2C300 1.5x"},"classes":[]},{"id":15447,"url":"http:\/\/www.24baires.com\/?p=15447","url_meta":{"origin":62100,"position":4},"title":"\u00abEl acuerdo con Ir\u00e1n busca garantizar justicia y verdad\u00bb","author":"Grupo Sierra","date":"12\/02\/2013","format":false,"excerpt":"El presidente de Diputados, Juli\u00e1n Dom\u00ednguez, sostuvo que con el acuerdo firmado entre Argentina e Ir\u00e1n por la investigaci\u00f3n del atentado el Gobierno \"pone todo el peso y los mecanismos del Estado para garantizar la justicia y la verdad\". \"Se est\u00e1 poniendo todo el peso del Estado y todos los\u2026","rel":"","context":"En \u00abPol\u00edtica\u00bb","block_context":{"text":"Pol\u00edtica","link":"http:\/\/www.24baires.com\/?cat=51"},"img":{"alt_text":"dominguez iran","src":"https:\/\/i0.wp.com\/www.24baires.com\/wp-content\/uploads\/2013\/02\/dominguez-iran.jpg?resize=350%2C200","width":350,"height":200,"srcset":"https:\/\/i0.wp.com\/www.24baires.com\/wp-content\/uploads\/2013\/02\/dominguez-iran.jpg?resize=350%2C200 1x, https:\/\/i0.wp.com\/www.24baires.com\/wp-content\/uploads\/2013\/02\/dominguez-iran.jpg?resize=525%2C300 1.5x"},"classes":[]},{"id":59983,"url":"http:\/\/www.24baires.com\/?p=59983","url_meta":{"origin":62100,"position":5},"title":"El Fiscal Novo de San Isidro fue imputado por v\u00ednculos con el narcotr\u00e1fico","author":"Grupo Sierra","date":"12\/01\/2015","format":false,"excerpt":"As\u00ed lo decidi\u00f3 la jueza federal de San Isidro, Sandra Arroyo Salgado, despu\u00e9s de allanar varias dependencias de la fiscal\u00eda a cargo de Novo. Denuncian obstrucci\u00f3n de investigaciones conexas, a partir de v\u00ednculos de funcionarios judiciales con detenidos por tr\u00e1fico de drogas. La jueza federal de San Isidro Sandra Arroyo\u2026","rel":"","context":"En \u00abJUDICIALES\u00bb","block_context":{"text":"JUDICIALES","link":"http:\/\/www.24baires.com\/?cat=68"},"img":{"alt_text":"","src":"https:\/\/i0.wp.com\/www.24baires.com\/wp-content\/uploads\/2015\/01\/fiscal-novo_1rr.jpg?resize=350%2C200","width":350,"height":200,"srcset":"https:\/\/i0.wp.com\/www.24baires.com\/wp-content\/uploads\/2015\/01\/fiscal-novo_1rr.jpg?resize=350%2C200 1x, https:\/\/i0.wp.com\/www.24baires.com\/wp-content\/uploads\/2015\/01\/fiscal-novo_1rr.jpg?resize=525%2C300 1.5x"},"classes":[]}],"jetpack_sharing_enabled":true,"jetpack_likes_enabled":true,"jetpack_featured_media_url":"","_links":{"self":[{"href":"http:\/\/www.24baires.com\/index.php?rest_route=\/wp\/v2\/posts\/62100","targetHints":{"allow":["GET"]}}],"collection":[{"href":"http:\/\/www.24baires.com\/index.php?rest_route=\/wp\/v2\/posts"}],"about":[{"href":"http:\/\/www.24baires.com\/index.php?rest_route=\/wp\/v2\/types\/post"}],"author":[{"embeddable":true,"href":"http:\/\/www.24baires.com\/index.php?rest_route=\/wp\/v2\/users\/8"}],"replies":[{"embeddable":true,"href":"http:\/\/www.24baires.com\/index.php?rest_route=%2Fwp%2Fv2%2Fcomments&post=62100"}],"version-history":[{"count":1,"href":"http:\/\/www.24baires.com\/index.php?rest_route=\/wp\/v2\/posts\/62100\/revisions"}],"predecessor-version":[{"id":62101,"href":"http:\/\/www.24baires.com\/index.php?rest_route=\/wp\/v2\/posts\/62100\/revisions\/62101"}],"wp:attachment":[{"href":"http:\/\/www.24baires.com\/index.php?rest_route=%2Fwp%2Fv2%2Fmedia&parent=62100"}],"wp:term":[{"taxonomy":"category","embeddable":true,"href":"http:\/\/www.24baires.com\/index.php?rest_route=%2Fwp%2Fv2%2Fcategories&post=62100"},{"taxonomy":"post_tag","embeddable":true,"href":"http:\/\/www.24baires.com\/index.php?rest_route=%2Fwp%2Fv2%2Ftags&post=62100"}],"curies":[{"name":"wp","href":"https:\/\/api.w.org\/{rel}","templated":true}]}}