{"id":62096,"date":"2015-02-22T12:00:18","date_gmt":"2015-02-22T15:00:18","guid":{"rendered":"http:\/\/www.24baires.com\/?p=62096"},"modified":"2015-02-23T10:22:55","modified_gmt":"2015-02-23T13:22:55","slug":"se-actuo-en-nombre-de-las-victimas-al-firmar-el-memorando-con-iran-aseguro-timerman","status":"publish","type":"post","link":"http:\/\/www.24baires.com\/?p=62096","title":{"rendered":"\u00abSe actu\u00f3 en nombre de las v\u00edctimas al firmar el Memorando con Ir\u00e1n\u00bb, asegur\u00f3 Timerman"},"content":{"rendered":"<p><img data-recalc-dims=\"1\" loading=\"lazy\" decoding=\"async\" class=\"aligncenter size-full wp-image-52714\" src=\"https:\/\/i0.wp.com\/www.24baires.com\/wp-content\/uploads\/2014\/08\/timerman.jpg?resize=560%2C333\" alt=\"timerman\" width=\"560\" height=\"333\" srcset=\"https:\/\/i0.wp.com\/www.24baires.com\/wp-content\/uploads\/2014\/08\/timerman.jpg?w=560 560w, https:\/\/i0.wp.com\/www.24baires.com\/wp-content\/uploads\/2014\/08\/timerman.jpg?resize=300%2C178 300w\" sizes=\"auto, (max-width: 560px) 100vw, 560px\" \/>Lo asegur\u00f3 el canciller H\u00e9ctor Timerman, y remarc\u00f3 que el Ejecutivo \u00abno tiene nada que esconder\u00bb sobre los t\u00e9rminos de la firma del Memorando de Entendimiento con Ir\u00e1n. \u00abNi la Presidenta ni yo hicimos algo mal\u00bb, subray\u00f3.<!--more--><\/p>\n<p>\u201cNo tengo nada que esconder. Ni la presidenta (Cristina Fern\u00e1ndez de Kirchner) ni yo hicimos algo mal. Actuamos en nombre de las v\u00edctimas. Fuimos el Gobierno que m\u00e1s hizo para conocer la verdad sobre el atentado a la AMIA\u201d, sostuvo Timerman en declaraciones al sitio BBC Mundo.<\/p>\n<p>El jefe de la diplomacia argentina admiti\u00f3 tener conocimiento de que el fallecido fiscal Alberto Nisman hab\u00eda elaborado un borrador en el que ped\u00eda su detenci\u00f3n por encubrir el atentado a la mutual jud\u00eda, y adelant\u00f3 que se defender\u00e1 de esos cargos en los Tribunales.<\/p>\n<p>\u201cS\u00e9 que (Alberto) Nisman hab\u00eda elaborado un borrador en el que ped\u00eda mi detenci\u00f3n. Son acusaciones falsas y estoy listo para defenderme en los Tribunales cuando me citen. Puedo ir ma\u00f1ana mismo si as\u00ed lo disponen\u201d, subray\u00f3 el canciller.<\/p>\n<p>Timerman reconoci\u00f3 tambi\u00e9n que el Ejecutivo mantuvo conversaciones secretas con Ir\u00e1n antes de firmar el Memorando en funci\u00f3n \u201cde la importancia que ten\u00eda el asunto\u201d.<\/p>\n<p>\u201cSi tuvi\u00e9ramos que negociar sobre la soberan\u00eda de Malvinas lo har\u00edamos con los brit\u00e1nicos. La reuniones con los iran\u00edes fueron secretas por la importancia del asunto. Hab\u00eda funcionarios de ese pa\u00eds acusados en Argentina \u00bfCon quien \u00edbamos a tratar\u201d, concluy\u00f3.<\/p>\n<p>&nbsp;<\/p>\n<p>&nbsp;<\/p>\n<p>&nbsp;<\/p>\n<p>&nbsp;<\/p>\n<p>&nbsp;<\/p>\n<p>&nbsp;<\/p>\n<p>&nbsp;<\/p>\n<p>&nbsp;<\/p>\n<p>&nbsp;<\/p>\n<p>&nbsp;<\/p>\n","protected":false},"excerpt":{"rendered":"<p>Lo asegur\u00f3 el canciller H\u00e9ctor Timerman, y remarc\u00f3 que el Ejecutivo \u00abno tiene nada que esconder\u00bb sobre los t\u00e9rminos de la firma del Memorando de Entendimiento con Ir\u00e1n. \u00abNi la Presidenta ni yo hicimos algo mal\u00bb, subray\u00f3.<\/p>\n","protected":false},"author":8,"featured_media":0,"comment_status":"open","ping_status":"open","sticky":false,"template":"","format":"standard","meta":{"_jetpack_newsletter_access":"","_jetpack_dont_email_post_to_subs":false,"_jetpack_newsletter_tier_id":0,"_jetpack_memberships_contains_paywalled_content":false,"_jetpack_memberships_contains_paid_content":false,"footnotes":""},"categories":[51],"tags":[],"class_list":["post-62096","post","type-post","status-publish","format-standard","hentry","category-politica"],"jetpack_shortlink":"https:\/\/wp.me\/p2JWE0-g9y","jetpack-related-posts":[{"id":61058,"url":"http:\/\/www.24baires.com\/?p=61058","url_meta":{"origin":62096,"position":0},"title":"\u00abHicimos todo lo posible para ayudar al juez a llevar justicia a las v\u00edctimas de la AMIA\u00bb","author":"AF","date":"31\/01\/2015","format":false,"excerpt":"El canciller H\u00e9ctor Timerman asegur\u00f3 hoy que tanto la presidenta Cristina Fern\u00e1ndez de Kirchner como \u00e9l hicieron \u201ctodo lo posible para ayudar al juez a que lleve justicia a las v\u00edctimas del ataque\u201d a la AMIA, ocurrido en 1994. En una entrevista radial con NPR, uno de los medios de\u2026","rel":"","context":"En \u00abJUDICIALES\u00bb","block_context":{"text":"JUDICIALES","link":"http:\/\/www.24baires.com\/?cat=68"},"img":{"alt_text":"timerman","src":"https:\/\/i0.wp.com\/www.24baires.com\/wp-content\/uploads\/2014\/08\/timerman.jpg?resize=350%2C200","width":350,"height":200,"srcset":"https:\/\/i0.wp.com\/www.24baires.com\/wp-content\/uploads\/2014\/08\/timerman.jpg?resize=350%2C200 1x, https:\/\/i0.wp.com\/www.24baires.com\/wp-content\/uploads\/2014\/08\/timerman.jpg?resize=525%2C300 1.5x"},"classes":[]},{"id":60077,"url":"http:\/\/www.24baires.com\/?p=60077","url_meta":{"origin":62096,"position":1},"title":"An\u00edbal Fern\u00e1ndez consider\u00f3 que el pedido de indagatoria a Cristina es \u201crid\u00edculo\u201d","author":"GB","date":"14\/01\/2015","format":false,"excerpt":"El secretario General de la Presidencia, An\u00edbal Fern\u00e1ndez, desestim\u00f3 la denuncia del fiscal de la causa AMIA, Alberto Nisman, por la firma del Memorando de Entendimiento con Teher\u00e1n en 2013, por el atentado a la mutual jud\u00eda en 1994. El Gobierno nacional rechaz\u00f3 el pedido de indagatoria a la presidenta\u2026","rel":"","context":"En \u00abPol\u00edtica\u00bb","block_context":{"text":"Pol\u00edtica","link":"http:\/\/www.24baires.com\/?cat=51"},"img":{"alt_text":"an\u00edbal fern\u00e1ndez","src":"https:\/\/i0.wp.com\/www.24baires.com\/wp-content\/uploads\/2013\/01\/an%C3%ADbal-fern%C3%A1ndez.jpg?resize=350%2C200","width":350,"height":200},"classes":[]},{"id":117875,"url":"http:\/\/www.24baires.com\/?p=117875","url_meta":{"origin":62096,"position":2},"title":"Cristina consider\u00f3 \u00abdisparate judicial, institucional y pol\u00edtico\u00bb a la causa del memor\u00e1ndum","author":"AF","date":"16\/07\/2021","format":false,"excerpt":"La vicepresidenta expuso durante la audiencia p\u00fablica, que fue escuchada por m\u00e1s de 20 mil personas a trav\u00e9s de YouTube. \"Se hicieron maniobras persecutorias para perjudicarnos a m\u00ed y mi familia\", asegur\u00f3. El Tribunal Oral Federal 8 debe resolver si declara o no la nulidad del proceso. La vicepresidenta Cristina\u2026","rel":"","context":"En \u00abJUDICIALES\u00bb","block_context":{"text":"JUDICIALES","link":"http:\/\/www.24baires.com\/?cat=68"},"img":{"alt_text":"","src":"https:\/\/i0.wp.com\/www.24baires.com\/wp-content\/uploads\/2021\/07\/cfk.jpg?resize=350%2C200","width":350,"height":200,"srcset":"https:\/\/i0.wp.com\/www.24baires.com\/wp-content\/uploads\/2021\/07\/cfk.jpg?resize=350%2C200 1x, https:\/\/i0.wp.com\/www.24baires.com\/wp-content\/uploads\/2021\/07\/cfk.jpg?resize=525%2C300 1.5x"},"classes":[]},{"id":60159,"url":"http:\/\/www.24baires.com\/?p=60159","url_meta":{"origin":62096,"position":3},"title":"Timerman dej\u00f3 entrever una interna de inteligencia en la denuncia contra la Presidenta","author":"Grupo Sierra","date":"15\/01\/2015","format":false,"excerpt":"El canciller H\u00e9ctor Timerman afirm\u00f3 hoy que el fiscal de la Causa Amia, Alberto Nisman, \u201cen vez de investigar a los sospechosos, se dedic\u00f3 clandestinamente a investigar a la Presidenta de la Rep\u00fablica Argentina\u201d, al referirse a la denuncia que aquel formul\u00f3 contra la mandataria y otros funcionarios de Gobierno\u2026","rel":"","context":"En \u00abPol\u00edtica\u00bb","block_context":{"text":"Pol\u00edtica","link":"http:\/\/www.24baires.com\/?cat=51"},"img":{"alt_text":"","src":"","width":0,"height":0},"classes":[]},{"id":98354,"url":"http:\/\/www.24baires.com\/?p=98354","url_meta":{"origin":62096,"position":4},"title":"Cristina Kirchner declara en Comodoro Py por el pacto con Ir\u00e1n","author":"GB","date":"26\/10\/2017","format":false,"excerpt":"La ex presidenta se present\u00f3 ante el juez Bonadio por la denuncia de encubrimiento del atentado a la AMIA que present\u00f3 el fiscal Alberto Nisman. Cristina Kirchner vuelve a los tribunales de Comodoro Py para ser indagada por el Juez Claudio Bonadio en la causa que investiga el supuesto encubrimiento\u2026","rel":"","context":"En \u00abPol\u00edtica\u00bb","block_context":{"text":"Pol\u00edtica","link":"http:\/\/www.24baires.com\/?cat=51"},"img":{"alt_text":"","src":"https:\/\/i0.wp.com\/www.24baires.com\/wp-content\/uploads\/2017\/10\/cristina-declara.jpg?resize=350%2C200","width":350,"height":200,"srcset":"https:\/\/i0.wp.com\/www.24baires.com\/wp-content\/uploads\/2017\/10\/cristina-declara.jpg?resize=350%2C200 1x, https:\/\/i0.wp.com\/www.24baires.com\/wp-content\/uploads\/2017\/10\/cristina-declara.jpg?resize=525%2C300 1.5x"},"classes":[]},{"id":87317,"url":"http:\/\/www.24baires.com\/?p=87317","url_meta":{"origin":62096,"position":5},"title":"Piden la destituci\u00f3n del juez Rafecas","author":"AF","date":"08\/09\/2016","format":false,"excerpt":"Aseguran que el juez federal incurri\u00f3 \u201cen una manifiesta inconducta\u201d al rechazar la denuncia del fallecido titular de la UFI AMIA, Alberto Nisman, contra Cristina Fern\u00e1ndez por el presunto encubrimiento al ataque a la Amia. \u201cEs un deber c\u00edvico reclamar la destituci\u00f3n, acorde con los procedimientos vigentes, del juez federal\u2026","rel":"","context":"En \u00abJUDICIALES\u00bb","block_context":{"text":"JUDICIALES","link":"http:\/\/www.24baires.com\/?cat=68"},"img":{"alt_text":"Rafecas","src":"https:\/\/i0.wp.com\/www.24baires.com\/wp-content\/uploads\/2016\/08\/Rafecas.jpg?resize=350%2C200","width":350,"height":200,"srcset":"https:\/\/i0.wp.com\/www.24baires.com\/wp-content\/uploads\/2016\/08\/Rafecas.jpg?resize=350%2C200 1x, https:\/\/i0.wp.com\/www.24baires.com\/wp-content\/uploads\/2016\/08\/Rafecas.jpg?resize=525%2C300 1.5x"},"classes":[]}],"jetpack_sharing_enabled":true,"jetpack_likes_enabled":true,"jetpack_featured_media_url":"","_links":{"self":[{"href":"http:\/\/www.24baires.com\/index.php?rest_route=\/wp\/v2\/posts\/62096","targetHints":{"allow":["GET"]}}],"collection":[{"href":"http:\/\/www.24baires.com\/index.php?rest_route=\/wp\/v2\/posts"}],"about":[{"href":"http:\/\/www.24baires.com\/index.php?rest_route=\/wp\/v2\/types\/post"}],"author":[{"embeddable":true,"href":"http:\/\/www.24baires.com\/index.php?rest_route=\/wp\/v2\/users\/8"}],"replies":[{"embeddable":true,"href":"http:\/\/www.24baires.com\/index.php?rest_route=%2Fwp%2Fv2%2Fcomments&post=62096"}],"version-history":[{"count":1,"href":"http:\/\/www.24baires.com\/index.php?rest_route=\/wp\/v2\/posts\/62096\/revisions"}],"predecessor-version":[{"id":62097,"href":"http:\/\/www.24baires.com\/index.php?rest_route=\/wp\/v2\/posts\/62096\/revisions\/62097"}],"wp:attachment":[{"href":"http:\/\/www.24baires.com\/index.php?rest_route=%2Fwp%2Fv2%2Fmedia&parent=62096"}],"wp:term":[{"taxonomy":"category","embeddable":true,"href":"http:\/\/www.24baires.com\/index.php?rest_route=%2Fwp%2Fv2%2Fcategories&post=62096"},{"taxonomy":"post_tag","embeddable":true,"href":"http:\/\/www.24baires.com\/index.php?rest_route=%2Fwp%2Fv2%2Ftags&post=62096"}],"curies":[{"name":"wp","href":"https:\/\/api.w.org\/{rel}","templated":true}]}}