{"id":62076,"date":"2015-02-21T17:29:43","date_gmt":"2015-02-21T20:29:43","guid":{"rendered":"http:\/\/www.24baires.com\/?p=62076"},"modified":"2015-02-21T17:29:43","modified_gmt":"2015-02-21T20:29:43","slug":"patricia-bullrich-y-laura-alonso-son-las-patty-y-selma-argentinas","status":"publish","type":"post","link":"http:\/\/www.24baires.com\/?p=62076","title":{"rendered":"\u00abPatricia Bullrich y Laura Alonso son las Patty y Selma argentinas\u00bb"},"content":{"rendered":"<p><img data-recalc-dims=\"1\" loading=\"lazy\" decoding=\"async\" class=\"aligncenter size-full wp-image-62077\" src=\"https:\/\/i0.wp.com\/www.24baires.com\/wp-content\/uploads\/2015\/02\/patty-selma.jpg?resize=560%2C195\" alt=\"patty-selma alonso bullrich\" width=\"560\" height=\"195\" srcset=\"https:\/\/i0.wp.com\/www.24baires.com\/wp-content\/uploads\/2015\/02\/patty-selma.jpg?w=560 560w, https:\/\/i0.wp.com\/www.24baires.com\/wp-content\/uploads\/2015\/02\/patty-selma.jpg?resize=300%2C104 300w\" sizes=\"auto, (max-width: 560px) 100vw, 560px\" \/>El diputado Juan Cabandi\u00e9 elogi\u00f3 la carta de la Presidenta y con iron\u00eda consult\u00f3 si las legisladoras ya hab\u00edan salido a criticar, compar\u00e1ndolas con dos personajes de la serie animada \u00abLos Simpson\u00bb.<!--more--><\/p>\n<p>Excelente la carta de @CFKArgentina sobre la corpo judicial. \u00bfYa salieron a criticar las Patty y Selma Bouvier argentinas (en referencia a las diputadas del PRO, Patricia Bullrich y Laura Alonso)?\u201d, escribi\u00f3 Cabandi\u00e9 en su cuenta personal de Twitter.<\/p>\n<p>Apenas minutos despu\u00e9s de difundida la carta presidencial, en sendas entrevistas a la se\u00f1al televisiva Todo Noticias (TN), las diputadas del PRO, Patricia Bullrich y Laura Alonso, salieron a criticar las reflexiones de la Presidenta sobre el poder judicial.<\/p>\n<p>Patty Bouvier y Selma Bouvier, a quienes compar\u00f3 Cabandi\u00e9, son las gemelas e inseparables hermanas mayores de Marge y las odiadas cu\u00f1adas de Homero en la serie de dibujos animados Los Simpson.<\/p>\n<p>&nbsp;<\/p>\n<p>&nbsp;<\/p>\n<p>&nbsp;<\/p>\n","protected":false},"excerpt":{"rendered":"<p>El diputado Juan Cabandi\u00e9 elogi\u00f3 la carta de la Presidenta y con iron\u00eda consult\u00f3 si las legisladoras ya hab\u00edan salido a criticar, compar\u00e1ndolas con dos personajes de la serie animada \u00abLos Simpson\u00bb.<\/p>\n","protected":false},"author":11,"featured_media":0,"comment_status":"open","ping_status":"open","sticky":false,"template":"","format":"standard","meta":{"_jetpack_newsletter_access":"","_jetpack_dont_email_post_to_subs":false,"_jetpack_newsletter_tier_id":0,"_jetpack_memberships_contains_paywalled_content":false,"_jetpack_memberships_contains_paid_content":false,"footnotes":""},"categories":[51],"tags":[],"class_list":["post-62076","post","type-post","status-publish","format-standard","hentry","category-politica"],"jetpack_shortlink":"https:\/\/wp.me\/p2JWE0-g9e","jetpack-related-posts":[{"id":73890,"url":"http:\/\/www.24baires.com\/?p=73890","url_meta":{"origin":62076,"position":0},"title":"La AFI neg\u00f3 escuchas y ofrece documentaci\u00f3n a la Justicia","author":"AF","date":"21\/10\/2015","format":false,"excerpt":"A trav\u00e9s de un comunicado, la Agencia Federal de Inteligencia aclar\u00f3 que no realiza \"ninguna tarea de interceptaciones telef\u00f3nicas o seguimientos de comunicaciones por cualquier medio\". Fue en respuesta a la denuncia de las diputadas del PRO Laura Alonso y Patricia Bullrich. La Agencia Federal de Inteligencia (AFI), dej\u00f3 en\u2026","rel":"","context":"En \u00abJUDICIALES\u00bb","block_context":{"text":"JUDICIALES","link":"http:\/\/www.24baires.com\/?cat=68"},"img":{"alt_text":"oscar parrilli","src":"https:\/\/i0.wp.com\/www.24baires.com\/wp-content\/uploads\/2014\/04\/oscar-parrilli.jpg?resize=350%2C200","width":350,"height":200,"srcset":"https:\/\/i0.wp.com\/www.24baires.com\/wp-content\/uploads\/2014\/04\/oscar-parrilli.jpg?resize=350%2C200 1x, https:\/\/i0.wp.com\/www.24baires.com\/wp-content\/uploads\/2014\/04\/oscar-parrilli.jpg?resize=525%2C300 1.5x"},"classes":[]},{"id":73872,"url":"http:\/\/www.24baires.com\/?p=73872","url_meta":{"origin":62076,"position":1},"title":"\u201cLa denuncia es un invento de Alonso y Bullrich, cuyo jefe pol\u00edtico est\u00e1 procesado por escuchas\u201d","author":"AF","date":"21\/10\/2015","format":false,"excerpt":"An\u00edbal Fern\u00e1ndez se refiri\u00f3 as\u00ed a Laura Alonso y Patricia Bullrich del PRO, quienes denunciaron seguimiento de comunicaciones y record\u00f3 que Macri est\u00e1 procesado por escuchas ilegales. Anoche lo desminti\u00f3 la AFI. El jefe de Gabinete y candidato a gobernador de la provincia de Buenos Aires por el FPV, An\u00edbal\u2026","rel":"","context":"En \u00abPol\u00edtica\u00bb","block_context":{"text":"Pol\u00edtica","link":"http:\/\/www.24baires.com\/?cat=51"},"img":{"alt_text":"an\u00edbal cierre","src":"https:\/\/i0.wp.com\/www.24baires.com\/wp-content\/uploads\/2015\/08\/an%C3%ADbal-cierre.jpg?resize=350%2C200","width":350,"height":200,"srcset":"https:\/\/i0.wp.com\/www.24baires.com\/wp-content\/uploads\/2015\/08\/an%C3%ADbal-cierre.jpg?resize=350%2C200 1x, https:\/\/i0.wp.com\/www.24baires.com\/wp-content\/uploads\/2015\/08\/an%C3%ADbal-cierre.jpg?resize=525%2C300 1.5x"},"classes":[]},{"id":47329,"url":"http:\/\/www.24baires.com\/?p=47329","url_meta":{"origin":62076,"position":2},"title":"Desde el PRO quieren juicio pol\u00edtico para Boudou","author":"Grupo Sierra","date":"03\/06\/2014","format":false,"excerpt":"La Diputada Nacional Gisela Scaglia (PRO) junto a compa\u00f1eros de bloque de Uni\u00f3n Pro, los legisladores Patricia Bullrich, Laura Alonso, Eduardo C\u00e1ceres, Cornelia Schmidt Liermann y Pablo Tonelli, presentaron un escrito dirigido a la Presidencia de la Comisi\u00f3n de Juicio Pol\u00edtico en el que piden ampliar las causas por las\u2026","rel":"","context":"En \u00abPol\u00edtica\u00bb","block_context":{"text":"Pol\u00edtica","link":"http:\/\/www.24baires.com\/?cat=51"},"img":{"alt_text":"boudou voto","src":"https:\/\/i0.wp.com\/www.24baires.com\/wp-content\/uploads\/2013\/10\/boudou-voto.jpg?resize=350%2C200","width":350,"height":200,"srcset":"https:\/\/i0.wp.com\/www.24baires.com\/wp-content\/uploads\/2013\/10\/boudou-voto.jpg?resize=350%2C200 1x, https:\/\/i0.wp.com\/www.24baires.com\/wp-content\/uploads\/2013\/10\/boudou-voto.jpg?resize=525%2C300 1.5x"},"classes":[]},{"id":21527,"url":"http:\/\/www.24baires.com\/?p=21527","url_meta":{"origin":62076,"position":3},"title":"Rechazan el llamado a rodear el Congreso para impedir que se apruebe la reforma judicial","author":"AF","date":"20\/04\/2013","format":false,"excerpt":"El FpV de la C\u00e1mara de Diputados rechaz\u00f3 la convocatoria realizada por legisladores opositores y organizaciones no gubernamentales para rodear el Congreso este mi\u00e9rcoles e impedir as\u00ed que se puedan convertir en ley la reforma del Consejo de la Magistratura y la regulaci\u00f3n de cautelares. El presidente del bloque del\u2026","rel":"","context":"En \u00abPol\u00edtica\u00bb","block_context":{"text":"Pol\u00edtica","link":"http:\/\/www.24baires.com\/?cat=51"},"img":{"alt_text":"","src":"","width":0,"height":0},"classes":[]},{"id":120080,"url":"http:\/\/www.24baires.com\/?p=120080","url_meta":{"origin":62076,"position":4},"title":"Alberto Fern\u00e1ndez: \u00abBullrich y Milman tienen que dar explicaciones\u00bb","author":"AF","date":"08\/05\/2023","format":false,"excerpt":"En su visita a La Rioja, el presidente hizo menci\u00f3n a la declaraci\u00f3n de una exasesora del diputado Gerardo Milman (PRO), a quien le ordenaron borrar contenido de su celular, d\u00edas despu\u00e9s del atentado contra CFK, en la oficina de Patricia Bullrich. El presidente Alberto Fern\u00e1ndez calific\u00f3 de \"vergonzosa\" la\u2026","rel":"","context":"En \u00abPol\u00edtica\u00bb","block_context":{"text":"Pol\u00edtica","link":"http:\/\/www.24baires.com\/?cat=51"},"img":{"alt_text":"","src":"https:\/\/i0.wp.com\/www.24baires.com\/wp-content\/uploads\/2023\/05\/af.jpeg?resize=350%2C200","width":350,"height":200,"srcset":"https:\/\/i0.wp.com\/www.24baires.com\/wp-content\/uploads\/2023\/05\/af.jpeg?resize=350%2C200 1x, https:\/\/i0.wp.com\/www.24baires.com\/wp-content\/uploads\/2023\/05\/af.jpeg?resize=525%2C300 1.5x, https:\/\/i0.wp.com\/www.24baires.com\/wp-content\/uploads\/2023\/05\/af.jpeg?resize=700%2C400 2x"},"classes":[]},{"id":62015,"url":"http:\/\/www.24baires.com\/?p=62015","url_meta":{"origin":62076,"position":5},"title":"Patricia Bullrich, a los insultos limpios","author":"Grupo Sierra","date":"19\/02\/2015","format":false,"excerpt":"Como si estuviera en la cancha, la diputada de Uni\u00f3n-PRO insult\u00f3 al programa 678 en Twitter por el an\u00e1lisis que hizo el programa de la marcha de los fiscales opositores. La diputada de Uni\u00f3n-PRO Patricia Bullrich, entusiasmada por la convocatoria de la marcha de fiscales opositores, cometi\u00f3 un nuevo exabrupto\u2026","rel":"","context":"En \u00abPol\u00edtica\u00bb","block_context":{"text":"Pol\u00edtica","link":"http:\/\/www.24baires.com\/?cat=51"},"img":{"alt_text":"bullrich patricia","src":"https:\/\/i0.wp.com\/www.24baires.com\/wp-content\/uploads\/2013\/04\/bullrich-patricia.jpg?resize=350%2C200","width":350,"height":200},"classes":[]}],"jetpack_sharing_enabled":true,"jetpack_likes_enabled":true,"jetpack_featured_media_url":"","_links":{"self":[{"href":"http:\/\/www.24baires.com\/index.php?rest_route=\/wp\/v2\/posts\/62076","targetHints":{"allow":["GET"]}}],"collection":[{"href":"http:\/\/www.24baires.com\/index.php?rest_route=\/wp\/v2\/posts"}],"about":[{"href":"http:\/\/www.24baires.com\/index.php?rest_route=\/wp\/v2\/types\/post"}],"author":[{"embeddable":true,"href":"http:\/\/www.24baires.com\/index.php?rest_route=\/wp\/v2\/users\/11"}],"replies":[{"embeddable":true,"href":"http:\/\/www.24baires.com\/index.php?rest_route=%2Fwp%2Fv2%2Fcomments&post=62076"}],"version-history":[{"count":2,"href":"http:\/\/www.24baires.com\/index.php?rest_route=\/wp\/v2\/posts\/62076\/revisions"}],"predecessor-version":[{"id":62079,"href":"http:\/\/www.24baires.com\/index.php?rest_route=\/wp\/v2\/posts\/62076\/revisions\/62079"}],"wp:attachment":[{"href":"http:\/\/www.24baires.com\/index.php?rest_route=%2Fwp%2Fv2%2Fmedia&parent=62076"}],"wp:term":[{"taxonomy":"category","embeddable":true,"href":"http:\/\/www.24baires.com\/index.php?rest_route=%2Fwp%2Fv2%2Fcategories&post=62076"},{"taxonomy":"post_tag","embeddable":true,"href":"http:\/\/www.24baires.com\/index.php?rest_route=%2Fwp%2Fv2%2Ftags&post=62076"}],"curies":[{"name":"wp","href":"https:\/\/api.w.org\/{rel}","templated":true}]}}