{"id":62072,"date":"2015-02-21T13:00:45","date_gmt":"2015-02-21T16:00:45","guid":{"rendered":"http:\/\/www.24baires.com\/?p=62072"},"modified":"2015-02-22T14:49:47","modified_gmt":"2015-02-22T17:49:47","slug":"cfk-el-verdadero-hecho-politico-e-institucional-de-la-marcha-lo-constituye-la-aparicion-publica-del-partido-judicial","status":"publish","type":"post","link":"http:\/\/www.24baires.com\/?p=62072","title":{"rendered":"CFK: \u201cEl verdadero hecho pol\u00edtico e institucional de la marcha lo constituye la aparici\u00f3n p\u00fablica del Partido Judicial\u201d"},"content":{"rendered":"<p><img data-recalc-dims=\"1\" loading=\"lazy\" decoding=\"async\" class=\"aligncenter size-full wp-image-47480\" src=\"https:\/\/i0.wp.com\/www.24baires.com\/wp-content\/uploads\/2014\/06\/cristina-rating-2.jpg?resize=560%2C354\" alt=\"cristina rating 2\" width=\"560\" height=\"354\" srcset=\"https:\/\/i0.wp.com\/www.24baires.com\/wp-content\/uploads\/2014\/06\/cristina-rating-2.jpg?w=560 560w, https:\/\/i0.wp.com\/www.24baires.com\/wp-content\/uploads\/2014\/06\/cristina-rating-2.jpg?resize=300%2C189 300w\" sizes=\"auto, (max-width: 560px) 100vw, 560px\" \/>La presidenta Cristina Fern\u00e1ndez de Kirchner twitte\u00f3 hoy una nota de su p\u00e1gina oficial www.cfkargentina.com titulada \u201c18F, el bautismo de fuego del partido judicial. De jueces y fiscales. De marchas y n\u00fameros. De Nisman a Pollicita\u201d, donde resalt\u00f3 que \u201cel verdadero hecho pol\u00edtico e institucional de la marcha\u201d del mi\u00e9rcoles pasado \u201clo constituye la aparici\u00f3n p\u00fablica y ya inocultable del Partido Judicial\u201d.<!--more--><\/p>\n<p>Luego de mencionar que \u201clas palabras y los silencios parecen tener due\u00f1os en la Argentina\u201d, al analizar el comportamiento de TN y Clar\u00edn, en referencia a sus declaraciones sobre el fallecido fiscal Alberto Nisman, la mandataria resalt\u00f3 como \u201cin\u00e9dita\u201d la convocatoria que \u201cfiscales con el apoyo de no pocos jueces\u201d realizaron a \u201cuna marcha a la que dec\u00edan se convocaba para reclamar \u201cjusticia\u201d por la muerte del fiscal\u00bb.<\/p>\n<p>\u201cAlgo realmente tan ins\u00f3lito como ser\u00eda una convocatoria de ministros del Poder Ejecutivo reclamando una mejor \u201cgesti\u00f3n de gobierno\u201d, mientras otros afirmaban convocar en homenaje a su colega muerto\u201d, dijo.<\/p>\n<p>Y sintetiz\u00f3 que \u00abno deja de ser una curiosidad que dos de ellos -fiscales convocantes- fueron acusados por familiares de las v\u00edctimas de obstaculizar la causa Amia y la tarea del propio Nisman\u201d.<\/p>\n<p>Asimismo, Cristina remarc\u00f3 que \u201cla marcha a la que asisti\u00f3 todo el arco de Partidos opositores y sus candidatos presidenciales, salvo las agrupaciones de izquierda, no fue para nada un acto de homenaje a una persona tr\u00e1gicamente fallecida, con la obvia excepci\u00f3n de sus familiares directos\u201d; sino \u201cuna marcha de varios integrantes de un Poder del Estado, el Judicial, contra otro Poder de la Constituci\u00f3n: el Ejecutivo. Es lo que se vi\u00f3, se escuch\u00f3, se film\u00f3 y se fotografi\u00f3. O sea, el hecho que ocurri\u00f3\u201d, apunt\u00f3 la mandataria.<\/p>\n<p>Concluy\u00f3, entonces, que fue \u201csimple y sencillamente, una marcha opositora. Marcha que si tuvo un \u00fanico e inmenso m\u00e9rito, que es el que en la Argentina, tu pa\u00eds, se puede disentir, se puede insultar al Gobierno y a la Presidenta, y se puede marchar libremente\u201d.<\/p>\n<p>En la misma l\u00ednea record\u00f3 que \u201cno siempre fue as\u00ed\u201d, y cit\u00f3 la \u201cdictadura militar\u201d y la represi\u00f3n del 2001.<\/p>\n<p>Por otra parte destac\u00f3 que \u201clas marchas opositoras m\u00e1s grandes\u00bb fueron \u00abuna convocada por \u201cingeniero\u201d Blumberg en la plaza del Congreso el 1ro de Abril del 2004; y la otra, la organizada en el Monumento a los Espa\u00f1oles, sobre la Av. del Libertador, por las Patronales Rurales el 15 de Julio del 2008, luego de 127 d\u00edas de Lock Out, desabastecimiento, cortes de ruta, etc. Esta \u00faltima superior a la primera\u201d.<\/p>\n<p>Y al contraponer la cantidad de manifestantes que los mismos medios opositores contabilizaron en cada oportunidad, evalu\u00f3 que resulta \u201cpat\u00e9ticamente absurda y pol\u00edticamente armada\u201d decir que hubo en el 18F \u201c\u00a1400.000 personas!\u201d.<\/p>\n<p>\u201cEl objetivo oculto e impl\u00edcito de la marcha: El 18F no es el homenaje a un Fiscal, ni siquiera un reclamo ins\u00f3lito de justicia, sino el bautismo de fuego del Partido Judicial. Y ese Partido Judicial debe aparecer con \u201crespaldo masivo\u201d (no popular, concepto impensable para los que concurrieron al evento) que avale y d\u00e9 aires de legalidad a cualquier mamarracho judicial, independientemente de lo que digan las leyes, los c\u00f3digos de fondo y de forma y hasta la mism\u00edsima constituci\u00f3n\u201d, indic\u00f3 la Presidenta.<\/p>\n<p>Resalt\u00f3, adem\u00e1s, que el Partido Judicial es el \u201cnuevo ariete contra los Gobiernos Populares, que suplanta al Partido Militar en el rol que, en el tr\u00e1gico pasado, asumiera respecto de Gobiernos con Legalidad y Legitimidad democr\u00e1tica\u201d.<\/p>\n<p>Esta \u201cmodalidad m\u00e1s sofisticada\u201d se \u201carticula con los poderes econ\u00f3micos concentrados y fundamentalmente con el aparato medi\u00e1tico monop\u00f3lico, intentando desestabilizar al Poder Ejecutivo y desconociendo las decisiones del Legislativo. O sea, un s\u00faper poder por encima de las instituciones surgidas del voto popular\u201d, analiz\u00f3 Cristina, entre otras consideraciones.<\/p>\n<p>Asimismo destac\u00f3 que \u201cresultan realmente sorprendentes, y una muestra m\u00e1s de c\u00f3mo funciona el Partido Judicial, los motivos que alega el Fiscal Gerardo Pollicita para no concurrir al Congreso de la Naci\u00f3n a explicar una denuncia tan importante en la que estar\u00eda involucrada la Presidenta de la Naci\u00f3n, su Canciller y un Diputado, entre otros\u201d.<\/p>\n","protected":false},"excerpt":{"rendered":"<p>La presidenta Cristina Fern\u00e1ndez de Kirchner twitte\u00f3 hoy una nota de su p\u00e1gina oficial www.cfkargentina.com titulada \u201c18F, el bautismo de fuego del partido judicial. De jueces y fiscales. De marchas y n\u00fameros. De Nisman a Pollicita\u201d, donde resalt\u00f3 que \u201cel verdadero hecho pol\u00edtico e institucional de la marcha\u201d del mi\u00e9rcoles pasado \u201clo constituye la aparici\u00f3n p\u00fablica y ya inocultable del [&#8230;]<\/p>\n","protected":false},"author":4,"featured_media":0,"comment_status":"open","ping_status":"open","sticky":false,"template":"","format":"standard","meta":{"_jetpack_newsletter_access":"","_jetpack_dont_email_post_to_subs":false,"_jetpack_newsletter_tier_id":0,"_jetpack_memberships_contains_paywalled_content":false,"_jetpack_memberships_contains_paid_content":false,"footnotes":""},"categories":[51],"tags":[],"class_list":["post-62072","post","type-post","status-publish","format-standard","hentry","category-politica"],"jetpack_shortlink":"https:\/\/wp.me\/p2JWE0-g9a","jetpack-related-posts":[{"id":117875,"url":"http:\/\/www.24baires.com\/?p=117875","url_meta":{"origin":62072,"position":0},"title":"Cristina consider\u00f3 \u00abdisparate judicial, institucional y pol\u00edtico\u00bb a la causa del memor\u00e1ndum","author":"AF","date":"16\/07\/2021","format":false,"excerpt":"La vicepresidenta expuso durante la audiencia p\u00fablica, que fue escuchada por m\u00e1s de 20 mil personas a trav\u00e9s de YouTube. \"Se hicieron maniobras persecutorias para perjudicarnos a m\u00ed y mi familia\", asegur\u00f3. El Tribunal Oral Federal 8 debe resolver si declara o no la nulidad del proceso. La vicepresidenta Cristina\u2026","rel":"","context":"En \u00abJUDICIALES\u00bb","block_context":{"text":"JUDICIALES","link":"http:\/\/www.24baires.com\/?cat=68"},"img":{"alt_text":"","src":"https:\/\/i0.wp.com\/www.24baires.com\/wp-content\/uploads\/2021\/07\/cfk.jpg?resize=350%2C200","width":350,"height":200,"srcset":"https:\/\/i0.wp.com\/www.24baires.com\/wp-content\/uploads\/2021\/07\/cfk.jpg?resize=350%2C200 1x, https:\/\/i0.wp.com\/www.24baires.com\/wp-content\/uploads\/2021\/07\/cfk.jpg?resize=525%2C300 1.5x"},"classes":[]},{"id":102494,"url":"http:\/\/www.24baires.com\/?p=102494","url_meta":{"origin":62072,"position":1},"title":"La C\u00e1mara \u00abreflot\u00f3\u00bb la causa Nisman y asegura que se trat\u00f3 de un crimen","author":"AF","date":"01\/06\/2018","format":false,"excerpt":"Confirm\u00f3 que el ex juez Alberto Nisman fue asesinado. Agregaron que el motivo fue su denuncia contra Cristina Kirchner. Adem\u00e1s dejaron firme el procesamiento de Diego Lagomarsino. La C\u00e1mara Federal hizo su aparici\u00f3n en medio de la debacle econ\u00f3mica que enfrenta el gobierno de Mauricio Macri. Entre masivas manifestaciones en\u2026","rel":"","context":"En \u00abJUDICIALES\u00bb","block_context":{"text":"JUDICIALES","link":"http:\/\/www.24baires.com\/?cat=68"},"img":{"alt_text":"","src":"https:\/\/i0.wp.com\/www.24baires.com\/wp-content\/uploads\/2015\/07\/nisman.jpg?resize=350%2C200","width":350,"height":200,"srcset":"https:\/\/i0.wp.com\/www.24baires.com\/wp-content\/uploads\/2015\/07\/nisman.jpg?resize=350%2C200 1x, https:\/\/i0.wp.com\/www.24baires.com\/wp-content\/uploads\/2015\/07\/nisman.jpg?resize=525%2C300 1.5x"},"classes":[]},{"id":106064,"url":"http:\/\/www.24baires.com\/?p=106064","url_meta":{"origin":62072,"position":2},"title":"Arroyo Salgado renunci\u00f3 a ser querrelante en la causa Nisman","author":"AF","date":"21\/12\/2018","format":false,"excerpt":"Lo hizo a trav\u00e9s de un escrito en el que dijo que a\u00fan recibe amenazas y que prefiere \"priorizar la paz y espiritualidad del grupo familiar\". La ex esposa de Alberto Nisman, la jueza Sandra Arroyo Salgado, renunci\u00f3 a la querella en la causa por la muerte del fiscal. Lo\u2026","rel":"","context":"En \u00abJUDICIALES\u00bb","block_context":{"text":"JUDICIALES","link":"http:\/\/www.24baires.com\/?cat=68"},"img":{"alt_text":"","src":"https:\/\/i0.wp.com\/www.24baires.com\/wp-content\/uploads\/2015\/02\/arroyo_salgado_senado-nisman.jpg?resize=350%2C200","width":350,"height":200,"srcset":"https:\/\/i0.wp.com\/www.24baires.com\/wp-content\/uploads\/2015\/02\/arroyo_salgado_senado-nisman.jpg?resize=350%2C200 1x, https:\/\/i0.wp.com\/www.24baires.com\/wp-content\/uploads\/2015\/02\/arroyo_salgado_senado-nisman.jpg?resize=525%2C300 1.5x"},"classes":[]},{"id":62150,"url":"http:\/\/www.24baires.com\/?p=62150","url_meta":{"origin":62072,"position":3},"title":"Para Randazzo \u00ablos fiscales y jueces tienen que investigar e impartir justicia\u00bb","author":"GB","date":"23\/02\/2015","format":false,"excerpt":"El ministro de Interior y Transporte, Florencio Randazzo, manifest\u00f3 en la ciudad de C\u00f3rdoba que \u201clos fiscales y jueces tienen que investigar e impartir justicia y no marchar para que se aclare\u201d la muerte del fiscal Alberto Nisman y a\u00f1adi\u00f3 que la marcha del 18F fue \u201cutilizada pol\u00edticamente por el\u2026","rel":"","context":"En \u00abPol\u00edtica\u00bb","block_context":{"text":"Pol\u00edtica","link":"http:\/\/www.24baires.com\/?cat=51"},"img":{"alt_text":"randazzo 1","src":"https:\/\/i0.wp.com\/www.24baires.com\/wp-content\/uploads\/2014\/01\/randazzo-1.jpg?resize=350%2C200","width":350,"height":200,"srcset":"https:\/\/i0.wp.com\/www.24baires.com\/wp-content\/uploads\/2014\/01\/randazzo-1.jpg?resize=350%2C200 1x, https:\/\/i0.wp.com\/www.24baires.com\/wp-content\/uploads\/2014\/01\/randazzo-1.jpg?resize=525%2C300 1.5x"},"classes":[]},{"id":61835,"url":"http:\/\/www.24baires.com\/?p=61835","url_meta":{"origin":62072,"position":4},"title":"Hasta Arslanian sali\u00f3 a hablar del \u00ab18 F\u00bb","author":"Grupo Sierra","date":"16\/02\/2015","format":false,"excerpt":"El jurista y excamarista asegur\u00f3 que la jornada qued\u00f3 \u201cdesvirtuada\u201d y que puede \u201cinterferir en la investigaci\u00f3n sobre la muerte del fiscal\u201d. Le\u00f3n Arslanian asegur\u00f3 que la marcha organizada por los fiscales para este mi\u00e9rcoles, al cumplirse un mes de la muerte de Alberto Nisman, qued\u00f3 \u201cdesvirtuada\u201d porque se convirti\u00f3\u2026","rel":"","context":"En \u00abJUDICIALES\u00bb","block_context":{"text":"JUDICIALES","link":"http:\/\/www.24baires.com\/?cat=68"},"img":{"alt_text":"nisman mrcha","src":"https:\/\/i0.wp.com\/www.24baires.com\/wp-content\/uploads\/2015\/02\/nisman-mrcha.jpg?resize=350%2C200","width":350,"height":200,"srcset":"https:\/\/i0.wp.com\/www.24baires.com\/wp-content\/uploads\/2015\/02\/nisman-mrcha.jpg?resize=350%2C200 1x, https:\/\/i0.wp.com\/www.24baires.com\/wp-content\/uploads\/2015\/02\/nisman-mrcha.jpg?resize=525%2C300 1.5x"},"classes":[]},{"id":108378,"url":"http:\/\/www.24baires.com\/?p=108378","url_meta":{"origin":62072,"position":5},"title":"CFK fue autorizada a no concurrir a las audiencias, adem\u00e1s recus\u00f3 a un perito","author":"AF","date":"24\/05\/2019","format":false,"excerpt":"La ex presidenta Cristina Kirchner recus\u00f3 por \"enemistad manifiesta\" y \"prejuzgamiento\" al perito ingeniero designado para intervenir en el juicio oral por la obra p\u00fablica en Santa Cruz que comenz\u00f3 el martes pasado. En la presentaci\u00f3n hecha ante el Tribunal Oral Federal 2, que esta tarde tambi\u00e9n dio permiso para\u2026","rel":"","context":"En \u00abJUDICIALES\u00bb","block_context":{"text":"JUDICIALES","link":"http:\/\/www.24baires.com\/?cat=68"},"img":{"alt_text":"La imagen puede contener: 2 personas, personas sonriendo","src":"https:\/\/scontent.faep16-2.fna.fbcdn.net\/v\/t1.0-9\/61110567_10217030870115348_6373546865274650624_n.jpg?_nc_cat=105&_nc_eui2=AeEnlKaIszm5DPTuolyuKYDvh4csUDuhKah1EulGFIXBJbku9UIHRtDbBL4naNHGUkEgfbXkGKOvlfXJlkj_S9I5xWtVO-v9PNdcMKSGJGp5KQ&_nc_ht=scontent.faep16-2.fna&oh=c594b95b5f5f5548ca9476c316533987&oe=5D91B973","width":350,"height":200,"srcset":"https:\/\/scontent.faep16-2.fna.fbcdn.net\/v\/t1.0-9\/61110567_10217030870115348_6373546865274650624_n.jpg?_nc_cat=105&_nc_eui2=AeEnlKaIszm5DPTuolyuKYDvh4csUDuhKah1EulGFIXBJbku9UIHRtDbBL4naNHGUkEgfbXkGKOvlfXJlkj_S9I5xWtVO-v9PNdcMKSGJGp5KQ&_nc_ht=scontent.faep16-2.fna&oh=c594b95b5f5f5548ca9476c316533987&oe=5D91B973 1x, https:\/\/scontent.faep16-2.fna.fbcdn.net\/v\/t1.0-9\/61110567_10217030870115348_6373546865274650624_n.jpg?_nc_cat=105&_nc_eui2=AeEnlKaIszm5DPTuolyuKYDvh4csUDuhKah1EulGFIXBJbku9UIHRtDbBL4naNHGUkEgfbXkGKOvlfXJlkj_S9I5xWtVO-v9PNdcMKSGJGp5KQ&_nc_ht=scontent.faep16-2.fna&oh=c594b95b5f5f5548ca9476c316533987&oe=5D91B973 1.5x"},"classes":[]}],"jetpack_sharing_enabled":true,"jetpack_likes_enabled":true,"jetpack_featured_media_url":"","_links":{"self":[{"href":"http:\/\/www.24baires.com\/index.php?rest_route=\/wp\/v2\/posts\/62072","targetHints":{"allow":["GET"]}}],"collection":[{"href":"http:\/\/www.24baires.com\/index.php?rest_route=\/wp\/v2\/posts"}],"about":[{"href":"http:\/\/www.24baires.com\/index.php?rest_route=\/wp\/v2\/types\/post"}],"author":[{"embeddable":true,"href":"http:\/\/www.24baires.com\/index.php?rest_route=\/wp\/v2\/users\/4"}],"replies":[{"embeddable":true,"href":"http:\/\/www.24baires.com\/index.php?rest_route=%2Fwp%2Fv2%2Fcomments&post=62072"}],"version-history":[{"count":1,"href":"http:\/\/www.24baires.com\/index.php?rest_route=\/wp\/v2\/posts\/62072\/revisions"}],"predecessor-version":[{"id":62073,"href":"http:\/\/www.24baires.com\/index.php?rest_route=\/wp\/v2\/posts\/62072\/revisions\/62073"}],"wp:attachment":[{"href":"http:\/\/www.24baires.com\/index.php?rest_route=%2Fwp%2Fv2%2Fmedia&parent=62072"}],"wp:term":[{"taxonomy":"category","embeddable":true,"href":"http:\/\/www.24baires.com\/index.php?rest_route=%2Fwp%2Fv2%2Fcategories&post=62072"},{"taxonomy":"post_tag","embeddable":true,"href":"http:\/\/www.24baires.com\/index.php?rest_route=%2Fwp%2Fv2%2Ftags&post=62072"}],"curies":[{"name":"wp","href":"https:\/\/api.w.org\/{rel}","templated":true}]}}