{"id":62025,"date":"2015-02-20T11:30:28","date_gmt":"2015-02-20T14:30:28","guid":{"rendered":"http:\/\/www.24baires.com\/?p=62025"},"modified":"2015-02-20T11:24:08","modified_gmt":"2015-02-20T14:24:08","slug":"berni-aseguro-que-todavia-no-fue-citado-por-la-fiscal-fein","status":"publish","type":"post","link":"http:\/\/www.24baires.com\/?p=62025","title":{"rendered":"Berni asegur\u00f3 que todav\u00eda no fue citado por la fiscal Fein"},"content":{"rendered":"<p><img data-recalc-dims=\"1\" loading=\"lazy\" decoding=\"async\" class=\"aligncenter size-full wp-image-41073\" src=\"https:\/\/i0.wp.com\/www.24baires.com\/wp-content\/uploads\/2014\/02\/conferencia-berni.jpg?resize=560%2C333\" alt=\"conferencia berni\" width=\"560\" height=\"333\" srcset=\"https:\/\/i0.wp.com\/www.24baires.com\/wp-content\/uploads\/2014\/02\/conferencia-berni.jpg?w=560 560w, https:\/\/i0.wp.com\/www.24baires.com\/wp-content\/uploads\/2014\/02\/conferencia-berni.jpg?resize=300%2C178 300w\" sizes=\"auto, (max-width: 560px) 100vw, 560px\" \/>El secretario de Seguridad de la Naci\u00f3n fue consultado por lo asegurado el martes \u00faltimo por la fiscal, quien sostuvo que \u201cen alg\u00fan momento\u201d el funcionario \u00abva a tener que declarar\u201d.<!--more--><\/p>\n<p>El secretario de Seguridad de la Naci\u00f3n, Sergio Berni, asegur\u00f3 hoy que, hasta el momento, no fue citado formalmente por la fiscal Viviana Fein para declarar como testigo en la causa que investiga la muerte del fiscal Alberto Nisman.<\/p>\n<p>\u201cNo fui citado oficialmente\u201d, se\u00f1al\u00f3 el funcionario cuando, en di\u00e1logo con la prensa esta ma\u00f1ana, fue consultado por lo asegurado el martes \u00faltimo por la fiscal Fein, quien sostuvo que \u201cen alg\u00fan momento\u201d el secretario de Seguridad de la Naci\u00f3n \u201cva a tener que declarar\u201d.<\/p>\n<p>En este marco, Berni consider\u00f3 \u201cmuy acertada\u201d la decisi\u00f3n de los diputados del Frente para la Victoria de convocar al fiscal Gerardo Pollicita a concurrir a un plenario de comisiones citado para este lunes.<\/p>\n<p>\u201cMe parece muy acertada la decisi\u00f3n de los diputados de citar a Pollicita para que pueda exponer la denuncia que iba a hacer el doctor Nisman y lo cual nos preocupa porque es un hecho institucional grave\u201d, asever\u00f3 el secretario de Seguridad.<\/p>\n<p>Por otro lado, al ser consultado sobre versiones period\u00edsticas que dieron cuenta de su supuesta amistad con el juez Manuel De Campos -quien intervino en la noche del 18 de enero en el marco de la actuaci\u00f3n judicial por el fallecimiento del fiscal Alberto Nisman- Berni dio que lo hab\u00eda visto \u201cdos veces\u201d en su vida a ra\u00edz de \u201camenazas que hab\u00eda recibido porque estaba investigando una causa muy importante\u201d que -indic\u00f3- \u201ctan preocupados tiene a muchos dirigentes del PRO\u201d.<\/p>\n<p>\u201cEntonces ahora se juntaron todos los dirigentes del PRO para tratar de sacarlo de escena al doctor De Campos, que es quien lleva adelante tan importante investigaci\u00f3n y que tan preocupados tiene a muchos dirigentes del PRO\u201d, indic\u00f3 Berni.<\/p>\n<p>\u201cPor favor seamos cuidadosos y no nos dejemos avasallar por estas mentiras que intentan permanentemente desviar el centro de la atenci\u00f3n\u201d, pidi\u00f3 el secretario de Seguridad en di\u00e1logo con la prensa.<\/p>\n<p>&nbsp;<\/p>\n<p>&nbsp;<\/p>\n<p>&nbsp;<\/p>\n<p>&nbsp;<\/p>\n<p>&nbsp;<\/p>\n<p>&nbsp;<\/p>\n<p>&nbsp;<\/p>\n<p>&nbsp;<\/p>\n<p>&nbsp;<\/p>\n<p>&nbsp;<\/p>\n","protected":false},"excerpt":{"rendered":"<p>El secretario de Seguridad de la Naci\u00f3n fue consultado por lo asegurado el martes \u00faltimo por la fiscal, quien sostuvo que \u201cen alg\u00fan momento\u201d el funcionario \u00abva a tener que declarar\u201d.<\/p>\n","protected":false},"author":8,"featured_media":0,"comment_status":"open","ping_status":"open","sticky":false,"template":"","format":"standard","meta":{"_jetpack_newsletter_access":"","_jetpack_dont_email_post_to_subs":false,"_jetpack_newsletter_tier_id":0,"_jetpack_memberships_contains_paywalled_content":false,"_jetpack_memberships_contains_paid_content":false,"footnotes":""},"categories":[51],"tags":[],"class_list":["post-62025","post","type-post","status-publish","format-standard","hentry","category-politica"],"jetpack_shortlink":"https:\/\/wp.me\/p2JWE0-g8p","jetpack-related-posts":[{"id":61877,"url":"http:\/\/www.24baires.com\/?p=61877","url_meta":{"origin":62025,"position":0},"title":"Citar\u00e1n a declarar a Berni por el caso Nisman","author":"Grupo Sierra","date":"17\/02\/2015","format":false,"excerpt":"La fiscal a cargo de la causa por la muerte de Alberto Nisman, Viviana Fein, anticip\u00f3 hoy que \"en alg\u00fan momento\" citar\u00e1 a declarar al secretario de Seguridad, Sergio Berni, quien contest\u00f3 que, en ese caso, concurrir\u00e1 porque es su \"obligaci\u00f3n\". En ese sentido, la fiscal dijo desconocer si el\u2026","rel":"","context":"En \u00abJUDICIALES\u00bb","block_context":{"text":"JUDICIALES","link":"http:\/\/www.24baires.com\/?cat=68"},"img":{"alt_text":"conferencia berni","src":"https:\/\/i0.wp.com\/www.24baires.com\/wp-content\/uploads\/2014\/02\/conferencia-berni.jpg?resize=350%2C200","width":350,"height":200,"srcset":"https:\/\/i0.wp.com\/www.24baires.com\/wp-content\/uploads\/2014\/02\/conferencia-berni.jpg?resize=350%2C200 1x, https:\/\/i0.wp.com\/www.24baires.com\/wp-content\/uploads\/2014\/02\/conferencia-berni.jpg?resize=525%2C300 1.5x"},"classes":[]},{"id":62333,"url":"http:\/\/www.24baires.com\/?p=62333","url_meta":{"origin":62025,"position":1},"title":"\u00abFue un operativo muy profesional\u00bb, dijo Berni tras declarar","author":"GB","date":"26\/02\/2015","format":false,"excerpt":"El secretario de Seguridad fue citado como testigo en la causa por la muerte de Alberto Nisman. Explic\u00f3 durante tres horas c\u00f3mo se resguard\u00f3 al escena donde fue encontrado sin vida el fiscal antes de la llegada de Fein. El secretario de Seguridad, Sergio Berni, declar\u00f3 este jueves por la\u2026","rel":"","context":"En \u00abPol\u00edtica\u00bb","block_context":{"text":"Pol\u00edtica","link":"http:\/\/www.24baires.com\/?cat=51"},"img":{"alt_text":"berni","src":"https:\/\/i0.wp.com\/www.24baires.com\/wp-content\/uploads\/2015\/02\/berni.jpg?resize=350%2C200","width":350,"height":200,"srcset":"https:\/\/i0.wp.com\/www.24baires.com\/wp-content\/uploads\/2015\/02\/berni.jpg?resize=350%2C200 1x, https:\/\/i0.wp.com\/www.24baires.com\/wp-content\/uploads\/2015\/02\/berni.jpg?resize=525%2C300 1.5x"},"classes":[]},{"id":62279,"url":"http:\/\/www.24baires.com\/?p=62279","url_meta":{"origin":62025,"position":2},"title":"Berni, el testigo en la causa Nisman","author":"Grupo Sierra","date":"25\/02\/2015","format":false,"excerpt":"La citaci\u00f3n hab\u00eda sido planteada para el martes pasado pero fue postergada a pedido del secretario por una intervenci\u00f3n odontol\u00f3gica que ten\u00eda. El secretario de Seguridad, Sergio Berni, brindar\u00e1 ma\u00f1ana declaraci\u00f3n testimonial ante la fiscal Viviana Fein en el marco de la causa que investiga la muerte de Alberto Nisman.\u2026","rel":"","context":"En \u00abJUDICIALES\u00bb","block_context":{"text":"JUDICIALES","link":"http:\/\/www.24baires.com\/?cat=68"},"img":{"alt_text":"","src":"https:\/\/i0.wp.com\/www.24baires.com\/wp-content\/uploads\/2015\/02\/berni.jpg?resize=350%2C200","width":350,"height":200,"srcset":"https:\/\/i0.wp.com\/www.24baires.com\/wp-content\/uploads\/2015\/02\/berni.jpg?resize=350%2C200 1x, https:\/\/i0.wp.com\/www.24baires.com\/wp-content\/uploads\/2015\/02\/berni.jpg?resize=525%2C300 1.5x"},"classes":[]},{"id":90455,"url":"http:\/\/www.24baires.com\/?p=90455","url_meta":{"origin":62025,"position":3},"title":"Denuncian a Berni y a la exfiscal Fein por la causa Nisman","author":"AF","date":"02\/12\/2016","format":false,"excerpt":"El fiscal federal Eduardo Taiano los acus\u00f3 por irregularidades en la preservaci\u00f3n de las pruebas y de la escena del hecho tras el hallazgo del cuerpo. El fiscal federal Eduardo Taiano denunci\u00f3 este viernes al ex secretario de Seguridad de la Naci\u00f3n Sergio Berni y a la exfiscal ya jubilada\u2026","rel":"","context":"En \u00abJUDICIALES\u00bb","block_context":{"text":"JUDICIALES","link":"http:\/\/www.24baires.com\/?cat=68"},"img":{"alt_text":"nisman","src":"https:\/\/i0.wp.com\/www.24baires.com\/wp-content\/uploads\/2015\/07\/nisman.jpg?resize=350%2C200","width":350,"height":200,"srcset":"https:\/\/i0.wp.com\/www.24baires.com\/wp-content\/uploads\/2015\/07\/nisman.jpg?resize=350%2C200 1x, https:\/\/i0.wp.com\/www.24baires.com\/wp-content\/uploads\/2015\/07\/nisman.jpg?resize=525%2C300 1.5x"},"classes":[]},{"id":116351,"url":"http:\/\/www.24baires.com\/?p=116351","url_meta":{"origin":62025,"position":4},"title":"Cafiero asegura que \u00abno est\u00e1 en estudio\u00bb el uso de las Taser en las fuerzas federales","author":"AF","date":"29\/09\/2020","format":false,"excerpt":"El jefe de Gabinete asegur\u00f3 que tanto la Ciudad de Buenos Aires como las provincias tienen autonom\u00eda suficiente para decidir el uso de las pistolas Taser y que las fuerzas federales se mueven con sus propios protocolos y normas. El jefe de Gabinete, Santiago Cafiero, asegur\u00f3 hoy que la utilizaci\u00f3n\u2026","rel":"","context":"En \u00abSociedad\u00bb","block_context":{"text":"Sociedad","link":"http:\/\/www.24baires.com\/?cat=1"},"img":{"alt_text":"","src":"https:\/\/i0.wp.com\/www.24baires.com\/wp-content\/uploads\/2020\/07\/cafiero.jpg?resize=350%2C200","width":350,"height":200,"srcset":"https:\/\/i0.wp.com\/www.24baires.com\/wp-content\/uploads\/2020\/07\/cafiero.jpg?resize=350%2C200 1x, https:\/\/i0.wp.com\/www.24baires.com\/wp-content\/uploads\/2020\/07\/cafiero.jpg?resize=525%2C300 1.5x"},"classes":[]},{"id":66828,"url":"http:\/\/www.24baires.com\/?p=66828","url_meta":{"origin":62025,"position":5},"title":"Fein: \u00abLa escena no se contamin\u00f3, fue debidamente preservada\u00bb","author":"AF","date":"01\/06\/2015","format":false,"excerpt":"La fiscal a cargo de la investigaci\u00f3n de la muerte de Alberto Nisman, Viviana Fein, sostuvo adem\u00e1s que el arma no fue limpiada en su totalidad aunque tuvo \"l\u00f3gicamente que ser manipulada por Polic\u00eda Cient\u00edfica\". \u201cLa escena del hecho no se contamin\u00f3; fue debidamente preservada\u201d, asever\u00f3 la fiscal, quien sostuvo\u2026","rel":"","context":"En \u00abJUDICIALES\u00bb","block_context":{"text":"JUDICIALES","link":"http:\/\/www.24baires.com\/?cat=68"},"img":{"alt_text":"fein","src":"https:\/\/i0.wp.com\/www.24baires.com\/wp-content\/uploads\/2015\/01\/fein.jpg?resize=350%2C200","width":350,"height":200,"srcset":"https:\/\/i0.wp.com\/www.24baires.com\/wp-content\/uploads\/2015\/01\/fein.jpg?resize=350%2C200 1x, https:\/\/i0.wp.com\/www.24baires.com\/wp-content\/uploads\/2015\/01\/fein.jpg?resize=525%2C300 1.5x"},"classes":[]}],"jetpack_sharing_enabled":true,"jetpack_likes_enabled":true,"jetpack_featured_media_url":"","_links":{"self":[{"href":"http:\/\/www.24baires.com\/index.php?rest_route=\/wp\/v2\/posts\/62025","targetHints":{"allow":["GET"]}}],"collection":[{"href":"http:\/\/www.24baires.com\/index.php?rest_route=\/wp\/v2\/posts"}],"about":[{"href":"http:\/\/www.24baires.com\/index.php?rest_route=\/wp\/v2\/types\/post"}],"author":[{"embeddable":true,"href":"http:\/\/www.24baires.com\/index.php?rest_route=\/wp\/v2\/users\/8"}],"replies":[{"embeddable":true,"href":"http:\/\/www.24baires.com\/index.php?rest_route=%2Fwp%2Fv2%2Fcomments&post=62025"}],"version-history":[{"count":1,"href":"http:\/\/www.24baires.com\/index.php?rest_route=\/wp\/v2\/posts\/62025\/revisions"}],"predecessor-version":[{"id":62026,"href":"http:\/\/www.24baires.com\/index.php?rest_route=\/wp\/v2\/posts\/62025\/revisions\/62026"}],"wp:attachment":[{"href":"http:\/\/www.24baires.com\/index.php?rest_route=%2Fwp%2Fv2%2Fmedia&parent=62025"}],"wp:term":[{"taxonomy":"category","embeddable":true,"href":"http:\/\/www.24baires.com\/index.php?rest_route=%2Fwp%2Fv2%2Fcategories&post=62025"},{"taxonomy":"post_tag","embeddable":true,"href":"http:\/\/www.24baires.com\/index.php?rest_route=%2Fwp%2Fv2%2Ftags&post=62025"}],"curies":[{"name":"wp","href":"https:\/\/api.w.org\/{rel}","templated":true}]}}