{"id":62015,"date":"2015-02-19T22:06:30","date_gmt":"2015-02-20T01:06:30","guid":{"rendered":"http:\/\/www.24baires.com\/?p=62015"},"modified":"2015-02-19T21:25:44","modified_gmt":"2015-02-20T00:25:44","slug":"patricia-bullrich-a-los-insultos-limpios","status":"publish","type":"post","link":"http:\/\/www.24baires.com\/?p=62015","title":{"rendered":"Patricia Bullrich, a los insultos limpios"},"content":{"rendered":"<p><img data-recalc-dims=\"1\" loading=\"lazy\" decoding=\"async\" class=\"aligncenter size-full wp-image-21503\" src=\"https:\/\/i0.wp.com\/www.24baires.com\/wp-content\/uploads\/2013\/04\/bullrich-patricia.jpg?resize=500%2C375\" alt=\"bullrich patricia\" width=\"500\" height=\"375\" srcset=\"https:\/\/i0.wp.com\/www.24baires.com\/wp-content\/uploads\/2013\/04\/bullrich-patricia.jpg?w=500 500w, https:\/\/i0.wp.com\/www.24baires.com\/wp-content\/uploads\/2013\/04\/bullrich-patricia.jpg?resize=300%2C225 300w\" sizes=\"auto, (max-width: 500px) 100vw, 500px\" \/><br \/>\nComo si estuviera en la cancha, la diputada de Uni\u00f3n-PRO insult\u00f3 al programa 678 en Twitter por el an\u00e1lisis que hizo el programa de la marcha de los fiscales opositores. <!--more--><\/p>\n<p>La diputada de Uni\u00f3n-PRO Patricia Bullrich, entusiasmada por la convocatoria de la marcha de fiscales opositores, cometi\u00f3 un nuevo exabrupto anoche en su cuenta de Twitter.<\/p>\n<p>\u00ab\u00bfGolpe blando? No, golpe duro en el c&#8230; por los 400.000 ciudadanos en la calle. Vayan pensando de qu\u00e9 se disfrazan\u00bb, le escribi\u00f3 Bullrich a la cuenta del programa 678 de la TV P\u00fablica, donde analizaban la manifestaci\u00f3n en el marco de lo que consideraban una maniobra destituyente contra la presidenta Cristina Fern\u00e1ndez de Kirchner.<\/p>\n<p>La diputada, una de las principales voces de la pol\u00edtica que convocaron a la movilizaci\u00f3n, recibi\u00f3 una catarata de respuestas por su exabrupto. Algunas con respeto y otras en el mismo tono de su tuit.<\/p>\n<p>&nbsp;<\/p>\n<p>&nbsp;<\/p>\n<p>&nbsp;<\/p>\n","protected":false},"excerpt":{"rendered":"<p>Como si estuviera en la cancha, la diputada de Uni\u00f3n-PRO insult\u00f3 al programa 678 en Twitter por el an\u00e1lisis que hizo el programa de la marcha de los fiscales opositores.<\/p>\n","protected":false},"author":11,"featured_media":0,"comment_status":"open","ping_status":"open","sticky":false,"template":"","format":"standard","meta":{"_jetpack_newsletter_access":"","_jetpack_dont_email_post_to_subs":false,"_jetpack_newsletter_tier_id":0,"_jetpack_memberships_contains_paywalled_content":false,"_jetpack_memberships_contains_paid_content":false,"footnotes":""},"categories":[51],"tags":[],"class_list":["post-62015","post","type-post","status-publish","format-standard","hentry","category-politica"],"jetpack_shortlink":"https:\/\/wp.me\/p2JWE0-g8f","jetpack-related-posts":[{"id":120080,"url":"http:\/\/www.24baires.com\/?p=120080","url_meta":{"origin":62015,"position":0},"title":"Alberto Fern\u00e1ndez: \u00abBullrich y Milman tienen que dar explicaciones\u00bb","author":"AF","date":"08\/05\/2023","format":false,"excerpt":"En su visita a La Rioja, el presidente hizo menci\u00f3n a la declaraci\u00f3n de una exasesora del diputado Gerardo Milman (PRO), a quien le ordenaron borrar contenido de su celular, d\u00edas despu\u00e9s del atentado contra CFK, en la oficina de Patricia Bullrich. El presidente Alberto Fern\u00e1ndez calific\u00f3 de \"vergonzosa\" la\u2026","rel":"","context":"En \u00abPol\u00edtica\u00bb","block_context":{"text":"Pol\u00edtica","link":"http:\/\/www.24baires.com\/?cat=51"},"img":{"alt_text":"","src":"https:\/\/i0.wp.com\/www.24baires.com\/wp-content\/uploads\/2023\/05\/af.jpeg?resize=350%2C200","width":350,"height":200,"srcset":"https:\/\/i0.wp.com\/www.24baires.com\/wp-content\/uploads\/2023\/05\/af.jpeg?resize=350%2C200 1x, https:\/\/i0.wp.com\/www.24baires.com\/wp-content\/uploads\/2023\/05\/af.jpeg?resize=525%2C300 1.5x, https:\/\/i0.wp.com\/www.24baires.com\/wp-content\/uploads\/2023\/05\/af.jpeg?resize=700%2C400 2x"},"classes":[]},{"id":21502,"url":"http:\/\/www.24baires.com\/?p=21502","url_meta":{"origin":62015,"position":1},"title":"Patricia Bullrich: \u201cNo me quiero poner ning\u00fan t\u00edtulo, pero fui la articuladora\u201d del 18A","author":"AF","date":"20\/04\/2013","format":false,"excerpt":"La diputada nacional de Uni\u00f3n por Todos se arrog\u00f3 el hecho que \"la dirigencia pol\u00edtica estuviese en la marcha\" antikirchnerista del jueves. De todos modos, consider\u00f3 que \"las consignas\" de la movilizaci\u00f3n \"se tienen que articular en alg\u00fan triunfo parlamentario y despu\u00e9s en las elecciones\". La diputada nacional de Uni\u00f3n\u2026","rel":"","context":"En \u00abPol\u00edtica\u00bb","block_context":{"text":"Pol\u00edtica","link":"http:\/\/www.24baires.com\/?cat=51"},"img":{"alt_text":"","src":"https:\/\/i0.wp.com\/www.24baires.com\/wp-content\/uploads\/2013\/04\/bullrich-patricia.jpg?resize=350%2C200","width":350,"height":200},"classes":[]},{"id":62076,"url":"http:\/\/www.24baires.com\/?p=62076","url_meta":{"origin":62015,"position":2},"title":"\u00abPatricia Bullrich y Laura Alonso son las Patty y Selma argentinas\u00bb","author":"Grupo Sierra","date":"21\/02\/2015","format":false,"excerpt":"El diputado Juan Cabandi\u00e9 elogi\u00f3 la carta de la Presidenta y con iron\u00eda consult\u00f3 si las legisladoras ya hab\u00edan salido a criticar, compar\u00e1ndolas con dos personajes de la serie animada \"Los Simpson\". Excelente la carta de @CFKArgentina sobre la corpo judicial. \u00bfYa salieron a criticar las Patty y Selma Bouvier\u2026","rel":"","context":"En \u00abPol\u00edtica\u00bb","block_context":{"text":"Pol\u00edtica","link":"http:\/\/www.24baires.com\/?cat=51"},"img":{"alt_text":"patty-selma alonso bullrich","src":"https:\/\/i0.wp.com\/www.24baires.com\/wp-content\/uploads\/2015\/02\/patty-selma.jpg?resize=350%2C200","width":350,"height":200,"srcset":"https:\/\/i0.wp.com\/www.24baires.com\/wp-content\/uploads\/2015\/02\/patty-selma.jpg?resize=350%2C200 1x, https:\/\/i0.wp.com\/www.24baires.com\/wp-content\/uploads\/2015\/02\/patty-selma.jpg?resize=525%2C300 1.5x"},"classes":[]},{"id":111203,"url":"http:\/\/www.24baires.com\/?p=111203","url_meta":{"origin":62015,"position":3},"title":"Opositores y organismos de derechos humanos cuestionaron la colimba macrista","author":"AF","date":"16\/07\/2019","format":false,"excerpt":"Desde el Frente de Todos y el FIT repudiaron el intento de enviar a los j\u00f3venes a los cuarteles de Gendarmer\u00eda. Tambi\u00e9n protestaron Adolfo P\u00e9rez Esquivel y Mar\u00eda del Carmen Verd\u00fa. La colimba macrista no cay\u00f3 bien. Distintos sectores del arco pol\u00edtico rechazaron la implementaci\u00f3n por decreto del Servicio C\u00edvico\u2026","rel":"","context":"En \u00abLocales\u00bb","block_context":{"text":"Locales","link":"http:\/\/www.24baires.com\/?cat=38"},"img":{"alt_text":"Resultado de imagen para bullrich","src":"https:\/\/i0.wp.com\/infocielo.com\/uploads\/noticias\/imagenes\/a\/2019\/05\/20190524101935_bullrich-infobae.jpg?resize=350%2C200&ssl=1","width":350,"height":200,"srcset":"https:\/\/i0.wp.com\/infocielo.com\/uploads\/noticias\/imagenes\/a\/2019\/05\/20190524101935_bullrich-infobae.jpg?resize=350%2C200&ssl=1 1x, https:\/\/i0.wp.com\/infocielo.com\/uploads\/noticias\/imagenes\/a\/2019\/05\/20190524101935_bullrich-infobae.jpg?resize=525%2C300&ssl=1 1.5x"},"classes":[]},{"id":116133,"url":"http:\/\/www.24baires.com\/?p=116133","url_meta":{"origin":62015,"position":4},"title":"Patricia Bullrich cont\u00f3 que tiene coronavirus","author":"AF","date":"02\/09\/2020","format":false,"excerpt":"La titular del PRO, Patricia Bullrich, tiene coronavirus. Lo anunci\u00f3 a trav\u00e9s de un video en su cuenta de Twitter. La presidenta del PRO, Patricia Bullrich, inform\u00f3 esta tarde que se contagi\u00f3 de coronavirus y detall\u00f3 que se encuentra en buen estado de salud. \"Me dio positivo el an\u00e1lisis de\u2026","rel":"","context":"En \u00abSociedad\u00bb","block_context":{"text":"Sociedad","link":"http:\/\/www.24baires.com\/?cat=1"},"img":{"alt_text":"","src":"https:\/\/i0.wp.com\/www.24baires.com\/wp-content\/uploads\/2020\/09\/bullrich-anticuarentena.jpg?resize=350%2C200","width":350,"height":200,"srcset":"https:\/\/i0.wp.com\/www.24baires.com\/wp-content\/uploads\/2020\/09\/bullrich-anticuarentena.jpg?resize=350%2C200 1x, https:\/\/i0.wp.com\/www.24baires.com\/wp-content\/uploads\/2020\/09\/bullrich-anticuarentena.jpg?resize=525%2C300 1.5x"},"classes":[]},{"id":100969,"url":"http:\/\/www.24baires.com\/?p=100969","url_meta":{"origin":62015,"position":5},"title":"Patricia Bullrich respald\u00f3 la despenalizaci\u00f3n del aborto","author":"GB","date":"10\/03\/2018","format":false,"excerpt":"La ministra de Seguridad de la Naci\u00f3n, Patricia Bullrich, se mostr\u00f3 a favor de la despenalizaci\u00f3n del aborto que se tratar\u00e1 en el Congreso. 1994 ya hab\u00eda presentado un proyecto en este sentido. La ministra de Seguridad, Patricia Bullrich, se mostr\u00f3 este viernes \"a favor de la despenalizaci\u00f3n del aborto\"\u2026","rel":"","context":"En \u00abPol\u00edtica\u00bb","block_context":{"text":"Pol\u00edtica","link":"http:\/\/www.24baires.com\/?cat=51"},"img":{"alt_text":"","src":"https:\/\/i0.wp.com\/www.24baires.com\/wp-content\/uploads\/2017\/08\/bullrich-testigo-protegido.jpg?resize=350%2C200","width":350,"height":200,"srcset":"https:\/\/i0.wp.com\/www.24baires.com\/wp-content\/uploads\/2017\/08\/bullrich-testigo-protegido.jpg?resize=350%2C200 1x, https:\/\/i0.wp.com\/www.24baires.com\/wp-content\/uploads\/2017\/08\/bullrich-testigo-protegido.jpg?resize=525%2C300 1.5x"},"classes":[]}],"jetpack_sharing_enabled":true,"jetpack_likes_enabled":true,"jetpack_featured_media_url":"","_links":{"self":[{"href":"http:\/\/www.24baires.com\/index.php?rest_route=\/wp\/v2\/posts\/62015","targetHints":{"allow":["GET"]}}],"collection":[{"href":"http:\/\/www.24baires.com\/index.php?rest_route=\/wp\/v2\/posts"}],"about":[{"href":"http:\/\/www.24baires.com\/index.php?rest_route=\/wp\/v2\/types\/post"}],"author":[{"embeddable":true,"href":"http:\/\/www.24baires.com\/index.php?rest_route=\/wp\/v2\/users\/11"}],"replies":[{"embeddable":true,"href":"http:\/\/www.24baires.com\/index.php?rest_route=%2Fwp%2Fv2%2Fcomments&post=62015"}],"version-history":[{"count":1,"href":"http:\/\/www.24baires.com\/index.php?rest_route=\/wp\/v2\/posts\/62015\/revisions"}],"predecessor-version":[{"id":62016,"href":"http:\/\/www.24baires.com\/index.php?rest_route=\/wp\/v2\/posts\/62015\/revisions\/62016"}],"wp:attachment":[{"href":"http:\/\/www.24baires.com\/index.php?rest_route=%2Fwp%2Fv2%2Fmedia&parent=62015"}],"wp:term":[{"taxonomy":"category","embeddable":true,"href":"http:\/\/www.24baires.com\/index.php?rest_route=%2Fwp%2Fv2%2Fcategories&post=62015"},{"taxonomy":"post_tag","embeddable":true,"href":"http:\/\/www.24baires.com\/index.php?rest_route=%2Fwp%2Fv2%2Ftags&post=62015"}],"curies":[{"name":"wp","href":"https:\/\/api.w.org\/{rel}","templated":true}]}}