{"id":61987,"date":"2015-02-19T17:00:51","date_gmt":"2015-02-19T20:00:51","guid":{"rendered":"http:\/\/www.24baires.com\/?p=61987"},"modified":"2015-02-19T16:32:13","modified_gmt":"2015-02-19T19:32:13","slug":"tenemos-que-tener-la-moral-muy-alta-frente-a-los-que-quieren-desmoralizarnos","status":"publish","type":"post","link":"http:\/\/www.24baires.com\/?p=61987","title":{"rendered":"\u00abTenemos que tener la moral muy alta frente a los que quieren desmoralizarnos\u00bb"},"content":{"rendered":"<p><img data-recalc-dims=\"1\" loading=\"lazy\" decoding=\"async\" class=\"aligncenter size-full wp-image-52743\" src=\"https:\/\/i0.wp.com\/www.24baires.com\/wp-content\/uploads\/2014\/08\/scioli-saludo.jpg?resize=560%2C373\" alt=\"scioli saludo\" width=\"560\" height=\"373\" srcset=\"https:\/\/i0.wp.com\/www.24baires.com\/wp-content\/uploads\/2014\/08\/scioli-saludo.jpg?w=560 560w, https:\/\/i0.wp.com\/www.24baires.com\/wp-content\/uploads\/2014\/08\/scioli-saludo.jpg?resize=300%2C199 300w\" sizes=\"auto, (max-width: 560px) 100vw, 560px\" \/><strong>CA\u00d1UELAS-<\/strong>El gobernador Daniel Scioli inst\u00f3 a \u00abtener la moral muy alta frente a aquellos que quieren desmoralizarnos\u00bb, al inaugurar el Comando de Patrullas Comunitarias (CPC) y entregar unidades m\u00f3viles en Ca\u00f1uelas, junto al intendente local, Gustavo Arrieta.<!--more--><\/p>\n<p>\u00abLo m\u00e1s importante siempre es seguir adelante, que un \u00e1rbol no tape el bosque, tener la moral muy alta, frente a aquellos que quieren desmoralizarnos\u00bb, expres\u00f3 el Gobernador acompa\u00f1ado por el intendente de La Matanza, Fernando Espinoza.<\/p>\n<p>Con respecto al caso de la muerte del fiscal Nisman y la marcha del d\u00eda de ayer, Scioli consider\u00f3 \u00abimportante que el Poder Judicial d\u00e9 las respuesta a todos los interrogantes que est\u00e1n planteados\u00bb y que \u00abla pol\u00edtica no muestre su peor cara, su mezquindad, su ego\u00edsmo, pensando que cuando peor es mejor, subestimando al pueblo argentino que ha madurado, que ha crecido y que quiere cuidar el trabajo, estos logros y poder seguir avanzando\u00bb.<\/p>\n<p>En este marco, el Gobernador llam\u00f3 a la \u00abunidad de los argentinos\u00bb y manifest\u00f3 que \u00abhoy se han puesto en evidencia los contrastes, con esta clara especulaci\u00f3n y la intenci\u00f3n de capitalizar esta situaci\u00f3n, pero la gente va madurando y lo va viendo\u00bb.<\/p>\n<p>&nbsp;<\/p>\n<p>&nbsp;<\/p>\n<p>&nbsp;<\/p>\n<p>&nbsp;<\/p>\n<p>&nbsp;<\/p>\n<p>&nbsp;<\/p>\n<p>&nbsp;<\/p>\n<p>&nbsp;<\/p>\n","protected":false},"excerpt":{"rendered":"<p>CA\u00d1UELAS-El gobernador Daniel Scioli inst\u00f3 a \u00abtener la moral muy alta frente a aquellos que quieren desmoralizarnos\u00bb, al inaugurar el Comando de Patrullas Comunitarias (CPC) y entregar unidades m\u00f3viles en Ca\u00f1uelas, junto al intendente local, Gustavo Arrieta.<\/p>\n","protected":false},"author":8,"featured_media":0,"comment_status":"open","ping_status":"open","sticky":false,"template":"","format":"standard","meta":{"_jetpack_newsletter_access":"","_jetpack_dont_email_post_to_subs":false,"_jetpack_newsletter_tier_id":0,"_jetpack_memberships_contains_paywalled_content":false,"_jetpack_memberships_contains_paid_content":false,"footnotes":""},"categories":[51],"tags":[],"class_list":["post-61987","post","type-post","status-publish","format-standard","hentry","category-politica"],"jetpack_shortlink":"https:\/\/wp.me\/p2JWE0-g7N","jetpack-related-posts":[{"id":112742,"url":"http:\/\/www.24baires.com\/?p=112742","url_meta":{"origin":61987,"position":0},"title":"La Provincia tendr\u00e1 seis distritos comandados por mujeres","author":"GB","date":"28\/10\/2019","format":false,"excerpt":"Hablamos de las localidades de General Arenales, Quilmes, Presidente Per\u00f3n, Carlos Tejedor, Moreno y Ca\u00f1uelas. Los resultados de las elecciones generales, de este domingo, revelaron que, a partir del 10 de diciembre s\u00f3lo seis de los 135 municipios bonaerenses ser\u00e1n gobernados por mujeres. Hablamos de General Arenales, Quilmes, Presidente Per\u00f3n,\u2026","rel":"","context":"En \u00abELECCIONES 2019\u00bb","block_context":{"text":"ELECCIONES 2019","link":"http:\/\/www.24baires.com\/?cat=329"},"img":{"alt_text":"","src":"","width":0,"height":0},"classes":[]},{"id":102994,"url":"http:\/\/www.24baires.com\/?p=102994","url_meta":{"origin":61987,"position":1},"title":"Insaurralde lanz\u00f3 su carrera por la Gobernaci\u00f3n bonaerense","author":"GB","date":"26\/06\/2018","format":false,"excerpt":"El intendente de Lomas de Zamora, Mart\u00edn Insaurralde, se anot\u00f3 hoy oficialmente en la carrera por la Gobernaci\u00f3n bonaerense, al difundir el apoyo de una docena de intendentes para que empiece a \"caminar la provincia\". El intendente, uno de los principales referentes del peronismo \"dialoguista\" en la provincia, reuni\u00f3 hoy\u2026","rel":"","context":"En \u00abProvincia\u00bb","block_context":{"text":"Provincia","link":"http:\/\/www.24baires.com\/?cat=40"},"img":{"alt_text":"","src":"https:\/\/i0.wp.com\/www.24baires.com\/wp-content\/uploads\/2018\/06\/insaurralde-300x200.jpg?resize=350%2C200","width":350,"height":200},"classes":[]},{"id":114242,"url":"http:\/\/www.24baires.com\/?p=114242","url_meta":{"origin":61987,"position":2},"title":"Kicillof se reuni\u00f3 con intendentes del Frente de Todos","author":"AF","date":"28\/02\/2020","format":false,"excerpt":"El Gobernador bonaerense mantuvo un encuentro con jefes comunales de la Tercera Secci\u00f3n Electoral. Para avanzar en la construcci\u00f3n de una agenda en com\u00fan y conformar equipos de trabajo, Axel Kicillof recibi\u00f3 este viernes en La Plata a intendentes e intendentas del Frente de Todos. \u201cComo venimos haciendo desde el\u2026","rel":"","context":"En \u00abProvincia\u00bb","block_context":{"text":"Provincia","link":"http:\/\/www.24baires.com\/?cat=40"},"img":{"alt_text":"","src":"https:\/\/i0.wp.com\/www.24baires.com\/wp-content\/uploads\/2020\/02\/4e70b823aa9969498199c0d0698b57b6.jpg?resize=350%2C200","width":350,"height":200,"srcset":"https:\/\/i0.wp.com\/www.24baires.com\/wp-content\/uploads\/2020\/02\/4e70b823aa9969498199c0d0698b57b6.jpg?resize=350%2C200 1x, https:\/\/i0.wp.com\/www.24baires.com\/wp-content\/uploads\/2020\/02\/4e70b823aa9969498199c0d0698b57b6.jpg?resize=525%2C300 1.5x"},"classes":[]},{"id":118920,"url":"http:\/\/www.24baires.com\/?p=118920","url_meta":{"origin":61987,"position":3},"title":"\u00abEstoy esperando que la justicia llame a los ladrones de guante blanco\u00bb","author":"AF","date":"31\/05\/2022","format":false,"excerpt":"El Presidente encabeza el acto del inicio de la obra Variante Ca\u00f1uelas, que forma parte del proyecto de transformaci\u00f3n en autopista de la ruta nacional 3, entre las ciudades bonaerenses de Ca\u00f1uelas y Azul. El presidente Alberto Fern\u00e1ndez apunt\u00f3 este martescontra los \"ladrones de guante blanco que est\u00e1n dando c\u00e1tedra\u2026","rel":"","context":"En \u00abPol\u00edtica\u00bb","block_context":{"text":"Pol\u00edtica","link":"http:\/\/www.24baires.com\/?cat=51"},"img":{"alt_text":"","src":"https:\/\/i0.wp.com\/www.24baires.com\/wp-content\/uploads\/2022\/05\/62966144cbe61_900.jpg?resize=350%2C200","width":350,"height":200,"srcset":"https:\/\/i0.wp.com\/www.24baires.com\/wp-content\/uploads\/2022\/05\/62966144cbe61_900.jpg?resize=350%2C200 1x, https:\/\/i0.wp.com\/www.24baires.com\/wp-content\/uploads\/2022\/05\/62966144cbe61_900.jpg?resize=525%2C300 1.5x, https:\/\/i0.wp.com\/www.24baires.com\/wp-content\/uploads\/2022\/05\/62966144cbe61_900.jpg?resize=700%2C400 2x"},"classes":[]},{"id":120642,"url":"http:\/\/www.24baires.com\/?p=120642","url_meta":{"origin":61987,"position":4},"title":"\u00abNo hay que bajar los brazos ante una oposici\u00f3n que quiere trabajadores sin vacaciones\u00bb","author":"GB","date":"10\/11\/2023","format":false,"excerpt":"El Gobernador particip\u00f3 del cierre del Congreso de Smata. La intendenta Marisa Fassi form\u00f3 parte del evento. Ambos destacaron lo que se pone en juego de cara al balotaje del 19 de noviembre. Axel Kicillof particip\u00f3 de un plenario de la militancia de Smata en Ca\u00f1uelas junto al secretario general\u2026","rel":"","context":"En \u00abProvincia\u00bb","block_context":{"text":"Provincia","link":"http:\/\/www.24baires.com\/?cat=40"},"img":{"alt_text":"","src":"https:\/\/i0.wp.com\/www.24baires.com\/wp-content\/uploads\/2023\/11\/axel-kicillof-smata.webp?resize=350%2C200","width":350,"height":200,"srcset":"https:\/\/i0.wp.com\/www.24baires.com\/wp-content\/uploads\/2023\/11\/axel-kicillof-smata.webp?resize=350%2C200 1x, https:\/\/i0.wp.com\/www.24baires.com\/wp-content\/uploads\/2023\/11\/axel-kicillof-smata.webp?resize=525%2C300 1.5x, https:\/\/i0.wp.com\/www.24baires.com\/wp-content\/uploads\/2023\/11\/axel-kicillof-smata.webp?resize=700%2C400 2x"},"classes":[]},{"id":68960,"url":"http:\/\/www.24baires.com\/?p=68960","url_meta":{"origin":61987,"position":5},"title":"An\u00edbal Fern\u00e1ndez recorri\u00f3 con su campa\u00f1a Ca\u00f1uelas y Almirante Brown","author":"AF","date":"12\/07\/2015","format":false,"excerpt":"El jefe de Gabinete y precandidato a gobernador bonaerense por el Frente para la Victoria (FpV), An\u00edbal Fern\u00e1ndez, afirm\u00f3 hoy que no est\u00e1 impostada ni es improvisada la f\u00f3rmula electoral que comparte con el titular de la Afsca, Mart\u00edn Sabbatella, para las PASO del 9 de agosto pr\u00f3ximo. \u201cLa sensaci\u00f3n\u2026","rel":"","context":"En \u00abElecciones 2015\u00bb","block_context":{"text":"Elecciones 2015","link":"http:\/\/www.24baires.com\/?cat=74"},"img":{"alt_text":"mariotto sabbatella fern\u00e1ndez insaurralde","src":"https:\/\/i0.wp.com\/www.24baires.com\/wp-content\/uploads\/2015\/07\/mariotto-sabbatella-fern%C3%A1ndez-insaurralde-300x199.jpg?resize=350%2C200","width":350,"height":200},"classes":[]}],"jetpack_sharing_enabled":true,"jetpack_likes_enabled":true,"jetpack_featured_media_url":"","_links":{"self":[{"href":"http:\/\/www.24baires.com\/index.php?rest_route=\/wp\/v2\/posts\/61987","targetHints":{"allow":["GET"]}}],"collection":[{"href":"http:\/\/www.24baires.com\/index.php?rest_route=\/wp\/v2\/posts"}],"about":[{"href":"http:\/\/www.24baires.com\/index.php?rest_route=\/wp\/v2\/types\/post"}],"author":[{"embeddable":true,"href":"http:\/\/www.24baires.com\/index.php?rest_route=\/wp\/v2\/users\/8"}],"replies":[{"embeddable":true,"href":"http:\/\/www.24baires.com\/index.php?rest_route=%2Fwp%2Fv2%2Fcomments&post=61987"}],"version-history":[{"count":1,"href":"http:\/\/www.24baires.com\/index.php?rest_route=\/wp\/v2\/posts\/61987\/revisions"}],"predecessor-version":[{"id":61988,"href":"http:\/\/www.24baires.com\/index.php?rest_route=\/wp\/v2\/posts\/61987\/revisions\/61988"}],"wp:attachment":[{"href":"http:\/\/www.24baires.com\/index.php?rest_route=%2Fwp%2Fv2%2Fmedia&parent=61987"}],"wp:term":[{"taxonomy":"category","embeddable":true,"href":"http:\/\/www.24baires.com\/index.php?rest_route=%2Fwp%2Fv2%2Fcategories&post=61987"},{"taxonomy":"post_tag","embeddable":true,"href":"http:\/\/www.24baires.com\/index.php?rest_route=%2Fwp%2Fv2%2Ftags&post=61987"}],"curies":[{"name":"wp","href":"https:\/\/api.w.org\/{rel}","templated":true}]}}