{"id":61973,"date":"2015-02-19T15:00:27","date_gmt":"2015-02-19T18:00:27","guid":{"rendered":"http:\/\/www.24baires.com\/?p=61973"},"modified":"2015-02-19T15:54:18","modified_gmt":"2015-02-19T18:54:18","slug":"gremios-de-transporte-anunciaron-paro-general-de-transporte-para-el-31-de-marzo","status":"publish","type":"post","link":"http:\/\/www.24baires.com\/?p=61973","title":{"rendered":"Gremios de transporte anunciaron paro general para el 31 de marzo"},"content":{"rendered":"<p><img data-recalc-dims=\"1\" loading=\"lazy\" decoding=\"async\" class=\"aligncenter size-full wp-image-8077\" src=\"https:\/\/i0.wp.com\/www.24baires.com\/wp-content\/uploads\/2012\/12\/colectivo-tandil.jpg?resize=560%2C315\" alt=\"colectivo tandil\" width=\"560\" height=\"315\" srcset=\"https:\/\/i0.wp.com\/www.24baires.com\/wp-content\/uploads\/2012\/12\/colectivo-tandil.jpg?w=560 560w, https:\/\/i0.wp.com\/www.24baires.com\/wp-content\/uploads\/2012\/12\/colectivo-tandil.jpg?resize=300%2C168 300w\" sizes=\"auto, (max-width: 560px) 100vw, 560px\" \/>Veinticino gremios del transporte terrestre, a\u00e9reo y mar\u00edtimo, nucleados en la CATT, aprobaron un paro nacional de 24 horas para el 31 de marzo, en repudio a la falta de respuesta del Gobierno a sus demandas por el m\u00ednimo no imponible de Ganancias y por aumentos en salarios y jubilaciones.<!--more--><\/p>\n<p>La medida de fuerza fue resuelta por un plenario de los gremios del transporte que deliberaba desde esta ma\u00f1ana en la sede que la Uni\u00f3n Tranviarios Automotor (UTA) posee en la localidad bonaerense de Moreno.<\/p>\n<p>A fines de enero pasado el titular de la UTA, Roberto Fern\u00e1ndez, hab\u00eda rechazado participar de la cumbre sindical convocada por Hugo Moyano y Luis Barrionuevo para reactivar el plan de lucha contra el gobierno nacional. En aquella oportunidad Fern\u00e1ndez hab\u00eda asegurado que lo buscaban \u00abpara un paro, en realidad quieren jugar a la pol\u00edtica. No me voy a prestar\u00bb y critic\u00f3 el encuentro por su car\u00e1cter \u00abpol\u00edtico\u00bb.<\/p>\n<p>\u00abNo se trata de hacer la guerra a un gobierno, sino de lograr mejoras para los trabajadores y por eso no se puede mezclar intereses personales o pol\u00edticos\u00bb, hab\u00eda asegurado en aquella oportunidad. Pocas semanas m\u00e1s tarde, Fern\u00e1ndez se pone a la cabeza de un paro de todos los medios de transporte que amenaza con paralizar al pa\u00eds.<\/p>\n<p>Del encuentro tambi\u00e9n participaron, entre otros, el titular del gremio de La Fraternidad (maquinistas) Omar Maturano, Juan Carlos Schmid (Sindicato de Dragado y Balizamiento) y el titular del sindicato de Patrones y Oficiales Fluviales, de Pesca y de Cabotaje Mar\u00edtimo, Julio Gonz\u00e1lez Insfr\u00e1n.<\/p>\n<p>Son referentes de los gremios del transporte nucleados en la Confederaci\u00f3n Argentina de Trabajadores del Transporte (CATT). Entre los ausentes se cuenta a Omar Viviani (taxistas), Sergio Sassia (Uni\u00f3n Ferroviaria) y Omar Su\u00e1rez (Sindicato de Obreros Mar\u00edtimos Unidos).<\/p>\n<p>&nbsp;<\/p>\n<p>&nbsp;<\/p>\n<p>&nbsp;<\/p>\n<p>&nbsp;<\/p>\n<p>&nbsp;<\/p>\n<p>&nbsp;<\/p>\n<p>&nbsp;<\/p>\n<p>&nbsp;<\/p>\n<p>&nbsp;<\/p>\n<p>&nbsp;<\/p>\n<p>&nbsp;<\/p>\n<p>&nbsp;<\/p>\n<p>&nbsp;<\/p>\n<p>&nbsp;<\/p>\n","protected":false},"excerpt":{"rendered":"<p>Veinticino gremios del transporte terrestre, a\u00e9reo y mar\u00edtimo, nucleados en la CATT, aprobaron un paro nacional de 24 horas para el 31 de marzo, en repudio a la falta de respuesta del Gobierno a sus demandas por el m\u00ednimo no imponible de Ganancias y por aumentos en salarios y jubilaciones.<\/p>\n","protected":false},"author":8,"featured_media":0,"comment_status":"open","ping_status":"open","sticky":false,"template":"","format":"standard","meta":{"_jetpack_newsletter_access":"","_jetpack_dont_email_post_to_subs":false,"_jetpack_newsletter_tier_id":0,"_jetpack_memberships_contains_paywalled_content":false,"_jetpack_memberships_contains_paid_content":false,"footnotes":""},"categories":[51],"tags":[],"class_list":["post-61973","post","type-post","status-publish","format-standard","hentry","category-politica"],"jetpack_shortlink":"https:\/\/wp.me\/p2JWE0-g7z","jetpack-related-posts":[{"id":104530,"url":"http:\/\/www.24baires.com\/?p=104530","url_meta":{"origin":61973,"position":0},"title":"Transporte confirm\u00f3 que adhiere al paro del 25 de septiembre","author":"GB","date":"18\/09\/2018","format":false,"excerpt":"Pese a los intentos del Gobierno por disuadir a los referentes gremiales, Roberto Fern\u00e1ndez, secretario general de la UTA, asegur\u00f3 que el sindicato acompa\u00f1ar\u00e1 el paro nacional anunciado para el pr\u00f3ximo martes y adelant\u00f3 que prev\u00e9n un alto acatamiento. Los gremios del transporte p\u00fablico, vitales para la contundencia de un\u2026","rel":"","context":"En \u00abPol\u00edtica\u00bb","block_context":{"text":"Pol\u00edtica","link":"http:\/\/www.24baires.com\/?cat=51"},"img":{"alt_text":"","src":"https:\/\/i0.wp.com\/www.24baires.com\/wp-content\/uploads\/2014\/08\/colectivo-112-lan%C3%BAs.jpg?resize=350%2C200","width":350,"height":200,"srcset":"https:\/\/i0.wp.com\/www.24baires.com\/wp-content\/uploads\/2014\/08\/colectivo-112-lan%C3%BAs.jpg?resize=350%2C200 1x, https:\/\/i0.wp.com\/www.24baires.com\/wp-content\/uploads\/2014\/08\/colectivo-112-lan%C3%BAs.jpg?resize=525%2C300 1.5x"},"classes":[]},{"id":108343,"url":"http:\/\/www.24baires.com\/?p=108343","url_meta":{"origin":61973,"position":1},"title":"Confirmado: el 25 y el 29 de mayo no habr\u00e1 colectivos","author":"GB","date":"23\/05\/2019","format":false,"excerpt":"La Uni\u00f3n Tranviarios del Automotor (UTA) anunci\u00f3 que no habr\u00e1 colectivos el 25 de mayo porque continuar\u00e1 con la medida de no trabajar los feriados. El Gobierno reconoce nuestro reclamo pero que hasta al fecha no hubo soluciones. Nos tomaremos el descanso del feriado nacional\u201d, afirm\u00f3 la UTA en un\u2026","rel":"","context":"En \u00abPol\u00edtica\u00bb","block_context":{"text":"Pol\u00edtica","link":"http:\/\/www.24baires.com\/?cat=51"},"img":{"alt_text":"","src":"https:\/\/i0.wp.com\/www.24baires.com\/wp-content\/uploads\/2013\/10\/colectivos-mdp.jpg?resize=350%2C200","width":350,"height":200,"srcset":"https:\/\/i0.wp.com\/www.24baires.com\/wp-content\/uploads\/2013\/10\/colectivos-mdp.jpg?resize=350%2C200 1x, https:\/\/i0.wp.com\/www.24baires.com\/wp-content\/uploads\/2013\/10\/colectivos-mdp.jpg?resize=525%2C300 1.5x"},"classes":[]},{"id":121791,"url":"http:\/\/www.24baires.com\/?p=121791","url_meta":{"origin":61973,"position":2},"title":"La UTA levant\u00f3 el paro de colectivos","author":"GB","date":"31\/10\/2024","format":false,"excerpt":"La medida de fuerza que se iba a llevar a cabo ma\u00f1ana, finalmente no se har\u00e1 y el servicio funcionar\u00e1 con normalidad. Se dio marcha atr\u00e1s con el paro de 24 horas que la Uni\u00f3n Tranviarios Automotor (UTA) iba a impulsar para este jueves 31 de octubre en el \u00c1rea\u2026","rel":"","context":"En \u00abPol\u00edtica\u00bb","block_context":{"text":"Pol\u00edtica","link":"http:\/\/www.24baires.com\/?cat=51"},"img":{"alt_text":"","src":"https:\/\/i0.wp.com\/www.24baires.com\/wp-content\/uploads\/2024\/10\/colectivos.webp?resize=350%2C200","width":350,"height":200,"srcset":"https:\/\/i0.wp.com\/www.24baires.com\/wp-content\/uploads\/2024\/10\/colectivos.webp?resize=350%2C200 1x, https:\/\/i0.wp.com\/www.24baires.com\/wp-content\/uploads\/2024\/10\/colectivos.webp?resize=525%2C300 1.5x, https:\/\/i0.wp.com\/www.24baires.com\/wp-content\/uploads\/2024\/10\/colectivos.webp?resize=700%2C400 2x"},"classes":[]},{"id":93375,"url":"http:\/\/www.24baires.com\/?p=93375","url_meta":{"origin":61973,"position":3},"title":"Confirman que el 6 de abril no habr\u00e1 transporte p\u00fablico","author":"AF","date":"28\/03\/2017","format":false,"excerpt":"La UTA ratific\u00f3 su adhesi\u00f3n al paro de la CGT y reiter\u00f3 el reclamo al Gobierno para que convoque una \"mesa de di\u00e1logo y consenso de todos los sectores, para tomar el compromiso de la definici\u00f3n de un verdadero proyecto nacional, basado en pol\u00edticas de Estado\", dijo el secretario general\u2026","rel":"","context":"En \u00abSociedad\u00bb","block_context":{"text":"Sociedad","link":"http:\/\/www.24baires.com\/?cat=1"},"img":{"alt_text":"","src":"https:\/\/i0.wp.com\/www.24baires.com\/wp-content\/uploads\/2015\/01\/colectivos-micro-bah%C3%ADa-blanca.jpg?resize=350%2C200","width":350,"height":200,"srcset":"https:\/\/i0.wp.com\/www.24baires.com\/wp-content\/uploads\/2015\/01\/colectivos-micro-bah%C3%ADa-blanca.jpg?resize=350%2C200 1x, https:\/\/i0.wp.com\/www.24baires.com\/wp-content\/uploads\/2015\/01\/colectivos-micro-bah%C3%ADa-blanca.jpg?resize=525%2C300 1.5x"},"classes":[]},{"id":108509,"url":"http:\/\/www.24baires.com\/?p=108509","url_meta":{"origin":61973,"position":4},"title":"La UTA decret\u00f3 un paro general de colectivos para el martes 4 de junio","author":"GB","date":"31\/05\/2019","format":false,"excerpt":"Lo anunci\u00f3 el gremio y afectar\u00eda el servicio de \u00f3mnibus de las grandes ciudades del pa\u00eds y de la provincia. Es en protesta por no darse avances en la paritaria del sector. El gremio ya hab\u00eda levantado un paro hace dos semanas atr\u00e1s. La UTA volvi\u00f3 a amenazar con un\u2026","rel":"","context":"En \u00abSociedad\u00bb","block_context":{"text":"Sociedad","link":"http:\/\/www.24baires.com\/?cat=1"},"img":{"alt_text":"","src":"https:\/\/i0.wp.com\/www.24baires.com\/wp-content\/uploads\/2017\/06\/colectivos.jpg?resize=350%2C200","width":350,"height":200,"srcset":"https:\/\/i0.wp.com\/www.24baires.com\/wp-content\/uploads\/2017\/06\/colectivos.jpg?resize=350%2C200 1x, https:\/\/i0.wp.com\/www.24baires.com\/wp-content\/uploads\/2017\/06\/colectivos.jpg?resize=525%2C300 1.5x"},"classes":[]},{"id":108370,"url":"http:\/\/www.24baires.com\/?p=108370","url_meta":{"origin":61973,"position":5},"title":"No habr\u00e1 paro de transporte finalmente durante el feriado de ma\u00f1ana","author":"AF","date":"24\/05\/2019","format":false,"excerpt":"Tras una reuni\u00f3n en el Ministerio de Transporte, los gremios levantaron la medida de fuerza que afectaba a colectivos, subtes y trenes. Los gremios de transporte de pasajeros (trenes, subte y colectivos) levantaron el paro anunciado para el s\u00e1bado 25 de mayo tras una reuni\u00f3n en el Ministerio de Transporte\u2026","rel":"","context":"En \u00abSociedad\u00bb","block_context":{"text":"Sociedad","link":"http:\/\/www.24baires.com\/?cat=1"},"img":{"alt_text":"","src":"https:\/\/i0.wp.com\/www.24baires.com\/wp-content\/uploads\/2017\/03\/transporte.jpg?resize=350%2C200","width":350,"height":200,"srcset":"https:\/\/i0.wp.com\/www.24baires.com\/wp-content\/uploads\/2017\/03\/transporte.jpg?resize=350%2C200 1x, https:\/\/i0.wp.com\/www.24baires.com\/wp-content\/uploads\/2017\/03\/transporte.jpg?resize=525%2C300 1.5x"},"classes":[]}],"jetpack_sharing_enabled":true,"jetpack_likes_enabled":true,"jetpack_featured_media_url":"","_links":{"self":[{"href":"http:\/\/www.24baires.com\/index.php?rest_route=\/wp\/v2\/posts\/61973","targetHints":{"allow":["GET"]}}],"collection":[{"href":"http:\/\/www.24baires.com\/index.php?rest_route=\/wp\/v2\/posts"}],"about":[{"href":"http:\/\/www.24baires.com\/index.php?rest_route=\/wp\/v2\/types\/post"}],"author":[{"embeddable":true,"href":"http:\/\/www.24baires.com\/index.php?rest_route=\/wp\/v2\/users\/8"}],"replies":[{"embeddable":true,"href":"http:\/\/www.24baires.com\/index.php?rest_route=%2Fwp%2Fv2%2Fcomments&post=61973"}],"version-history":[{"count":2,"href":"http:\/\/www.24baires.com\/index.php?rest_route=\/wp\/v2\/posts\/61973\/revisions"}],"predecessor-version":[{"id":61975,"href":"http:\/\/www.24baires.com\/index.php?rest_route=\/wp\/v2\/posts\/61973\/revisions\/61975"}],"wp:attachment":[{"href":"http:\/\/www.24baires.com\/index.php?rest_route=%2Fwp%2Fv2%2Fmedia&parent=61973"}],"wp:term":[{"taxonomy":"category","embeddable":true,"href":"http:\/\/www.24baires.com\/index.php?rest_route=%2Fwp%2Fv2%2Fcategories&post=61973"},{"taxonomy":"post_tag","embeddable":true,"href":"http:\/\/www.24baires.com\/index.php?rest_route=%2Fwp%2Fv2%2Ftags&post=61973"}],"curies":[{"name":"wp","href":"https:\/\/api.w.org\/{rel}","templated":true}]}}