{"id":61967,"date":"2015-02-19T13:00:57","date_gmt":"2015-02-19T16:00:57","guid":{"rendered":"http:\/\/www.24baires.com\/?p=61967"},"modified":"2015-02-19T11:55:27","modified_gmt":"2015-02-19T14:55:27","slug":"bonafini-la-marcha-no-fue-de-silencio-fue-muy-agresiva-contra-cristina","status":"publish","type":"post","link":"http:\/\/www.24baires.com\/?p=61967","title":{"rendered":"Bonafini: \u00abLa marcha no fue de silencio, fue muy agresiva contra Cristina\u00bb"},"content":{"rendered":"<p><img data-recalc-dims=\"1\" loading=\"lazy\" decoding=\"async\" class=\"aligncenter size-full wp-image-39456\" src=\"https:\/\/i0.wp.com\/www.24baires.com\/wp-content\/uploads\/2014\/01\/hebe-de-bonafini.jpg?resize=560%2C335\" alt=\"hebe-de-bonafini\" width=\"560\" height=\"335\" srcset=\"https:\/\/i0.wp.com\/www.24baires.com\/wp-content\/uploads\/2014\/01\/hebe-de-bonafini.jpg?w=560 560w, https:\/\/i0.wp.com\/www.24baires.com\/wp-content\/uploads\/2014\/01\/hebe-de-bonafini.jpg?resize=300%2C179 300w\" sizes=\"auto, (max-width: 560px) 100vw, 560px\" \/>La titular de la Asociaci\u00f3n Madres de Plaza de Mayo, Hebe de Bonafini, calific\u00f3 de \u00abmuy agresiva y cobarde\u00bb la marcha convocada ayer por un grupo de fiscales al cumplirse un mes de la muerte de Alberto Nisman.<!--more--><\/p>\n<p>La titular de la Asociaci\u00f3n Madres de Plaza de Mayo, Hebe de Bonafini, destac\u00f3 que en la marcha convocada ayer por un grupo de fiscales al cumplirse un mes de la muerte de Alberto Nisman \u00abhab\u00eda que buscar a un joven con linterna\u00bb y la calific\u00f3 de \u00abmuy agresiva y cobarde\u00bb.<\/p>\n<p>\u00abLa gente que fue a la marcha son los que no quieren que le toquen los bolsillos, los que piensan que todos los negros son ladrones y que no quieren que los chicos pobres estudien. Por eso no hab\u00eda juventud en la marcha y hab\u00eda que buscarlos con una linterna\u00bb, afirm\u00f3 Bonafini en declaraciones a radio Nacional Rock.<\/p>\n<p>Agreg\u00f3 que la marcha en la que participaron todos los dirigentes de la oposici\u00f3n \u00abno fue de silencio, fue muy agresiva contra Cristina. Todos los que estuvieron ah\u00ed estaban de acuerdo con lo que se dijo contra Cristina porque no vi a nadie decir que se callaran o bajaran los carteles con cosas horribles\u00bb.<\/p>\n<p>La titular de Madres remarc\u00f3 que \u00abnadie tom\u00f3 la manija para decir &#8216;somos nosotros&#8217;, para decir lo que dec\u00edan los carteles porque no se animan, son cobardes\u00bb, y lament\u00f3 la muerte del fiscal Alberto Nisman porque \u00abhab\u00eda bastante que investigarle\u00bb.<\/p>\n<p>Tambi\u00e9n cuestion\u00f3 al Poder Judicial al remarcar que \u00abla mayor\u00eda de los jueces siempre fueron corruptos y c\u00f3mplices de la dictadura, de los ricachones, de la Sociedad Rural\u00bb, y record\u00f3 que durante la dictadura c\u00edvico militar \u00abpon\u00edan presas a las madres porque reclam\u00e1bamos que nos firmaran cuando no quer\u00edan aceptar un h\u00e1beas corpus por nuestros hijos\u00bb.<\/p>\n<p>\u00abSe venden por los mangos, por eso se filtran las cosas. Son dos poderes muy fuertes, unos con rayos y otros con viento, por por suerte el avi\u00f3n est\u00e1 dirigido por una muy buena piloto que es la Presidenta\u00bb, asegur\u00f3 Bonafini.<\/p>\n","protected":false},"excerpt":{"rendered":"<p>La titular de la Asociaci\u00f3n Madres de Plaza de Mayo, Hebe de Bonafini, calific\u00f3 de \u00abmuy agresiva y cobarde\u00bb la marcha convocada ayer por un grupo de fiscales al cumplirse un mes de la muerte de Alberto Nisman.<\/p>\n","protected":false},"author":4,"featured_media":0,"comment_status":"open","ping_status":"open","sticky":false,"template":"","format":"standard","meta":{"_jetpack_newsletter_access":"","_jetpack_dont_email_post_to_subs":false,"_jetpack_newsletter_tier_id":0,"_jetpack_memberships_contains_paywalled_content":false,"_jetpack_memberships_contains_paid_content":false,"footnotes":""},"categories":[51],"tags":[],"class_list":["post-61967","post","type-post","status-publish","format-standard","hentry","category-politica"],"jetpack_shortlink":"https:\/\/wp.me\/p2JWE0-g7t","jetpack-related-posts":[{"id":101332,"url":"http:\/\/www.24baires.com\/?p=101332","url_meta":{"origin":61967,"position":0},"title":"Bonafini, sobre la vuelta del bast\u00f3n en la Bonaerense: \u00abEs aterrador\u00bb","author":"GB","date":"28\/03\/2018","format":false,"excerpt":"En una dura carta, la titular de Madres cuestion\u00f3 a Vidal y a Ritondo y advirti\u00f3 que los polic\u00edas \"van a llevar ese palo para matar a cualquiera\". La titular de la Asociaci\u00f3n Madres de Plaza de Mayo, Hebe de Bonafini, le apunt\u00f3 a Mar\u00eda Eugenia Vidal y a Cristian\u2026","rel":"","context":"En \u00abSociedad\u00bb","block_context":{"text":"Sociedad","link":"http:\/\/www.24baires.com\/?cat=1"},"img":{"alt_text":"","src":"https:\/\/i0.wp.com\/www.24baires.com\/wp-content\/uploads\/2014\/01\/hebe-de-bonafini.jpg?resize=350%2C200","width":350,"height":200,"srcset":"https:\/\/i0.wp.com\/www.24baires.com\/wp-content\/uploads\/2014\/01\/hebe-de-bonafini.jpg?resize=350%2C200 1x, https:\/\/i0.wp.com\/www.24baires.com\/wp-content\/uploads\/2014\/01\/hebe-de-bonafini.jpg?resize=525%2C300 1.5x"},"classes":[]},{"id":85887,"url":"http:\/\/www.24baires.com\/?p=85887","url_meta":{"origin":61967,"position":1},"title":"Ordenan detener a Hebe: \u00abQue me lleven presa, no les tengo miedo\u00bb dijo","author":"Grupo Sierra","date":"04\/08\/2016","format":false,"excerpt":"La titular de la Asociaci\u00f3n Madres de Plaza de Mayo, Hebe de Bonafini, no se present\u00f3 a declarar en los tribunales federales de Comodoro Py en la causa Sue\u00f1os Compartidos en la que est\u00e1 imputada, por lo que el juez Marcelo Mart\u00ednez de Giorgi orden\u00f3 su captura. Pese a que\u2026","rel":"","context":"En \u00abJUDICIALES\u00bb","block_context":{"text":"JUDICIALES","link":"http:\/\/www.24baires.com\/?cat=68"},"img":{"alt_text":"","src":"https:\/\/i0.wp.com\/www.24baires.com\/wp-content\/uploads\/2016\/08\/hebe-madres.jpg?resize=350%2C200","width":350,"height":200,"srcset":"https:\/\/i0.wp.com\/www.24baires.com\/wp-content\/uploads\/2016\/08\/hebe-madres.jpg?resize=350%2C200 1x, https:\/\/i0.wp.com\/www.24baires.com\/wp-content\/uploads\/2016\/08\/hebe-madres.jpg?resize=525%2C300 1.5x"},"classes":[]},{"id":101348,"url":"http:\/\/www.24baires.com\/?p=101348","url_meta":{"origin":61967,"position":2},"title":"Bonafini sobre Meijide: \u00abNunca le import\u00f3 su hijo, queda claro, si no, no pedir\u00eda la libertad de Astiz\u00bb","author":"AF","date":"29\/03\/2018","format":false,"excerpt":"As\u00ed lo sostuvo Hebe. La titular de la Asociaci\u00f3n de Madres de Plaza de Mayo apunt\u00f3 contra la ex miembro de la Conadep, Graciela Fern\u00e1ndez Meijide, luego de haber apoyado la prisi\u00f3n domiciliaria del genocida Astiz. Hebe de Bonafini, titular de la Asociaci\u00f3n de Madres de Plaza de Mayo, sali\u00f3\u2026","rel":"","context":"En \u00abSociedad\u00bb","block_context":{"text":"Sociedad","link":"http:\/\/www.24baires.com\/?cat=1"},"img":{"alt_text":"","src":"https:\/\/i0.wp.com\/www.24baires.com\/wp-content\/uploads\/2018\/03\/bonafini-meijide.jpg?resize=350%2C200","width":350,"height":200,"srcset":"https:\/\/i0.wp.com\/www.24baires.com\/wp-content\/uploads\/2018\/03\/bonafini-meijide.jpg?resize=350%2C200 1x, https:\/\/i0.wp.com\/www.24baires.com\/wp-content\/uploads\/2018\/03\/bonafini-meijide.jpg?resize=525%2C300 1.5x"},"classes":[]},{"id":63538,"url":"http:\/\/www.24baires.com\/?p=63538","url_meta":{"origin":61967,"position":3},"title":"Hebe quiere a Cristina como gobernadora porque \u00abla Provincia est\u00e1 hecha moco\u00bb","author":"GB","date":"24\/03\/2015","format":false,"excerpt":"La titular de la asociaci\u00f3n Madres de Plaza de Mayo acus\u00f3 a Scioli de haber apoyado la \u00faltima dictadura. La titular de la asociaci\u00f3n Madres de Plaza de Mayo, Hebe de Bonafini, acus\u00f3 este martes al gobernador bonaerense, Daniel Scioli, de apoyar la \u00faltima dictadura y pidi\u00f3 que la presidenta\u2026","rel":"","context":"En \u00abPol\u00edtica\u00bb","block_context":{"text":"Pol\u00edtica","link":"http:\/\/www.24baires.com\/?cat=51"},"img":{"alt_text":"hebe-de-bonafini","src":"https:\/\/i0.wp.com\/www.24baires.com\/wp-content\/uploads\/2014\/01\/hebe-de-bonafini.jpg?resize=350%2C200","width":350,"height":200,"srcset":"https:\/\/i0.wp.com\/www.24baires.com\/wp-content\/uploads\/2014\/01\/hebe-de-bonafini.jpg?resize=350%2C200 1x, https:\/\/i0.wp.com\/www.24baires.com\/wp-content\/uploads\/2014\/01\/hebe-de-bonafini.jpg?resize=525%2C300 1.5x"},"classes":[]},{"id":119564,"url":"http:\/\/www.24baires.com\/?p=119564","url_meta":{"origin":61967,"position":4},"title":"Muri\u00f3 a los 93 a\u00f1os Hebe de Bonafini, presidenta de Madres de Plaza de Ma","author":"GB","date":"20\/11\/2022","format":false,"excerpt":"La presidenta de Madres de Plaza de Mayo, Hebe de Bonafini, falleci\u00f3 hoy a los 93 a\u00f1os en el Hospital Italiano de La Plata Hebe de Bonafini muri\u00f3 hoy a los 93 a\u00f1os. La presidenta de Madres de Plaza de Mayo hab\u00eda sido dada de alta el 13 de octubre,\u2026","rel":"","context":"En \u00abSociedad\u00bb","block_context":{"text":"Sociedad","link":"http:\/\/www.24baires.com\/?cat=1"},"img":{"alt_text":"","src":"https:\/\/i0.wp.com\/www.24baires.com\/wp-content\/uploads\/2014\/01\/hebe-de-bonafini.jpg?resize=350%2C200","width":350,"height":200,"srcset":"https:\/\/i0.wp.com\/www.24baires.com\/wp-content\/uploads\/2014\/01\/hebe-de-bonafini.jpg?resize=350%2C200 1x, https:\/\/i0.wp.com\/www.24baires.com\/wp-content\/uploads\/2014\/01\/hebe-de-bonafini.jpg?resize=525%2C300 1.5x, https:\/\/i0.wp.com\/www.24baires.com\/wp-content\/uploads\/2014\/01\/hebe-de-bonafini.jpg?resize=700%2C400 2x"},"classes":[]},{"id":86173,"url":"http:\/\/www.24baires.com\/?p=86173","url_meta":{"origin":61967,"position":5},"title":"Madres de Plaza de Mayo realizan su ronda n\u00famero 2 mil","author":"GB","date":"11\/08\/2016","format":false,"excerpt":"Tal como hacen desde 1977, las Madres girar\u00e1n hoy por vez n\u00famero 2000 alrededor de la Pir\u00e1mide de Mayo, en un emblem\u00e1tico reclamo que comenz\u00f3 cuando la \u00faltima dictadura desapareci\u00f3 a sus hijos. La ronda se da a una semana del intento de detenci\u00f3n de la titular de Madres de\u2026","rel":"","context":"En \u00abSociedad\u00bb","block_context":{"text":"Sociedad","link":"http:\/\/www.24baires.com\/?cat=1"},"img":{"alt_text":"casa rosada madres","src":"https:\/\/i0.wp.com\/www.24baires.com\/wp-content\/uploads\/2016\/03\/casa-rosada-madres.jpg?resize=350%2C200","width":350,"height":200,"srcset":"https:\/\/i0.wp.com\/www.24baires.com\/wp-content\/uploads\/2016\/03\/casa-rosada-madres.jpg?resize=350%2C200 1x, https:\/\/i0.wp.com\/www.24baires.com\/wp-content\/uploads\/2016\/03\/casa-rosada-madres.jpg?resize=525%2C300 1.5x"},"classes":[]}],"jetpack_sharing_enabled":true,"jetpack_likes_enabled":true,"jetpack_featured_media_url":"","_links":{"self":[{"href":"http:\/\/www.24baires.com\/index.php?rest_route=\/wp\/v2\/posts\/61967","targetHints":{"allow":["GET"]}}],"collection":[{"href":"http:\/\/www.24baires.com\/index.php?rest_route=\/wp\/v2\/posts"}],"about":[{"href":"http:\/\/www.24baires.com\/index.php?rest_route=\/wp\/v2\/types\/post"}],"author":[{"embeddable":true,"href":"http:\/\/www.24baires.com\/index.php?rest_route=\/wp\/v2\/users\/4"}],"replies":[{"embeddable":true,"href":"http:\/\/www.24baires.com\/index.php?rest_route=%2Fwp%2Fv2%2Fcomments&post=61967"}],"version-history":[{"count":1,"href":"http:\/\/www.24baires.com\/index.php?rest_route=\/wp\/v2\/posts\/61967\/revisions"}],"predecessor-version":[{"id":61968,"href":"http:\/\/www.24baires.com\/index.php?rest_route=\/wp\/v2\/posts\/61967\/revisions\/61968"}],"wp:attachment":[{"href":"http:\/\/www.24baires.com\/index.php?rest_route=%2Fwp%2Fv2%2Fmedia&parent=61967"}],"wp:term":[{"taxonomy":"category","embeddable":true,"href":"http:\/\/www.24baires.com\/index.php?rest_route=%2Fwp%2Fv2%2Fcategories&post=61967"},{"taxonomy":"post_tag","embeddable":true,"href":"http:\/\/www.24baires.com\/index.php?rest_route=%2Fwp%2Fv2%2Ftags&post=61967"}],"curies":[{"name":"wp","href":"https:\/\/api.w.org\/{rel}","templated":true}]}}