{"id":61954,"date":"2015-02-19T10:00:56","date_gmt":"2015-02-19T13:00:56","guid":{"rendered":"http:\/\/www.24baires.com\/?p=61954"},"modified":"2015-02-20T07:41:32","modified_gmt":"2015-02-20T10:41:32","slug":"capitanich-la-justicia-no-es-independiente-de-las-corporaciones","status":"publish","type":"post","link":"http:\/\/www.24baires.com\/?p=61954","title":{"rendered":"Capitanich: \u00abLa Justicia no es independiente de las corporaciones\u00bb"},"content":{"rendered":"<p><img data-recalc-dims=\"1\" loading=\"lazy\" decoding=\"async\" class=\"aligncenter size-full wp-image-53421\" src=\"https:\/\/i0.wp.com\/www.24baires.com\/wp-content\/uploads\/2014\/09\/capitanich-4.jpg?resize=560%2C313\" alt=\"capitanich 4\" width=\"560\" height=\"313\" srcset=\"https:\/\/i0.wp.com\/www.24baires.com\/wp-content\/uploads\/2014\/09\/capitanich-4.jpg?w=560 560w, https:\/\/i0.wp.com\/www.24baires.com\/wp-content\/uploads\/2014\/09\/capitanich-4.jpg?resize=300%2C167 300w\" sizes=\"auto, (max-width: 560px) 100vw, 560px\" \/>El jefe de Gabinete afirm\u00f3 hoy que la justicia en Argentina \u00abes independiente del poder pol\u00edtico, pero no es independiente de las corporaciones que influyen de modo directo e indirecto para perturbar el funcionamiento normal de las instituciones\u00bb.<!--more--><\/p>\n<p>El jefe de Gabinete, Jorge Capitanich, respald\u00f3 hoy el derecho del pueblo argentino \u201ca manifestarse por la causa que quiera\u201d, pero cuestion\u00f3 que la llamada \u201cmarcha del silencio\u201d que se realiz\u00f3 ayer en nombre del fallecido fiscal Alberto Nisman, haya perseguido en realidad \u201cintereses pol\u00edticos\u201d y se haya agraviado la \u201cinvestidura de la Presidenta de la Naci\u00f3n\u201d, Cristina Fern\u00e1ndez de Kirchner, por lo que consider\u00f3 que se trat\u00f3 de una \u00abmarcha opositora\u00bb.<\/p>\n<p>\u201cM\u00e1s all\u00e1 de la cantidad de personas en la marcha, el pueblo argentino tiene todo el derecho de manifestarse por la causa que quiera. Nosotros compartimos muchas veces los m\u00f3viles, pero esta marcha del silencio conten\u00eda carteles contrarios al gobierno, por lo tanto se identifica al silencio con una marcha opositora\u201d, dijo Capitanich en su habitual rueda de prensa matutina en Casa de Gobierno.<\/p>\n<p>Capitanich se refer\u00eda as\u00ed a la llamada \u201cmarcha del silencio\u201d que fue convocada ayer por un grupo de fiscales en homenaje al fallecido fiscal especial de la causa Amia, Alberto Nisman.<\/p>\n<p>\u00abSomos respetuosos de todas las movilizaciones de car\u00e1cter social y entendemos que en Argentina se vive en Estado de derecho, lo cual permite la libertad de reuni\u00f3n, de expresi\u00f3n y de asociaci\u00f3n\u00bb, dijo Capitanich.<\/p>\n<p>Sin embargo, dej\u00f3 en claro que en la marcha de ayer hubo \u201cexpresiones fuertemente agresivas a la investidura de la Presidenta de la Naci\u00f3n\u201d, por lo que consider\u00f3 que se trat\u00f3 de una manifestaci\u00f3n que persegu\u00eda \u201cun inter\u00e9s pol\u00edtico\u201d.<\/p>\n<p>\u201cSe trat\u00f3 de una marcha opositora, que ha potenciado el silencio con expresiones agraviantes hacia la Presidenta de la Naci\u00f3n\u201d, sentenci\u00f3 el Jefe de Gabinete.<\/p>\n<p>Durante su intercambio con los periodistas acreditados en Casa de Gobierno, Capitanich tambi\u00e9n se refiri\u00f3 al Poder Judicial, ya que fue un sector convocante de esta marcha, y apunt\u00f3 que si bien la Justicia en Argentina \u201ces independiente del poder pol\u00edtico\u201d, \u201cno es independiente de las corporaciones, que influyen de modo directo e indirecto para perturbar el funcionamiento normal de las instituciones de la Rep\u00fablica, intentando soslayar la voluntad popular\u00bb.<\/p>\n<p>En este marco, Capitanich consider\u00f3 que deber\u00edan realizarse movilizaciones para que el Poder Judicial \u00absea aut\u00f3nomo e independiente de las corporaciones\u00bb.<\/p>\n<p>\u00abSi el Poder Judicial tiene el mayor presupuesto de la historia, si no pagan impuesto a las Ganancias, si gozan de 45 d\u00edas vacaciones, y si son permeables a intereses corporativos, la movilizaci\u00f3n debe hacerse para que efectivamente el Poder Judicial sea aut\u00f3nomo e independiente de las corporaciones, para que ning\u00fan fiscal sea empleado de la corporaci\u00f3n, para que ning\u00fan juez falle a favor de intereses corporativos y que sea capaz de investigar la fuga de capitales, los delitos econ\u00f3micos que da\u00f1an las entra\u00f1as mismas de la Rep\u00fablica\u00bb, dijo Capitanich.<\/p>\n<p>Adem\u00e1s, el jefe de Gabinete record\u00f3 que los fiscales y jueces \u201ctienen la verdad en sus manos\u00bb porque \u00abson responsables del esclarecimiento de los atentados a la embajada de Israel y a la mutual jud\u00eda de la AMIA\u00bb, y reiter\u00f3 que el Gobierno y los argentinos quieren \u00abque se sepa la verdad\u00bb sobre los cr\u00edmenes.<\/p>\n<p>\u201cEs importante que los fiscales y jueces puedan expresarse\u00bb, afirm\u00f3 el jefe de Ministros, al tiempo que se\u00f1al\u00f3 que tambi\u00e9n \u00abes importante que puedan generar las condiciones para el esclarecimiento de los hechos\u00bb.<\/p>\n<p>\u00abEl Poder Judicial debe resolver los problemas derivados de las causas por los atentados a la embajada de Israel y en la AMIA. El mundo quiere saber quienes fueron los autores de esos cr\u00edmenes horrendos\u00bb, reclam\u00f3 Capitanich.<\/p>\n<p>&nbsp;<\/p>\n","protected":false},"excerpt":{"rendered":"<p>El jefe de Gabinete afirm\u00f3 hoy que la justicia en Argentina \u00abes independiente del poder pol\u00edtico, pero no es independiente de las corporaciones que influyen de modo directo e indirecto para perturbar el funcionamiento normal de las instituciones\u00bb.<\/p>\n","protected":false},"author":4,"featured_media":0,"comment_status":"open","ping_status":"open","sticky":false,"template":"","format":"standard","meta":{"_jetpack_newsletter_access":"","_jetpack_dont_email_post_to_subs":false,"_jetpack_newsletter_tier_id":0,"_jetpack_memberships_contains_paywalled_content":false,"_jetpack_memberships_contains_paid_content":false,"footnotes":""},"categories":[51],"tags":[],"class_list":["post-61954","post","type-post","status-publish","format-standard","hentry","category-politica"],"jetpack_shortlink":"https:\/\/wp.me\/p2JWE0-g7g","jetpack-related-posts":[{"id":61882,"url":"http:\/\/www.24baires.com\/?p=61882","url_meta":{"origin":61954,"position":0},"title":"Capitanich: \u201cLa Justicia argentina busca la desestabilizaci\u00f3n pol\u00edtica\u201d","author":"AF","date":"18\/02\/2015","format":false,"excerpt":"El jefe de Gabinete, Jorge Capitanich, afirm\u00f3 adem\u00e1s que \"la justicia argentina s\u00f3lo funciona sobre una estrategia corporativa\u201d y que \u201ces \"absolutamente dependiente del poder econ\u00f3mico y concentrado\". \"La justicia argentina solo funciona sobre una estrategia corporativa, que tiende a la desestabilizaci\u00f3n desde el punto de vista pol\u00edtico, con otra\u2026","rel":"","context":"En \u00abPol\u00edtica\u00bb","block_context":{"text":"Pol\u00edtica","link":"http:\/\/www.24baires.com\/?cat=51"},"img":{"alt_text":"capitanich 4","src":"https:\/\/i0.wp.com\/www.24baires.com\/wp-content\/uploads\/2014\/09\/capitanich-4.jpg?resize=350%2C200","width":350,"height":200,"srcset":"https:\/\/i0.wp.com\/www.24baires.com\/wp-content\/uploads\/2014\/09\/capitanich-4.jpg?resize=350%2C200 1x, https:\/\/i0.wp.com\/www.24baires.com\/wp-content\/uploads\/2014\/09\/capitanich-4.jpg?resize=525%2C300 1.5x"},"classes":[]},{"id":62183,"url":"http:\/\/www.24baires.com\/?p=62183","url_meta":{"origin":61954,"position":1},"title":"Capitanich: \u00abLa Asociaci\u00f3n de Magistrados no es un organismo independiente\u00bb","author":"AF","date":"24\/02\/2015","format":false,"excerpt":"El jefe de Gabinete, Jorge Capitanich, asever\u00f3 hoy que tiene su \"basamento en la presi\u00f3n corporativa\". Por otro lado, destac\u00f3 el trabajo coordinado con el gobierno de Chubut para sofocar el incendio en la localidad de Cholila. El jefe de Gabinete, Jorge Capitanich, advirti\u00f3 hoy sobre la existencia de una\u2026","rel":"","context":"En \u00abPol\u00edtica\u00bb","block_context":{"text":"Pol\u00edtica","link":"http:\/\/www.24baires.com\/?cat=51"},"img":{"alt_text":"capitanich","src":"https:\/\/i0.wp.com\/www.24baires.com\/wp-content\/uploads\/2014\/09\/capitanich1.jpg?resize=350%2C200","width":350,"height":200,"srcset":"https:\/\/i0.wp.com\/www.24baires.com\/wp-content\/uploads\/2014\/09\/capitanich1.jpg?resize=350%2C200 1x, https:\/\/i0.wp.com\/www.24baires.com\/wp-content\/uploads\/2014\/09\/capitanich1.jpg?resize=525%2C300 1.5x"},"classes":[]},{"id":53182,"url":"http:\/\/www.24baires.com\/?p=53182","url_meta":{"origin":61954,"position":2},"title":"Unidos y Organizados, en un masivo acto en apoyo a Cristina","author":"Grupo Sierra","date":"06\/09\/2014","format":false,"excerpt":"LA PLATA- El Jefe de Gabinete de Ministros, Jorge Capitanich, asegur\u00f3 en el encuentro que \"la democracia es defender el poder del pueblo por sobre el de las corporaciones, porque, o gobierna la democracia a trav\u00e9s del voto popular o las corporaciones con el manejo de la econom\u00eda\". \"El poder\u2026","rel":"","context":"En \u00abPol\u00edtica\u00bb","block_context":{"text":"Pol\u00edtica","link":"http:\/\/www.24baires.com\/?cat=51"},"img":{"alt_text":"","src":"https:\/\/i0.wp.com\/www.24baires.com\/wp-content\/uploads\/2014\/09\/capitanich.jpg?resize=350%2C200","width":350,"height":200,"srcset":"https:\/\/i0.wp.com\/www.24baires.com\/wp-content\/uploads\/2014\/09\/capitanich.jpg?resize=350%2C200 1x, https:\/\/i0.wp.com\/www.24baires.com\/wp-content\/uploads\/2014\/09\/capitanich.jpg?resize=525%2C300 1.5x"},"classes":[]},{"id":61457,"url":"http:\/\/www.24baires.com\/?p=61457","url_meta":{"origin":61954,"position":3},"title":"Capitanich cuestiona a la Justicia por no avanzar en la causa por las cuentas no declaradas","author":"AF","date":"09\/02\/2015","format":false,"excerpt":"El jefe de Gabinete, Jorge Capitanich, reclam\u00f3 hoy que se avance en la investigaci\u00f3n de las m\u00e1s de 4.000 cuentas de argentinos en el banco HSBC en el pa\u00eds europeo. El jefe de Gabinete, Jorge Capitanich, reclam\u00f3 hoy a la Justicia avanzar en la causa que investiga las m\u00e1s de\u2026","rel":"","context":"En \u00abEconom\u00eda\u00bb","block_context":{"text":"Econom\u00eda","link":"http:\/\/www.24baires.com\/?cat=45"},"img":{"alt_text":"capitanich","src":"https:\/\/i0.wp.com\/www.24baires.com\/wp-content\/uploads\/2014\/09\/capitanich1.jpg?resize=350%2C200","width":350,"height":200,"srcset":"https:\/\/i0.wp.com\/www.24baires.com\/wp-content\/uploads\/2014\/09\/capitanich1.jpg?resize=350%2C200 1x, https:\/\/i0.wp.com\/www.24baires.com\/wp-content\/uploads\/2014\/09\/capitanich1.jpg?resize=525%2C300 1.5x"},"classes":[]},{"id":117553,"url":"http:\/\/www.24baires.com\/?p=117553","url_meta":{"origin":61954,"position":4},"title":"Cafiero: \u00abMientras los argentinos se arriesgan, otros aprovechan sus privilegios en Miami\u00bb","author":"AF","date":"11\/05\/2021","format":false,"excerpt":"El Jefe de Gabinete critic\u00f3 de este modo al ex presidente Mauricio Macri al poner en marcha una planta de tratamiento de residuos cloacales que cost\u00f3 79,6 millones de d\u00f3lares en Chaco. El jefe de Gabinete de Ministros, Santiago Cafiero, asegur\u00f3 este martes que \"mientras los argentinos se arriesgan combatiendo\u2026","rel":"","context":"En \u00abSociedad\u00bb","block_context":{"text":"Sociedad","link":"http:\/\/www.24baires.com\/?cat=1"},"img":{"alt_text":"","src":"https:\/\/i0.wp.com\/www.24baires.com\/wp-content\/uploads\/2021\/05\/609ace614d0e9_1004x565.jpg?resize=350%2C200","width":350,"height":200,"srcset":"https:\/\/i0.wp.com\/www.24baires.com\/wp-content\/uploads\/2021\/05\/609ace614d0e9_1004x565.jpg?resize=350%2C200 1x, https:\/\/i0.wp.com\/www.24baires.com\/wp-content\/uploads\/2021\/05\/609ace614d0e9_1004x565.jpg?resize=525%2C300 1.5x"},"classes":[]},{"id":61526,"url":"http:\/\/www.24baires.com\/?p=61526","url_meta":{"origin":61954,"position":5},"title":"Capitanich: \u00abEl gran problema end\u00e9mico en Argentina es la fuga de capitales y la evasi\u00f3n\u00bb","author":"AF","date":"10\/02\/2015","format":false,"excerpt":"El jefe de Gabinete volvi\u00f3 a reclamar a la Justicia avanzar en la causa que investiga las m\u00e1s de 4.000 cuentas no declaradas de argentinos en la sucursal de Suiza del banco HSBC. El jefe de Gabinete, Jorge Capitanich, afirm\u00f3 hoy que \"el gran problema end\u00e9mico\" de la Argentina \"es\u2026","rel":"","context":"En \u00abPol\u00edtica\u00bb","block_context":{"text":"Pol\u00edtica","link":"http:\/\/www.24baires.com\/?cat=51"},"img":{"alt_text":"capitanich 4","src":"https:\/\/i0.wp.com\/www.24baires.com\/wp-content\/uploads\/2014\/09\/capitanich-4.jpg?resize=350%2C200","width":350,"height":200,"srcset":"https:\/\/i0.wp.com\/www.24baires.com\/wp-content\/uploads\/2014\/09\/capitanich-4.jpg?resize=350%2C200 1x, https:\/\/i0.wp.com\/www.24baires.com\/wp-content\/uploads\/2014\/09\/capitanich-4.jpg?resize=525%2C300 1.5x"},"classes":[]}],"jetpack_sharing_enabled":true,"jetpack_likes_enabled":true,"jetpack_featured_media_url":"","_links":{"self":[{"href":"http:\/\/www.24baires.com\/index.php?rest_route=\/wp\/v2\/posts\/61954","targetHints":{"allow":["GET"]}}],"collection":[{"href":"http:\/\/www.24baires.com\/index.php?rest_route=\/wp\/v2\/posts"}],"about":[{"href":"http:\/\/www.24baires.com\/index.php?rest_route=\/wp\/v2\/types\/post"}],"author":[{"embeddable":true,"href":"http:\/\/www.24baires.com\/index.php?rest_route=\/wp\/v2\/users\/4"}],"replies":[{"embeddable":true,"href":"http:\/\/www.24baires.com\/index.php?rest_route=%2Fwp%2Fv2%2Fcomments&post=61954"}],"version-history":[{"count":1,"href":"http:\/\/www.24baires.com\/index.php?rest_route=\/wp\/v2\/posts\/61954\/revisions"}],"predecessor-version":[{"id":61955,"href":"http:\/\/www.24baires.com\/index.php?rest_route=\/wp\/v2\/posts\/61954\/revisions\/61955"}],"wp:attachment":[{"href":"http:\/\/www.24baires.com\/index.php?rest_route=%2Fwp%2Fv2%2Fmedia&parent=61954"}],"wp:term":[{"taxonomy":"category","embeddable":true,"href":"http:\/\/www.24baires.com\/index.php?rest_route=%2Fwp%2Fv2%2Fcategories&post=61954"},{"taxonomy":"post_tag","embeddable":true,"href":"http:\/\/www.24baires.com\/index.php?rest_route=%2Fwp%2Fv2%2Ftags&post=61954"}],"curies":[{"name":"wp","href":"https:\/\/api.w.org\/{rel}","templated":true}]}}