{"id":61926,"date":"2015-02-18T19:10:09","date_gmt":"2015-02-18T22:10:09","guid":{"rendered":"http:\/\/www.24baires.com\/?p=61926"},"modified":"2015-02-18T19:23:36","modified_gmt":"2015-02-18T22:23:36","slug":"a-la-casa-rosada-se-llega-a-traves-de-los-votos-o-yendo-a-las-visitas-guiadas","status":"publish","type":"post","link":"http:\/\/www.24baires.com\/?p=61926","title":{"rendered":"\u00abA la Casa Rosada se llega a trav\u00e9s de los votos o yendo a las visitas guiadas\u00bb"},"content":{"rendered":"<p><img data-recalc-dims=\"1\" loading=\"lazy\" decoding=\"async\" class=\"aligncenter size-full wp-image-61927\" src=\"https:\/\/i0.wp.com\/www.24baires.com\/wp-content\/uploads\/2015\/02\/rossi-cristina.jpg?resize=560%2C314\" alt=\"rossi cristina\" width=\"560\" height=\"314\" srcset=\"https:\/\/i0.wp.com\/www.24baires.com\/wp-content\/uploads\/2015\/02\/rossi-cristina.jpg?w=560 560w, https:\/\/i0.wp.com\/www.24baires.com\/wp-content\/uploads\/2015\/02\/rossi-cristina.jpg?resize=300%2C168 300w\" sizes=\"auto, (max-width: 560px) 100vw, 560px\" \/>El ministro de Defensa y candidato presidencial, Agust\u00edn Rossi, cuestion\u00f3 a los sectores opositores que participan de la Marcha del 18F. <!--more--><\/p>\n<p>\u201cLa oposici\u00f3n, de la que la corporaci\u00f3n judicial forma parte, utiliza la tr\u00e1gica muerte de Nisman para posicionarse pol\u00edtica y electoralmente, pero tambi\u00e9n, para generar desgaste en torno a la figura de la Presidenta de la Naci\u00f3n\u201d, a\u00f1adi\u00f3 Rossi. En ese sentido, enfatiz\u00f3: \u201cSeguramente les molesta que Cristina cuente con un enorme apoyo popular\u201d.<\/p>\n<p>\u201cHay ciudadanos que genuinamente entienden que la mejor forma de hacerle un homenaje p\u00f3stumo a Nisman es participar de la marcha, pero alrededor de eso se ha posicionado el c\u00edrculo rojo, que va a intentar que sea una marcha de claro posicionamiento opositor. Y agreg\u00f3: \u201cEl grupo de fiscales convocantes participan del operativo de intento de desgaste institucional al Gobierno nacional, porque son parte de ese dispositivo\u201d.<\/p>\n<p>&nbsp;<\/p>\n<p>&nbsp;<\/p>\n<p>&nbsp;<\/p>\n","protected":false},"excerpt":{"rendered":"<p>El ministro de Defensa y candidato presidencial, Agust\u00edn Rossi, cuestion\u00f3 a los sectores opositores que participan de la Marcha del 18F.<\/p>\n","protected":false},"author":11,"featured_media":0,"comment_status":"open","ping_status":"open","sticky":false,"template":"","format":"standard","meta":{"_jetpack_newsletter_access":"","_jetpack_dont_email_post_to_subs":false,"_jetpack_newsletter_tier_id":0,"_jetpack_memberships_contains_paywalled_content":false,"_jetpack_memberships_contains_paid_content":false,"footnotes":""},"categories":[51],"tags":[],"class_list":["post-61926","post","type-post","status-publish","format-standard","hentry","category-politica"],"jetpack_shortlink":"https:\/\/wp.me\/p2JWE0-g6O","jetpack-related-posts":[{"id":61363,"url":"http:\/\/www.24baires.com\/?p=61363","url_meta":{"origin":61926,"position":0},"title":"Para Rossi \u00abla marcha de Nisman se puede convertir en un reclamo pol\u00edtico\u00bb","author":"Grupo Sierra","date":"06\/02\/2015","format":false,"excerpt":"El ministro de Defensa de la Naci\u00f3n dijo que \"en Argentina est\u00e1 garantizada la capacidad de que cada uno se exprese\", aunque le \"preocupa que se desvirt\u00fae el reclamo\". Rossi plante\u00f3 que \"m\u00e1s que una marcha para recordar la figura de Nisman, tiene un contenido claramente pol\u00edtico\", y que le\u2026","rel":"","context":"En \u00abSociedad\u00bb","block_context":{"text":"Sociedad","link":"http:\/\/www.24baires.com\/?cat=1"},"img":{"alt_text":"rossi","src":"https:\/\/i0.wp.com\/www.24baires.com\/wp-content\/uploads\/2014\/08\/rossi.jpg?resize=350%2C200","width":350,"height":200,"srcset":"https:\/\/i0.wp.com\/www.24baires.com\/wp-content\/uploads\/2014\/08\/rossi.jpg?resize=350%2C200 1x, https:\/\/i0.wp.com\/www.24baires.com\/wp-content\/uploads\/2014\/08\/rossi.jpg?resize=525%2C300 1.5x"},"classes":[]},{"id":61893,"url":"http:\/\/www.24baires.com\/?p=61893","url_meta":{"origin":61926,"position":1},"title":"Rossi: \u00abClar\u00edn y los fiscales que convocan a la marcha se quieren llevar puesta a Fein\u00bb","author":"AF","date":"18\/02\/2015","format":false,"excerpt":"El ministro de Defensa consider\u00f3 que los fiscales \"no tienen nada de independientes, son arietes de la oposici\u00f3n pol\u00edtica argentina\". En ese marco, el funcionario hizo menci\u00f3n al \"c\u00edrculo rojo\" y les dijo que \"los esperamos en las elecciones\". El ministro de Defensa, Agust\u00edn Rossi, dijo hoy que \"Clar\u00edn y\u2026","rel":"","context":"En \u00abPol\u00edtica\u00bb","block_context":{"text":"Pol\u00edtica","link":"http:\/\/www.24baires.com\/?cat=51"},"img":{"alt_text":"rossi","src":"https:\/\/i0.wp.com\/www.24baires.com\/wp-content\/uploads\/2015\/02\/rossi1.jpg?resize=350%2C200","width":350,"height":200,"srcset":"https:\/\/i0.wp.com\/www.24baires.com\/wp-content\/uploads\/2015\/02\/rossi1.jpg?resize=350%2C200 1x, https:\/\/i0.wp.com\/www.24baires.com\/wp-content\/uploads\/2015\/02\/rossi1.jpg?resize=525%2C300 1.5x"},"classes":[]},{"id":106442,"url":"http:\/\/www.24baires.com\/?p=106442","url_meta":{"origin":61926,"position":2},"title":"Lagomarsino, sobre Nisman: \u00abSigo pensando que se suicid\u00f3\u00bb","author":"AF","date":"18\/01\/2019","format":false,"excerpt":"\"Alberto me traicion\u00f3, me meti\u00f3 en una situaci\u00f3n para nada agradable. Pero a pesar de eso lo perdon\u00e9. Si tuvo que matarse con mi arma, lo perdono, le perdono que me haya metido en este problema\", resalt\u00f3 adem\u00e1s Diego Lagomarsino. Al cumplirse cuatro a\u00f1os de la muerte del fiscal Alberto\u2026","rel":"","context":"En \u00abSociedad\u00bb","block_context":{"text":"Sociedad","link":"http:\/\/www.24baires.com\/?cat=1"},"img":{"alt_text":"","src":"https:\/\/i0.wp.com\/www.24baires.com\/wp-content\/uploads\/2015\/01\/lagomarsino-11.jpg?resize=350%2C200","width":350,"height":200,"srcset":"https:\/\/i0.wp.com\/www.24baires.com\/wp-content\/uploads\/2015\/01\/lagomarsino-11.jpg?resize=350%2C200 1x, https:\/\/i0.wp.com\/www.24baires.com\/wp-content\/uploads\/2015\/01\/lagomarsino-11.jpg?resize=525%2C300 1.5x"},"classes":[]},{"id":102494,"url":"http:\/\/www.24baires.com\/?p=102494","url_meta":{"origin":61926,"position":3},"title":"La C\u00e1mara \u00abreflot\u00f3\u00bb la causa Nisman y asegura que se trat\u00f3 de un crimen","author":"AF","date":"01\/06\/2018","format":false,"excerpt":"Confirm\u00f3 que el ex juez Alberto Nisman fue asesinado. Agregaron que el motivo fue su denuncia contra Cristina Kirchner. Adem\u00e1s dejaron firme el procesamiento de Diego Lagomarsino. La C\u00e1mara Federal hizo su aparici\u00f3n en medio de la debacle econ\u00f3mica que enfrenta el gobierno de Mauricio Macri. Entre masivas manifestaciones en\u2026","rel":"","context":"En \u00abJUDICIALES\u00bb","block_context":{"text":"JUDICIALES","link":"http:\/\/www.24baires.com\/?cat=68"},"img":{"alt_text":"","src":"https:\/\/i0.wp.com\/www.24baires.com\/wp-content\/uploads\/2015\/07\/nisman.jpg?resize=350%2C200","width":350,"height":200,"srcset":"https:\/\/i0.wp.com\/www.24baires.com\/wp-content\/uploads\/2015\/07\/nisman.jpg?resize=350%2C200 1x, https:\/\/i0.wp.com\/www.24baires.com\/wp-content\/uploads\/2015\/07\/nisman.jpg?resize=525%2C300 1.5x"},"classes":[]},{"id":60557,"url":"http:\/\/www.24baires.com\/?p=60557","url_meta":{"origin":61926,"position":4},"title":"\u00abBancamos la gesti\u00f3n y exigimos el cese de la calumnia y la injuria\u00bb","author":"Grupo Sierra","date":"22\/01\/2015","format":false,"excerpt":"As\u00ed lo expres\u00f3 el presidente del Consejo Nacional del Partido Justicialista y gobernador de Jujuy, Eduardo Fellner, en el encuentro donde se analiz\u00f3 la muerte del fiscal de la causa AMIA. Adem\u00e1s, manifest\u00f3: \"Hemos estado debatiendo y conversando esta situaci\u00f3n para presentar una idea en com\u00fan a trav\u00e9s de un\u2026","rel":"","context":"En \u00abPol\u00edtica\u00bb","block_context":{"text":"Pol\u00edtica","link":"http:\/\/www.24baires.com\/?cat=51"},"img":{"alt_text":"","src":"https:\/\/i0.wp.com\/www.24baires.com\/wp-content\/uploads\/2015\/01\/pj.jpg?resize=350%2C200","width":350,"height":200,"srcset":"https:\/\/i0.wp.com\/www.24baires.com\/wp-content\/uploads\/2015\/01\/pj.jpg?resize=350%2C200 1x, https:\/\/i0.wp.com\/www.24baires.com\/wp-content\/uploads\/2015\/01\/pj.jpg?resize=525%2C300 1.5x"},"classes":[]},{"id":62675,"url":"http:\/\/www.24baires.com\/?p=62675","url_meta":{"origin":61926,"position":5},"title":"Piden que el fiscal Moldes se aparte de la investigaci\u00f3n de la denuncia de Nisman","author":"GB","date":"05\/03\/2015","format":false,"excerpt":"Familiares de v\u00edctimas del atentado, miembros de la Juscticia y del Parlamento expresaron su reclamo para que el fiscal, uno de los organizadorres de la marcha de 18F, se inhiba de participar en la causa. En \u00e1mbitos legisativos y tribunalicios, y entre los familiares de v\u00edctimas del atentado a la\u2026","rel":"","context":"En \u00abPol\u00edtica\u00bb","block_context":{"text":"Pol\u00edtica","link":"http:\/\/www.24baires.com\/?cat=51"},"img":{"alt_text":"fiscale marcha 18f","src":"https:\/\/i0.wp.com\/www.24baires.com\/wp-content\/uploads\/2015\/02\/fiscale-marcha-18f.jpg?resize=350%2C200","width":350,"height":200,"srcset":"https:\/\/i0.wp.com\/www.24baires.com\/wp-content\/uploads\/2015\/02\/fiscale-marcha-18f.jpg?resize=350%2C200 1x, https:\/\/i0.wp.com\/www.24baires.com\/wp-content\/uploads\/2015\/02\/fiscale-marcha-18f.jpg?resize=525%2C300 1.5x"},"classes":[]}],"jetpack_sharing_enabled":true,"jetpack_likes_enabled":true,"jetpack_featured_media_url":"","_links":{"self":[{"href":"http:\/\/www.24baires.com\/index.php?rest_route=\/wp\/v2\/posts\/61926","targetHints":{"allow":["GET"]}}],"collection":[{"href":"http:\/\/www.24baires.com\/index.php?rest_route=\/wp\/v2\/posts"}],"about":[{"href":"http:\/\/www.24baires.com\/index.php?rest_route=\/wp\/v2\/types\/post"}],"author":[{"embeddable":true,"href":"http:\/\/www.24baires.com\/index.php?rest_route=\/wp\/v2\/users\/11"}],"replies":[{"embeddable":true,"href":"http:\/\/www.24baires.com\/index.php?rest_route=%2Fwp%2Fv2%2Fcomments&post=61926"}],"version-history":[{"count":1,"href":"http:\/\/www.24baires.com\/index.php?rest_route=\/wp\/v2\/posts\/61926\/revisions"}],"predecessor-version":[{"id":61928,"href":"http:\/\/www.24baires.com\/index.php?rest_route=\/wp\/v2\/posts\/61926\/revisions\/61928"}],"wp:attachment":[{"href":"http:\/\/www.24baires.com\/index.php?rest_route=%2Fwp%2Fv2%2Fmedia&parent=61926"}],"wp:term":[{"taxonomy":"category","embeddable":true,"href":"http:\/\/www.24baires.com\/index.php?rest_route=%2Fwp%2Fv2%2Fcategories&post=61926"},{"taxonomy":"post_tag","embeddable":true,"href":"http:\/\/www.24baires.com\/index.php?rest_route=%2Fwp%2Fv2%2Ftags&post=61926"}],"curies":[{"name":"wp","href":"https:\/\/api.w.org\/{rel}","templated":true}]}}