{"id":61914,"date":"2015-02-18T16:36:45","date_gmt":"2015-02-18T19:36:45","guid":{"rendered":"http:\/\/www.24baires.com\/?p=61914"},"modified":"2015-02-18T16:36:43","modified_gmt":"2015-02-18T19:36:43","slug":"diputados-emitio-dictamen-sobre-la-reforma-a-la-ley-de-inteligencia","status":"publish","type":"post","link":"http:\/\/www.24baires.com\/?p=61914","title":{"rendered":"Diputados emiti\u00f3 dictamen sobre la reforma a la ley de Inteligencia"},"content":{"rendered":"<p><img data-recalc-dims=\"1\" loading=\"lazy\" decoding=\"async\" class=\"aligncenter size-full wp-image-54620\" src=\"https:\/\/i0.wp.com\/www.24baires.com\/wp-content\/uploads\/2014\/10\/c%C3%B3digo-civil-diputados-c%C3%A1mara.jpg?resize=560%2C373\" alt=\"c\u00f3digo civil diputados c\u00e1mara\" width=\"560\" height=\"373\" srcset=\"https:\/\/i0.wp.com\/www.24baires.com\/wp-content\/uploads\/2014\/10\/c%C3%B3digo-civil-diputados-c%C3%A1mara.jpg?w=560 560w, https:\/\/i0.wp.com\/www.24baires.com\/wp-content\/uploads\/2014\/10\/c%C3%B3digo-civil-diputados-c%C3%A1mara.jpg?resize=300%2C199 300w\" sizes=\"auto, (max-width: 560px) 100vw, 560px\" \/>El despacho de mayor\u00eda se firm\u00f3 en el \u00faltimo tramo de la reuni\u00f3n de comisiones que se extendi\u00f3 por espacio de cuatro horas. El proyecto se votar\u00e1 en una sesi\u00f3n especial el 25 de febrero pr\u00f3ximo.<!--more--><\/p>\n<p>El bloque de diputados del oficialismo, junto a bancadas aliadas, consigui\u00f3 emitir dictamen favorable al proyecto de reforma de la ley de Inteligencia en un plenario de comisiones que cont\u00f3 con la presencia del secretario de Inteligencia, Oscar Parrilli, y del secretario Legal y T\u00e9cnico de la Presidencia, Carlos Zannini, y buscar\u00e1 darle sanci\u00f3n definitiva en una sesi\u00f3n especial que se llevar\u00e1 a cabo el mi\u00e9rcoles pr\u00f3ximo.<\/p>\n<p>El despacho de mayor\u00eda se firm\u00f3 en el \u00faltimo tramo de la reuni\u00f3n de comisiones que se extendi\u00f3 por espacio de cuatro horas y que cont\u00f3 con la participaci\u00f3n de bancadas de la oposici\u00f3n -a diferencia de lo que sucedi\u00f3 el viernes pasado- como la Coalici\u00f3n C\u00edvica, Compromiso Federal, Unidad Popular, la bancada del radical disidente Eduardo Sant\u00edn, y el Frente de Trabajadores de Izquierda.<\/p>\n<p>En tanto, la mayor\u00eda de los diputados opositores que asistieron a la reuni\u00f3n anticiparon que presentar\u00e1n dict\u00e1menes de minor\u00eda rechazando este proyecto y se\u00f1alaron sus cr\u00edticas por el tr\u00e1mite r\u00e1pido que le imprim\u00eda el oficialismo para aprobar esta iniciativa clave para la democracia.<\/p>\n<p>De este modo, el oficialismo podr\u00e1 cumplir su objetivo de debatir esta ley que apunta a delimitar la funci\u00f3n de los agentes de la ex SIDE para evitar que puedan tener activa participaci\u00f3n como sucedi\u00f3 en el caso de la AMIA y transparentar los fondos reservados, en una sesi\u00f3n especial que impulsar\u00e1 la bancada del Frente para la Victoria para el pr\u00f3ximo mi\u00e9rcoles.<\/p>\n<p>El plenario de las comisiones de Asuntos Constitucionales, de Justicia, Seguridad Interior y de Legislaci\u00f3n Penal abri\u00f3 su deliberaci\u00f3n cerca de las 10.15 con la presencia de diputados del oficialismo y bancadas opositoras, aunque mantuvo su ausencia la principal fuerza opositora, la Uni\u00f3n C\u00edvica Radical.<\/p>\n<p>El centenario partido pol\u00edtico y sus actuales aliados, el PRO de Mauricio Macri, el Frente Renovador de Sergio Massa, y el Frente Amplio Progresista, reafirmaron su postura de no asistir al plenario ni a la sesi\u00f3n y ratificaron una audiencia publica el pr\u00f3ximo 25.<\/p>\n<p>De este modo, estas fuerzas pol\u00edticas no asistieron al plenario de comisiones -conducido por la bonaerense Diana Conti- donde los legisladores tuvieron la oportunidad de realizar preguntas sobre esta iniciativa al secretario de Inteligencia, Oscar Parrilli, el subsecretario Juan Mena, y al secretario Legal y T\u00e9cnico Carlos Zannini.<\/p>\n<p>Las autoridades del gobierno nacional reivindicaron esta iniciativa como una herramienta \u00abpara incrementar los valores democr\u00e1ticos\u00bb al sostener que los organismos de inteligencia tendr\u00e1n control pol\u00edtico debido a que esta era una deuda desde la restauraci\u00f3n democr\u00e1tica desde 1983.<\/p>\n<p>Parrilli se\u00f1al\u00f3 que \u00abes un avance cualitativo y trascendente para la democracia\u00bb al imponer m\u00e1s controles y transparencia sobre las funciones que tendr\u00e1n estos organismos.<\/p>\n<p>\u00abHemos mantenido la estructura de la ley de Inteligencia actual sobre los acuerdos pol\u00edticos alcanzados en el 2001, pero incluimos aspectos que har\u00e1n que podamos tener un manejo m\u00e1s transparente de los organismos\u00bb, agreg\u00f3.<\/p>\n<p>En ese contexto, Parrilli se\u00f1al\u00f3 que esta iniciativa aprobada la semana pasada por el Senado apunta a tener \u00abm\u00e1s control sobre los organismos de inteligencia\u00bb y dijo que era una reforma necesaria porque hubo agentes que \u00abtuvieron vida propia, m\u00e1s all\u00e1 de los intereses que tuviera el Estado por su seguridad nacional\u00bb.<\/p>\n<p>Zannini agradeci\u00f3 a los opositores que participaron del debate sobre las reformas a la ley de Inteligencia y asegur\u00f3 que esta iniciativa \u00abes un crecimiento de la democracia para tener el control de los organismos de inteligencia\u00bb.<\/p>\n<p>En esa l\u00ednea de pensamiento, Zannini dijo que este proyecto est\u00e1 vinculado \u00abal atentado de Amia y a la frustraci\u00f3n que tenemos de que la justicia no haya podido aclarar en 21 a\u00f1os este atentado\u00bb y sostuvo que \u00abno se estar\u00eda discutiendo esta ley si no hubiera un memor\u00e1ndum con Ir\u00e1n\u00bb.<\/p>\n<p>Dijo que como Argentina no tiene acuerdo de extradici\u00f3n con Ir\u00e1n debi\u00f3 recurrir a la firma del pacto con Ir\u00e1n para que se pueda avanzar en la declaraci\u00f3n de los acusados y es all\u00ed \u00abdonde nacen los miedos de algunos servicios que no pod\u00edan sostener en la justicia lo que estaba en el expediente\u00bb.<\/p>\n<p>Desde la oposici\u00f3n, Elisa Carri\u00f3, que particip\u00f3 en el inicio de la reuni\u00f3n, se\u00f1al\u00f3 que es crucial debatir una reforma de la ley de Inteligencia, aunque manfiest\u00f3 su rechazo al proyecto oficial porque los que \u00abhacen inteligencia manejan de hecho el poder en la Argentina; es el caso del criminal (Antonio) Stiuso, que no conozco\u00bb, dijo en referencia al ex esp\u00eda.<\/p>\n<p>El presidente de la bancada del interbloque del FIT, N\u00e9stor Pitrola, dijo que \u00abel Gobierno debe dar explicaciones ante una sesi\u00f3n p\u00fablica en el Congreso, en donde se den inmediata apertura de los archivos de Inteligencia, bajo supervisi\u00f3n de los organismos de derechos humanos y familiares de las v\u00edctimas, como un primer paso para esclarecer este crimen que encierra la muerte de Nisman, y tambi\u00e9n los atentados a la Embajada de Israel y la AMIA\u00bb.<\/p>\n<p>Por su parte, el presidente de Bloque Unidad Popular, Claudio Lozano, expres\u00f3 su rechazo al proyecto oficial de reforma de la actual Secretar\u00eda de Inteligencia, pidi\u00f3 la conformaci\u00f3n de una comisi\u00f3n investigadora y un debate m\u00e1s amplio \u00absin un tratamiento express\u00bb.<\/p>\n<p>El radical disidente Eduardo Sant\u00edn valor\u00f3 aspectos de los cambios introducidos por el Senado al texto enviado por el gobierno pero dijo que \u00abest\u00e1 lejos de ser el proyecto que queremos\u00bb.<\/p>\n<p>&nbsp;<\/p>\n<p>&nbsp;<\/p>\n<p>&nbsp;<\/p>\n<p>&nbsp;<\/p>\n<p>&nbsp;<\/p>\n<p>&nbsp;<\/p>\n<p>&nbsp;<\/p>\n<p>&nbsp;<\/p>\n<p>&nbsp;<\/p>\n<p>&nbsp;<\/p>\n<p>&nbsp;<\/p>\n<p>&nbsp;<\/p>\n","protected":false},"excerpt":{"rendered":"<p>El despacho de mayor\u00eda se firm\u00f3 en el \u00faltimo tramo de la reuni\u00f3n de comisiones que se extendi\u00f3 por espacio de cuatro horas. El proyecto se votar\u00e1 en una sesi\u00f3n especial el 25 de febrero pr\u00f3ximo.<\/p>\n","protected":false},"author":8,"featured_media":0,"comment_status":"open","ping_status":"open","sticky":false,"template":"","format":"standard","meta":{"_jetpack_newsletter_access":"","_jetpack_dont_email_post_to_subs":false,"_jetpack_newsletter_tier_id":0,"_jetpack_memberships_contains_paywalled_content":false,"_jetpack_memberships_contains_paid_content":false,"footnotes":""},"categories":[51],"tags":[],"class_list":["post-61914","post","type-post","status-publish","format-standard","hentry","category-politica"],"jetpack_shortlink":"https:\/\/wp.me\/p2JWE0-g6C","jetpack-related-posts":[{"id":120897,"url":"http:\/\/www.24baires.com\/?p=120897","url_meta":{"origin":61914,"position":0},"title":"El gobierno logr\u00f3 dictamen de Mayor\u00eda y la Ley Omnibus llegar\u00e1 al recinto","author":"GB","date":"24\/01\/2024","format":false,"excerpt":"El oficialismo tuvo el apoyo del PRO, la UCR y Hacemos Coalici\u00f3n Federal, que de todas maneras manifestaron algunas disidencias \"parciales\" al proyecto. Esta madrugada, el oficialismo de la C\u00e1mara de Diputados logr\u00f3 un dictamen de mayor\u00eda respaldado por bloques opositores dialoguistas para la Ley \u00d3mnibus. La iniciativa, que aborda\u2026","rel":"","context":"En \u00abPol\u00edtica\u00bb","block_context":{"text":"Pol\u00edtica","link":"http:\/\/www.24baires.com\/?cat=51"},"img":{"alt_text":"","src":"https:\/\/i0.wp.com\/www.24baires.com\/wp-content\/uploads\/2024\/01\/menem-recinto.jpeg?resize=350%2C200","width":350,"height":200,"srcset":"https:\/\/i0.wp.com\/www.24baires.com\/wp-content\/uploads\/2024\/01\/menem-recinto.jpeg?resize=350%2C200 1x, https:\/\/i0.wp.com\/www.24baires.com\/wp-content\/uploads\/2024\/01\/menem-recinto.jpeg?resize=525%2C300 1.5x, https:\/\/i0.wp.com\/www.24baires.com\/wp-content\/uploads\/2024\/01\/menem-recinto.jpeg?resize=700%2C400 2x"},"classes":[]},{"id":116851,"url":"http:\/\/www.24baires.com\/?p=116851","url_meta":{"origin":61914,"position":1},"title":"Diputados debate la legalizaci\u00f3n del aborto en una sesi\u00f3n marat\u00f3nica","author":"GB","date":"10\/12\/2020","format":false,"excerpt":"La C\u00e1mara de Diputados tratar\u00e1 este mi\u00e9rcoles los proyectos de legalizaci\u00f3n del aborto y del \"Plan de los 1000 d\u00edas\", los votar\u00eda el viernes y se esperan movilizaciones al Congreso desde temprano. La C\u00e1mara de Diputados encarar\u00e1 una sesi\u00f3n especial hist\u00f3rica para tratar el proyecto de legalizaci\u00f3n del aborto. Ser\u00e1\u2026","rel":"","context":"En \u00abPol\u00edtica\u00bb","block_context":{"text":"Pol\u00edtica","link":"http:\/\/www.24baires.com\/?cat=51"},"img":{"alt_text":"","src":"https:\/\/i0.wp.com\/www.24baires.com\/wp-content\/uploads\/2019\/02\/pa%C3%B1uelo-aborto.jpg?resize=350%2C200","width":350,"height":200,"srcset":"https:\/\/i0.wp.com\/www.24baires.com\/wp-content\/uploads\/2019\/02\/pa%C3%B1uelo-aborto.jpg?resize=350%2C200 1x, https:\/\/i0.wp.com\/www.24baires.com\/wp-content\/uploads\/2019\/02\/pa%C3%B1uelo-aborto.jpg?resize=525%2C300 1.5x"},"classes":[]},{"id":105069,"url":"http:\/\/www.24baires.com\/?p=105069","url_meta":{"origin":61914,"position":2},"title":"Gritos e insultos entre diputados por la firma del dictamen del Presupuesto","author":"AF","date":"23\/10\/2018","format":false,"excerpt":"Los opositores estallaron al enterarse de que el oficialismo hab\u00eda convocado a sesi\u00f3n especial para este mi\u00e9rcoles, a las 11, mientras segu\u00edan discutiendo en comisi\u00f3n el proyecto de Presupuesto. El debate del proyecto de ley de Presupuesto 2019 que se lleva a cabo en la Comisi\u00f3n de Presupuesto y Hacienda\u2026","rel":"","context":"En \u00abPol\u00edtica\u00bb","block_context":{"text":"Pol\u00edtica","link":"http:\/\/www.24baires.com\/?cat=51"},"img":{"alt_text":"","src":"https:\/\/i0.wp.com\/www.24baires.com\/wp-content\/uploads\/2018\/10\/DICTAMEN-PRESUPUESTO.jpg?resize=350%2C200","width":350,"height":200,"srcset":"https:\/\/i0.wp.com\/www.24baires.com\/wp-content\/uploads\/2018\/10\/DICTAMEN-PRESUPUESTO.jpg?resize=350%2C200 1x, https:\/\/i0.wp.com\/www.24baires.com\/wp-content\/uploads\/2018\/10\/DICTAMEN-PRESUPUESTO.jpg?resize=525%2C300 1.5x"},"classes":[]},{"id":118348,"url":"http:\/\/www.24baires.com\/?p=118348","url_meta":{"origin":61914,"position":3},"title":"Diputados debate este jueves el Presupuesto 2022","author":"GB","date":"16\/12\/2021","format":false,"excerpt":"La sesi\u00f3n est\u00e1 convocada para el mediod\u00eda y se espera que sea marat\u00f3nica. Frente de Todos consigui\u00f3 dictamen de mayor\u00eda sobre el proyecto de Presupuesto 2022, al reunir 25 de las 49 firmas de legisladores que integran la comisi\u00f3n de Presupuesto y Hacienda, por lo que este jueves al mediod\u00eda\u2026","rel":"","context":"En \u00abEconom\u00eda\u00bb","block_context":{"text":"Econom\u00eda","link":"http:\/\/www.24baires.com\/?cat=45"},"img":{"alt_text":"","src":"https:\/\/i0.wp.com\/www.24baires.com\/wp-content\/uploads\/2021\/10\/diputados-ley.jpg?resize=350%2C200","width":350,"height":200,"srcset":"https:\/\/i0.wp.com\/www.24baires.com\/wp-content\/uploads\/2021\/10\/diputados-ley.jpg?resize=350%2C200 1x, https:\/\/i0.wp.com\/www.24baires.com\/wp-content\/uploads\/2021\/10\/diputados-ley.jpg?resize=525%2C300 1.5x"},"classes":[]},{"id":121270,"url":"http:\/\/www.24baires.com\/?p=121270","url_meta":{"origin":61914,"position":4},"title":"Milei consigui\u00f3 dictamen para la reforma fiscal","author":"GB","date":"26\/04\/2024","format":false,"excerpt":"Con el respaldo del PRO y otros bloques minoritarios, el oficialismo consigui\u00f3 27 firmas para el proyecto que se tratar\u00e1 desde el lunes pr\u00f3ximo junto a la Ley \u00d3mnibus. Como se inform\u00f3, el oficialismo logr\u00f3 este jueves emitir dictamen de mayor\u00eda para el proyecto de Ley \u00d3mnibus y la iniciativa\u2026","rel":"","context":"En \u00abPol\u00edtica\u00bb","block_context":{"text":"Pol\u00edtica","link":"http:\/\/www.24baires.com\/?cat=51"},"img":{"alt_text":"","src":"https:\/\/i0.wp.com\/www.24baires.com\/wp-content\/uploads\/2024\/04\/dip.webp?resize=350%2C200","width":350,"height":200,"srcset":"https:\/\/i0.wp.com\/www.24baires.com\/wp-content\/uploads\/2024\/04\/dip.webp?resize=350%2C200 1x, https:\/\/i0.wp.com\/www.24baires.com\/wp-content\/uploads\/2024\/04\/dip.webp?resize=525%2C300 1.5x"},"classes":[]},{"id":117326,"url":"http:\/\/www.24baires.com\/?p=117326","url_meta":{"origin":61914,"position":5},"title":"Amplio respaldo en Diputados para la reforma de Ganancias","author":"AF","date":"18\/03\/2021","format":false,"excerpt":"La iniciativa obtuvo dictamen favorable en un plenario de comisiones y el oficialismo aspira a votar la iniciativa en una sesi\u00f3n especial la pr\u00f3xima semana. A partir de la modificaci\u00f3n en el impuesto habr\u00e1 m\u00e1s de 1,2 mill\u00f3n de trabajadores que estar\u00e1n exentos de pagar el tributo si cobran hasta\u2026","rel":"","context":"En \u00abPol\u00edtica\u00bb","block_context":{"text":"Pol\u00edtica","link":"http:\/\/www.24baires.com\/?cat=51"},"img":{"alt_text":"","src":"https:\/\/i0.wp.com\/www.24baires.com\/wp-content\/uploads\/2021\/03\/6048258225b66_1004x565.jpg?resize=350%2C200","width":350,"height":200,"srcset":"https:\/\/i0.wp.com\/www.24baires.com\/wp-content\/uploads\/2021\/03\/6048258225b66_1004x565.jpg?resize=350%2C200 1x, https:\/\/i0.wp.com\/www.24baires.com\/wp-content\/uploads\/2021\/03\/6048258225b66_1004x565.jpg?resize=525%2C300 1.5x"},"classes":[]}],"jetpack_sharing_enabled":true,"jetpack_likes_enabled":true,"jetpack_featured_media_url":"","_links":{"self":[{"href":"http:\/\/www.24baires.com\/index.php?rest_route=\/wp\/v2\/posts\/61914","targetHints":{"allow":["GET"]}}],"collection":[{"href":"http:\/\/www.24baires.com\/index.php?rest_route=\/wp\/v2\/posts"}],"about":[{"href":"http:\/\/www.24baires.com\/index.php?rest_route=\/wp\/v2\/types\/post"}],"author":[{"embeddable":true,"href":"http:\/\/www.24baires.com\/index.php?rest_route=\/wp\/v2\/users\/8"}],"replies":[{"embeddable":true,"href":"http:\/\/www.24baires.com\/index.php?rest_route=%2Fwp%2Fv2%2Fcomments&post=61914"}],"version-history":[{"count":1,"href":"http:\/\/www.24baires.com\/index.php?rest_route=\/wp\/v2\/posts\/61914\/revisions"}],"predecessor-version":[{"id":61915,"href":"http:\/\/www.24baires.com\/index.php?rest_route=\/wp\/v2\/posts\/61914\/revisions\/61915"}],"wp:attachment":[{"href":"http:\/\/www.24baires.com\/index.php?rest_route=%2Fwp%2Fv2%2Fmedia&parent=61914"}],"wp:term":[{"taxonomy":"category","embeddable":true,"href":"http:\/\/www.24baires.com\/index.php?rest_route=%2Fwp%2Fv2%2Fcategories&post=61914"},{"taxonomy":"post_tag","embeddable":true,"href":"http:\/\/www.24baires.com\/index.php?rest_route=%2Fwp%2Fv2%2Ftags&post=61914"}],"curies":[{"name":"wp","href":"https:\/\/api.w.org\/{rel}","templated":true}]}}