{"id":61898,"date":"2015-02-18T18:06:08","date_gmt":"2015-02-18T21:06:08","guid":{"rendered":"http:\/\/www.24baires.com\/?p=61898"},"modified":"2015-02-19T10:39:22","modified_gmt":"2015-02-19T13:39:22","slug":"estamos-ante-un-hito-historico-dijo-cristina-sobre-atucha-ii","status":"publish","type":"post","link":"http:\/\/www.24baires.com\/?p=61898","title":{"rendered":"\u00abEstamos ante un hito hist\u00f3rico\u00bb, dijo Cristina sobre Atucha II"},"content":{"rendered":"<p><img data-recalc-dims=\"1\" loading=\"lazy\" decoding=\"async\" class=\"aligncenter size-full wp-image-61899\" src=\"https:\/\/i0.wp.com\/www.24baires.com\/wp-content\/uploads\/2015\/02\/cristina-atucha.jpg?resize=560%2C313\" alt=\"cristina atucha\" width=\"560\" height=\"313\" srcset=\"https:\/\/i0.wp.com\/www.24baires.com\/wp-content\/uploads\/2015\/02\/cristina-atucha.jpg?w=560 560w, https:\/\/i0.wp.com\/www.24baires.com\/wp-content\/uploads\/2015\/02\/cristina-atucha.jpg?resize=300%2C168 300w\" sizes=\"auto, (max-width: 560px) 100vw, 560px\" \/><b>Z\u00c1RATE-<\/b>La Presidenta encabez\u00f3 la habilitaci\u00f3n de la generaci\u00f3n del ciento por ciento de la central bautizada N\u00e9stor Kirchner, en el marco de un acto en el que fue transmitido por cadena nacional.<!--more--><\/p>\n<p>La presidenta Cristina Fern\u00e1ndez de Kirchner destac\u00f3 hoy el plan nuclear lanzado por el ex presidente N\u00e9stor Kirchner en 2004, luego de d\u00e9cadas de par\u00e1lisis del sector, y se\u00f1al\u00f3 que esos \u00abson los hombres que quedan en la historia\u00bb.<\/p>\n<p>\u00abPer\u00f3n lanz\u00f3 Atucha I, una hoja despu\u00e9s de este libro, lo tienen a N\u00e9stor Kirchner lanzando nuevamente un plan nuclear para la Argentina. Estos son los hombres que quedan en la historia, los otros apenas se agotan en cinco minutos de televisi\u00f3n, o una p\u00e1gina de diario\u00bb, dijo Cristina desde la central nuclear, que ahora comenzar\u00e1 a producir energ\u00eda al tope de su capacidad.<\/p>\n<p>Y recalc\u00f3 que la Argentina \u00abno le pone bombas a nadie ni amenaza con misiles nucleares a nadie\u00bb, y dej\u00f3 en claro que el pa\u00eds \u00abes l\u00edder en no proliferaci\u00f3n nuclear\u00bb, al habilitar la generaci\u00f3n a pleno de la central nuclear N\u00e9stor Kirchner (Atucha II) en Z\u00e1rate.<\/p>\n<p>\u00abArgentina es l\u00edder entre los pa\u00edses que producen uranio enriquecido\u00bb, dijo Cristina. Y agreg\u00f3 que \u00abnuestra ciencia est\u00e1 dirigida a obras como \u00e9sta\u00bb, al referirse a la central nuclear que desde hoy funciona en su plenitud.<\/p>\n<p>&nbsp;<\/p>\n<p>&nbsp;<\/p>\n<p>&nbsp;<\/p>\n<p>&nbsp;<\/p>\n<p>&nbsp;<\/p>\n<p>&nbsp;<\/p>\n<p>&nbsp;<\/p>\n<p>&nbsp;<\/p>\n<p>&nbsp;<\/p>\n<p>&nbsp;<\/p>\n<p>&nbsp;<\/p>\n","protected":false},"excerpt":{"rendered":"<p>Z\u00c1RATE-La Presidenta encabez\u00f3 la habilitaci\u00f3n de la generaci\u00f3n del ciento por ciento de la central bautizada N\u00e9stor Kirchner, en el marco de un acto en el que fue transmitido por cadena nacional.<\/p>\n","protected":false},"author":8,"featured_media":0,"comment_status":"open","ping_status":"open","sticky":false,"template":"","format":"standard","meta":{"_jetpack_newsletter_access":"","_jetpack_dont_email_post_to_subs":false,"_jetpack_newsletter_tier_id":0,"_jetpack_memberships_contains_paywalled_content":false,"_jetpack_memberships_contains_paid_content":false,"footnotes":""},"categories":[51],"tags":[],"class_list":["post-61898","post","type-post","status-publish","format-standard","hentry","category-politica"],"jetpack_shortlink":"https:\/\/wp.me\/p2JWE0-g6m","jetpack-related-posts":[{"id":47116,"url":"http:\/\/www.24baires.com\/?p=47116","url_meta":{"origin":61898,"position":0},"title":"De Vido: \u00abEl sector nuclear est\u00e1 de pie y tiene futuro\u00bb","author":"AF","date":"31\/05\/2014","format":false,"excerpt":"El titular de Planificaci\u00f3n Federal realiz\u00f3 esa afirmaci\u00f3n al celebrarse el D\u00eda Nacional de la Energ\u00eda At\u00f3mica y al haberse aprobado esta semana el permiso de operaci\u00f3n en la ex central Atucha ll, bautizada con el nombre de \"N\u00e9stor Kirchner\". De Vido destac\u00f3 en una nota publicada en el diario\u2026","rel":"","context":"En \u00abSociedad\u00bb","block_context":{"text":"Sociedad","link":"http:\/\/www.24baires.com\/?cat=1"},"img":{"alt_text":"de vido2","src":"https:\/\/i0.wp.com\/www.24baires.com\/wp-content\/uploads\/2013\/12\/de-vido2.jpg?resize=350%2C200","width":350,"height":200,"srcset":"https:\/\/i0.wp.com\/www.24baires.com\/wp-content\/uploads\/2013\/12\/de-vido2.jpg?resize=350%2C200 1x, https:\/\/i0.wp.com\/www.24baires.com\/wp-content\/uploads\/2013\/12\/de-vido2.jpg?resize=525%2C300 1.5x"},"classes":[]},{"id":65714,"url":"http:\/\/www.24baires.com\/?p=65714","url_meta":{"origin":61898,"position":1},"title":"Cumple once a\u00f1os el Plan Energ\u00e9tico Nacional","author":"AF","date":"11\/05\/2015","format":false,"excerpt":"Fue lanzado un d\u00eda como hoy pero hace once a\u00f1os por el presidente N\u00e9stor Kirchner. Entre sus obras se cuentan la finalizaci\u00f3n de las paralizadas Yacyret\u00e1 y Atucha II, que permitieron apuntalar el crecimiento de la econom\u00eda que pr\u00e1cticamente se duplic\u00f3 en ese per\u00edodo. El plan lanzado durante el mandato\u2026","rel":"","context":"En \u00abEconom\u00eda\u00bb","block_context":{"text":"Econom\u00eda","link":"http:\/\/www.24baires.com\/?cat=45"},"img":{"alt_text":"","src":"","width":0,"height":0},"classes":[]},{"id":108392,"url":"http:\/\/www.24baires.com\/?p=108392","url_meta":{"origin":61898,"position":2},"title":"Alberto y Cristina Fern\u00e1ndez presentaron su candidatura en Merlo","author":"AF","date":"26\/05\/2019","format":false,"excerpt":"El precandidato a presidente se present\u00f3 con su candidata a vice, la ex mandataria Cristina Kirchner: \"Yo estuve en el laberinto de la crisis y se c\u00f3mo salir\", enfatiz\u00f3 Alberto. Alberto Fern\u00e1ndez present\u00f3 su f\u00f3rmula junto a Cristina Kirchner de cara a las elecciones presidenciales de octubre en la que\u2026","rel":"","context":"En \u00abPol\u00edtica\u00bb","block_context":{"text":"Pol\u00edtica","link":"http:\/\/www.24baires.com\/?cat=51"},"img":{"alt_text":"","src":"https:\/\/i0.wp.com\/www.24baires.com\/wp-content\/uploads\/2019\/05\/alberto-cristina-fernandez-merlo.jpg?resize=350%2C200","width":350,"height":200,"srcset":"https:\/\/i0.wp.com\/www.24baires.com\/wp-content\/uploads\/2019\/05\/alberto-cristina-fernandez-merlo.jpg?resize=350%2C200 1x, https:\/\/i0.wp.com\/www.24baires.com\/wp-content\/uploads\/2019\/05\/alberto-cristina-fernandez-merlo.jpg?resize=525%2C300 1.5x"},"classes":[]},{"id":112689,"url":"http:\/\/www.24baires.com\/?p=112689","url_meta":{"origin":61898,"position":3},"title":"Vot\u00f3 Alberto y record\u00f3 a N\u00e9stor: \u201cestoy seguro que me est\u00e1 ayudando\u00bb","author":"GB","date":"27\/10\/2019","format":false,"excerpt":"El candidato a presidente del Frente de Todos emitir\u00e1 su voto en la mesa 68 de la Universidad Cat\u00f3lica Argentina (UCA), en Puerto Madero. En la previa, record\u00f3 a N\u00e9stor Kirchner al cumplirse nueve a\u00f1os de su fallecimiento. El candidato a presidente del Frente de Todos, Alberto Fern\u00e1ndez, emiti\u00f3 su\u2026","rel":"","context":"En \u00abELECCIONES 2019\u00bb","block_context":{"text":"ELECCIONES 2019","link":"http:\/\/www.24baires.com\/?cat=329"},"img":{"alt_text":"","src":"https:\/\/i0.wp.com\/www.24baires.com\/wp-content\/uploads\/2019\/10\/alberto.jpg?resize=350%2C200","width":350,"height":200,"srcset":"https:\/\/i0.wp.com\/www.24baires.com\/wp-content\/uploads\/2019\/10\/alberto.jpg?resize=350%2C200 1x, https:\/\/i0.wp.com\/www.24baires.com\/wp-content\/uploads\/2019\/10\/alberto.jpg?resize=525%2C300 1.5x"},"classes":[]},{"id":107773,"url":"http:\/\/www.24baires.com\/?p=107773","url_meta":{"origin":61898,"position":4},"title":"CFK presentar\u00e1 su libro \u00abSinceramente\u00bb","author":"AF","date":"23\/04\/2019","format":false,"excerpt":"La expresidenta lanzar\u00e1 el 26 de abril un texto que no es \"autobiogr\u00e1fico, ni tampoco una enumeraci\u00f3n de logros personales o pol\u00edticos\". \"Mauricio Macri es el caos y por eso creo firmemente que hay que volver a ordenar la Argentina\", se puede leer en un adelanto. La presentaci\u00f3n ser\u00e1 el\u2026","rel":"","context":"En \u00abPol\u00edtica\u00bb","block_context":{"text":"Pol\u00edtica","link":"http:\/\/www.24baires.com\/?cat=51"},"img":{"alt_text":"","src":"https:\/\/i0.wp.com\/www.24baires.com\/wp-content\/uploads\/2019\/04\/libro-cfk.jpg?resize=350%2C200","width":350,"height":200,"srcset":"https:\/\/i0.wp.com\/www.24baires.com\/wp-content\/uploads\/2019\/04\/libro-cfk.jpg?resize=350%2C200 1x, https:\/\/i0.wp.com\/www.24baires.com\/wp-content\/uploads\/2019\/04\/libro-cfk.jpg?resize=525%2C300 1.5x"},"classes":[]},{"id":104150,"url":"http:\/\/www.24baires.com\/?p=104150","url_meta":{"origin":61898,"position":5},"title":"Bonadio orden\u00f3 devolverle los bastones presidenciales a Cristina","author":"AF","date":"28\/08\/2018","format":false,"excerpt":"Se secuestraron dentro de un centenar de objetos, en el Calafate. Ahora, el magistrado determin\u00f3 que regresen a manos de la ex Presidenta porque \"no es de utilidad para la causa\", seg\u00fan fuentes de Comodoro Py. Despu\u00e9s del allanamiento y secuestro de bastones presidenciales realizado por el juez federal Claudio\u2026","rel":"","context":"En \u00abJUDICIALES\u00bb","block_context":{"text":"JUDICIALES","link":"http:\/\/www.24baires.com\/?cat=68"},"img":{"alt_text":"","src":"https:\/\/i0.wp.com\/www.24baires.com\/wp-content\/uploads\/2018\/08\/afip-calafate.jpg?resize=350%2C200","width":350,"height":200,"srcset":"https:\/\/i0.wp.com\/www.24baires.com\/wp-content\/uploads\/2018\/08\/afip-calafate.jpg?resize=350%2C200 1x, https:\/\/i0.wp.com\/www.24baires.com\/wp-content\/uploads\/2018\/08\/afip-calafate.jpg?resize=525%2C300 1.5x"},"classes":[]}],"jetpack_sharing_enabled":true,"jetpack_likes_enabled":true,"jetpack_featured_media_url":"","_links":{"self":[{"href":"http:\/\/www.24baires.com\/index.php?rest_route=\/wp\/v2\/posts\/61898","targetHints":{"allow":["GET"]}}],"collection":[{"href":"http:\/\/www.24baires.com\/index.php?rest_route=\/wp\/v2\/posts"}],"about":[{"href":"http:\/\/www.24baires.com\/index.php?rest_route=\/wp\/v2\/types\/post"}],"author":[{"embeddable":true,"href":"http:\/\/www.24baires.com\/index.php?rest_route=\/wp\/v2\/users\/8"}],"replies":[{"embeddable":true,"href":"http:\/\/www.24baires.com\/index.php?rest_route=%2Fwp%2Fv2%2Fcomments&post=61898"}],"version-history":[{"count":1,"href":"http:\/\/www.24baires.com\/index.php?rest_route=\/wp\/v2\/posts\/61898\/revisions"}],"predecessor-version":[{"id":61900,"href":"http:\/\/www.24baires.com\/index.php?rest_route=\/wp\/v2\/posts\/61898\/revisions\/61900"}],"wp:attachment":[{"href":"http:\/\/www.24baires.com\/index.php?rest_route=%2Fwp%2Fv2%2Fmedia&parent=61898"}],"wp:term":[{"taxonomy":"category","embeddable":true,"href":"http:\/\/www.24baires.com\/index.php?rest_route=%2Fwp%2Fv2%2Fcategories&post=61898"},{"taxonomy":"post_tag","embeddable":true,"href":"http:\/\/www.24baires.com\/index.php?rest_route=%2Fwp%2Fv2%2Ftags&post=61898"}],"curies":[{"name":"wp","href":"https:\/\/api.w.org\/{rel}","templated":true}]}}