{"id":61893,"date":"2015-02-18T10:00:48","date_gmt":"2015-02-18T13:00:48","guid":{"rendered":"http:\/\/www.24baires.com\/?p=61893"},"modified":"2015-02-18T19:16:56","modified_gmt":"2015-02-18T22:16:56","slug":"rossi-clarin-y-los-fiscales-que-convocan-a-la-marcha-se-quieren-llevar-puesta-a-fein","status":"publish","type":"post","link":"http:\/\/www.24baires.com\/?p=61893","title":{"rendered":"Rossi: \u00abClar\u00edn y los fiscales que convocan a la marcha se quieren llevar puesta a Fein\u00bb"},"content":{"rendered":"<p><img data-recalc-dims=\"1\" loading=\"lazy\" decoding=\"async\" class=\"aligncenter size-full wp-image-61674\" src=\"https:\/\/i0.wp.com\/www.24baires.com\/wp-content\/uploads\/2015\/02\/rossi1.jpg?resize=560%2C373\" alt=\"rossi\" width=\"560\" height=\"373\" srcset=\"https:\/\/i0.wp.com\/www.24baires.com\/wp-content\/uploads\/2015\/02\/rossi1.jpg?w=560 560w, https:\/\/i0.wp.com\/www.24baires.com\/wp-content\/uploads\/2015\/02\/rossi1.jpg?resize=300%2C200 300w\" sizes=\"auto, (max-width: 560px) 100vw, 560px\" \/>El ministro de Defensa consider\u00f3 que los fiscales \u00abno tienen nada de independientes, son arietes de la oposici\u00f3n pol\u00edtica argentina\u00bb. En ese marco, el funcionario hizo menci\u00f3n al \u00abc\u00edrculo rojo\u00bb y les dijo que \u00ablos esperamos en las elecciones\u00bb.<!--more--><\/p>\n<p>El ministro de Defensa, Agust\u00edn Rossi, dijo hoy que \u00abClar\u00edn y los nueve fiscales que convocan a la marcha\u00bb del silencio de esta tarde \u00abse quieren llevar puesta a (la fiscal Viviana) Fein\u00bb, a cargo de la investigaci\u00f3n por la muerte del fiscal especial de la causa AMIA, Alberto Nisman.<\/p>\n<p>\u00abA los ciudadanos que van (a la movilizaci\u00f3n) con una motivaci\u00f3n genuina y a la familia del fiscal Alberto Nisman les digo que no hay nadie m\u00e1s interesado que este gobierno en saber la circunstancias que rodearon la muerte del fiscal\u00bb, sostuvo el funcionario nacional.<\/p>\n<p>Sobre \u00ablos nueve fiscales que convocan\u00bb a marcha, Rossi dijo que \u00abno tienen nada de independientes, son arietes de la oposici\u00f3n pol\u00edtica argentina\u00bb<\/p>\n<p>En ese marco, el ministro, en di\u00e1logo con Nacional Rock, hizo menci\u00f3n al \u00abc\u00edrculo rojo\u00bb y les dijo que \u00ablos esperamos en las elecciones\u00bb.<\/p>\n<p>\u00abHay dos formas de llegar a la Casa Rosada, o ganando con los votos o haciendo una visita guiada los fines de semana\u00bb, ironiz\u00f3.<\/p>\n","protected":false},"excerpt":{"rendered":"<p>El ministro de Defensa consider\u00f3 que los fiscales \u00abno tienen nada de independientes, son arietes de la oposici\u00f3n pol\u00edtica argentina\u00bb. En ese marco, el funcionario hizo menci\u00f3n al \u00abc\u00edrculo rojo\u00bb y les dijo que \u00ablos esperamos en las elecciones\u00bb.<\/p>\n","protected":false},"author":4,"featured_media":0,"comment_status":"open","ping_status":"open","sticky":false,"template":"","format":"standard","meta":{"_jetpack_newsletter_access":"","_jetpack_dont_email_post_to_subs":false,"_jetpack_newsletter_tier_id":0,"_jetpack_memberships_contains_paywalled_content":false,"_jetpack_memberships_contains_paid_content":false,"footnotes":""},"categories":[51],"tags":[],"class_list":["post-61893","post","type-post","status-publish","format-standard","hentry","category-politica"],"jetpack_shortlink":"https:\/\/wp.me\/p2JWE0-g6h","jetpack-related-posts":[{"id":102494,"url":"http:\/\/www.24baires.com\/?p=102494","url_meta":{"origin":61893,"position":0},"title":"La C\u00e1mara \u00abreflot\u00f3\u00bb la causa Nisman y asegura que se trat\u00f3 de un crimen","author":"AF","date":"01\/06\/2018","format":false,"excerpt":"Confirm\u00f3 que el ex juez Alberto Nisman fue asesinado. Agregaron que el motivo fue su denuncia contra Cristina Kirchner. Adem\u00e1s dejaron firme el procesamiento de Diego Lagomarsino. La C\u00e1mara Federal hizo su aparici\u00f3n en medio de la debacle econ\u00f3mica que enfrenta el gobierno de Mauricio Macri. Entre masivas manifestaciones en\u2026","rel":"","context":"En \u00abJUDICIALES\u00bb","block_context":{"text":"JUDICIALES","link":"http:\/\/www.24baires.com\/?cat=68"},"img":{"alt_text":"","src":"https:\/\/i0.wp.com\/www.24baires.com\/wp-content\/uploads\/2015\/07\/nisman.jpg?resize=350%2C200","width":350,"height":200,"srcset":"https:\/\/i0.wp.com\/www.24baires.com\/wp-content\/uploads\/2015\/07\/nisman.jpg?resize=350%2C200 1x, https:\/\/i0.wp.com\/www.24baires.com\/wp-content\/uploads\/2015\/07\/nisman.jpg?resize=525%2C300 1.5x"},"classes":[]},{"id":61861,"url":"http:\/\/www.24baires.com\/?p=61861","url_meta":{"origin":61893,"position":1},"title":"Fein calific\u00f3 de \u00abdescabellado\u00bb el testimonio de una testigo","author":"GB","date":"17\/02\/2015","format":false,"excerpt":"Viviana Fein sali\u00f3 al cruce de las declaraciones publicadas hoy por el diario Clar\u00edn de una testigo del operativo realizado en el departamento donde muri\u00f3 Alberto Nisman, asegur\u00f3 que las afirmaciones \u201cson expresiones descabelladas\u201d, y reclam\u00f3 \u201cseriedad\u201d a los medios. Ma\u00f1ana dar\u00e1n a conocer las pericias toxicol\u00f3gicas. La fiscal que\u2026","rel":"","context":"En \u00abPol\u00edtica\u00bb","block_context":{"text":"Pol\u00edtica","link":"http:\/\/www.24baires.com\/?cat=51"},"img":{"alt_text":"fein","src":"https:\/\/i0.wp.com\/www.24baires.com\/wp-content\/uploads\/2015\/01\/fein.jpg?resize=350%2C200","width":350,"height":200,"srcset":"https:\/\/i0.wp.com\/www.24baires.com\/wp-content\/uploads\/2015\/01\/fein.jpg?resize=350%2C200 1x, https:\/\/i0.wp.com\/www.24baires.com\/wp-content\/uploads\/2015\/01\/fein.jpg?resize=525%2C300 1.5x"},"classes":[]},{"id":62567,"url":"http:\/\/www.24baires.com\/?p=62567","url_meta":{"origin":61893,"position":2},"title":"La fiscal\u00eda cit\u00f3 a declarar a una modelo vinculada con Alberto Nisman","author":"GB","date":"03\/03\/2015","format":false,"excerpt":"Se trata de Florencia Cocucci. La fiscal Viviana Fein quiere saber el estado an\u00edmico del fiscal fallecido antes de su muerte. La fiscal Viviana Fein convocar\u00e1 como testigo a la modelo Florencia Cocucci, quien fue vinculada sentimentalmente con Alberto Nisman, para conocer el estado an\u00edmico del fiscal previo a su\u2026","rel":"","context":"En \u00abPol\u00edtica\u00bb","block_context":{"text":"Pol\u00edtica","link":"http:\/\/www.24baires.com\/?cat=51"},"img":{"alt_text":"","src":"https:\/\/i0.wp.com\/www.24baires.com\/wp-content\/uploads\/2015\/03\/modelo-y-nismas.jpg?resize=350%2C200","width":350,"height":200,"srcset":"https:\/\/i0.wp.com\/www.24baires.com\/wp-content\/uploads\/2015\/03\/modelo-y-nismas.jpg?resize=350%2C200 1x, https:\/\/i0.wp.com\/www.24baires.com\/wp-content\/uploads\/2015\/03\/modelo-y-nismas.jpg?resize=525%2C300 1.5x"},"classes":[]},{"id":60608,"url":"http:\/\/www.24baires.com\/?p=60608","url_meta":{"origin":61893,"position":3},"title":"Rossi: \u00abNadie m\u00e1s que nosotros est\u00e1 interesado en que todo se aclare\u00bb","author":"AF","date":"23\/01\/2015","format":false,"excerpt":"El ministro de Defensa, Agust\u00edn Rossi, asegur\u00f3 que nadie est\u00e1 m\u00e1s interesado que el gobierno nacional \"en que todas las circunstancias\" que rodearon la muerte del fiscal de la causa AMIA, Alberto Nisman, \"sean perfectamente aclaradas por la investigaci\u00f3n que lleva adelante la justicia\u201d. En declaraciones formuladas a Radio Provincia,\u2026","rel":"","context":"En \u00abJUDICIALES\u00bb","block_context":{"text":"JUDICIALES","link":"http:\/\/www.24baires.com\/?cat=68"},"img":{"alt_text":"rossi_6","src":"https:\/\/i0.wp.com\/www.24baires.com\/wp-content\/uploads\/2014\/12\/rossi_6.jpg?resize=350%2C200","width":350,"height":200,"srcset":"https:\/\/i0.wp.com\/www.24baires.com\/wp-content\/uploads\/2014\/12\/rossi_6.jpg?resize=350%2C200 1x, https:\/\/i0.wp.com\/www.24baires.com\/wp-content\/uploads\/2014\/12\/rossi_6.jpg?resize=525%2C300 1.5x"},"classes":[]},{"id":62694,"url":"http:\/\/www.24baires.com\/?p=62694","url_meta":{"origin":61893,"position":4},"title":"\u00abQue los peritos de Salgado me expliquen c\u00f3mo llegaron a esas conclusiones\u00bb","author":"Grupo Sierra","date":"05\/03\/2015","format":false,"excerpt":"La fiscal Fein, que investiga la muerte de Nisman, llamar\u00e1 a declarar a los peritos de parte de la jueza Arroyo Salgado, que afirman que el fiscal fue asesinado. Viviana Fein, a cargo de la investigaci\u00f3n de la muerte de su colega Alberto Nisman, asegur\u00f3 que \u201cno puede descartar de\u2026","rel":"","context":"En \u00abJUDICIALES\u00bb","block_context":{"text":"JUDICIALES","link":"http:\/\/www.24baires.com\/?cat=68"},"img":{"alt_text":"fein","src":"https:\/\/i0.wp.com\/www.24baires.com\/wp-content\/uploads\/2015\/01\/fein.jpg?resize=350%2C200","width":350,"height":200,"srcset":"https:\/\/i0.wp.com\/www.24baires.com\/wp-content\/uploads\/2015\/01\/fein.jpg?resize=350%2C200 1x, https:\/\/i0.wp.com\/www.24baires.com\/wp-content\/uploads\/2015\/01\/fein.jpg?resize=525%2C300 1.5x"},"classes":[]},{"id":60590,"url":"http:\/\/www.24baires.com\/?p=60590","url_meta":{"origin":61893,"position":5},"title":"La ex esposa de Nisman ya declara ante la fiscal Fein","author":"GB","date":"23\/01\/2015","format":false,"excerpt":"La jueza Sandra Arroyo Salgado, ingres\u00f3 esta ma\u00f1ana a la Fiscal\u00eda a cargo de Viviana Fein para brindar su testimonio en el marco de la investigaci\u00f3n por la muerte del fiscal especial de la causa AMIA. La ex esposa de Alberto Nisman, la jueza Sandra Arroyo Salgado, ingres\u00f3 esta ma\u00f1ana\u2026","rel":"","context":"En \u00abPol\u00edtica\u00bb","block_context":{"text":"Pol\u00edtica","link":"http:\/\/www.24baires.com\/?cat=51"},"img":{"alt_text":"","src":"https:\/\/i0.wp.com\/www.24baires.com\/wp-content\/uploads\/2015\/01\/esposa-nisman.jpg?resize=350%2C200","width":350,"height":200},"classes":[]}],"jetpack_sharing_enabled":true,"jetpack_likes_enabled":true,"jetpack_featured_media_url":"","_links":{"self":[{"href":"http:\/\/www.24baires.com\/index.php?rest_route=\/wp\/v2\/posts\/61893","targetHints":{"allow":["GET"]}}],"collection":[{"href":"http:\/\/www.24baires.com\/index.php?rest_route=\/wp\/v2\/posts"}],"about":[{"href":"http:\/\/www.24baires.com\/index.php?rest_route=\/wp\/v2\/types\/post"}],"author":[{"embeddable":true,"href":"http:\/\/www.24baires.com\/index.php?rest_route=\/wp\/v2\/users\/4"}],"replies":[{"embeddable":true,"href":"http:\/\/www.24baires.com\/index.php?rest_route=%2Fwp%2Fv2%2Fcomments&post=61893"}],"version-history":[{"count":1,"href":"http:\/\/www.24baires.com\/index.php?rest_route=\/wp\/v2\/posts\/61893\/revisions"}],"predecessor-version":[{"id":61894,"href":"http:\/\/www.24baires.com\/index.php?rest_route=\/wp\/v2\/posts\/61893\/revisions\/61894"}],"wp:attachment":[{"href":"http:\/\/www.24baires.com\/index.php?rest_route=%2Fwp%2Fv2%2Fmedia&parent=61893"}],"wp:term":[{"taxonomy":"category","embeddable":true,"href":"http:\/\/www.24baires.com\/index.php?rest_route=%2Fwp%2Fv2%2Fcategories&post=61893"},{"taxonomy":"post_tag","embeddable":true,"href":"http:\/\/www.24baires.com\/index.php?rest_route=%2Fwp%2Fv2%2Ftags&post=61893"}],"curies":[{"name":"wp","href":"https:\/\/api.w.org\/{rel}","templated":true}]}}