{"id":61882,"date":"2015-02-18T10:00:30","date_gmt":"2015-02-18T13:00:30","guid":{"rendered":"http:\/\/www.24baires.com\/?p=61882"},"modified":"2015-02-19T10:38:37","modified_gmt":"2015-02-19T13:38:37","slug":"capitanich-la-justicia-argentina-busca-la-desestabilizacion-politica","status":"publish","type":"post","link":"http:\/\/www.24baires.com\/?p=61882","title":{"rendered":"Capitanich: \u201cLa Justicia argentina busca la desestabilizaci\u00f3n pol\u00edtica\u201d"},"content":{"rendered":"<p><img data-recalc-dims=\"1\" loading=\"lazy\" decoding=\"async\" class=\"aligncenter size-full wp-image-53421\" src=\"https:\/\/i0.wp.com\/www.24baires.com\/wp-content\/uploads\/2014\/09\/capitanich-4.jpg?resize=560%2C313\" alt=\"capitanich 4\" width=\"560\" height=\"313\" srcset=\"https:\/\/i0.wp.com\/www.24baires.com\/wp-content\/uploads\/2014\/09\/capitanich-4.jpg?w=560 560w, https:\/\/i0.wp.com\/www.24baires.com\/wp-content\/uploads\/2014\/09\/capitanich-4.jpg?resize=300%2C167 300w\" sizes=\"auto, (max-width: 560px) 100vw, 560px\" \/>El jefe de Gabinete, Jorge Capitanich, afirm\u00f3 adem\u00e1s que \u00abla justicia argentina s\u00f3lo funciona sobre una estrategia corporativa\u201d y que \u201ces \u00ababsolutamente dependiente del poder econ\u00f3mico y concentrado\u00bb.<!--more--><br \/>\n\u00abLa justicia argentina solo funciona sobre una estrategia corporativa, que tiende a la desestabilizaci\u00f3n desde el punto de vista pol\u00edtico, con otra corporaci\u00f3n medi\u00e1tica concentrada. Los fiscales y jueces act\u00faan en base a esa estrategia para el hostigamiento permanente del Poder Ejecutivo\u00bb, dijo Capitanich en rueda de prensa en Casa de Gobierno.<\/p>\n<p>\u00abLo que uno observa es que la justicia en Argentina es absolutamente independiente y aut\u00f3noma del poder pol\u00edtico, pero absolutamente dependiente del poder econ\u00f3mico y concentrado\u00bb, a\u00f1adi\u00f3, al ser consultado sobre la decisi\u00f3n del fiscal Jorge Di Lello que lo imput\u00f3 -junto a otros funcionarios- en una causa que investiga la muerte por desnutrici\u00f3n de un nene qom de 7 a\u00f1os, ocurrida en Chaco a principios de a\u00f1o.<\/p>\n","protected":false},"excerpt":{"rendered":"<p>El jefe de Gabinete, Jorge Capitanich, afirm\u00f3 adem\u00e1s que \u00abla justicia argentina s\u00f3lo funciona sobre una estrategia corporativa\u201d y que \u201ces \u00ababsolutamente dependiente del poder econ\u00f3mico y concentrado\u00bb.<\/p>\n","protected":false},"author":4,"featured_media":0,"comment_status":"open","ping_status":"open","sticky":false,"template":"","format":"standard","meta":{"_jetpack_newsletter_access":"","_jetpack_dont_email_post_to_subs":false,"_jetpack_newsletter_tier_id":0,"_jetpack_memberships_contains_paywalled_content":false,"_jetpack_memberships_contains_paid_content":false,"footnotes":""},"categories":[51],"tags":[],"class_list":["post-61882","post","type-post","status-publish","format-standard","hentry","category-politica"],"jetpack_shortlink":"https:\/\/wp.me\/p2JWE0-g66","jetpack-related-posts":[{"id":55862,"url":"http:\/\/www.24baires.com\/?p=55862","url_meta":{"origin":61882,"position":0},"title":"Capitanich: \u00abLos que dicen que el modelo est\u00e1 agotado, se equivocan y mucho\u00bb","author":"AF","date":"23\/10\/2014","format":false,"excerpt":"El jefe de Gabinete Jorge Capitanich respondi\u00f3 as\u00ed a las cr\u00edticas del Instituto para el Desarrollo Empresarial de la Argentina (IDEA) en el tradicional coloquio que se desarrolla en Mar del Plata. El jefe de Gabinete, Jorge Capitanich, afirm\u00f3 hoy \"los que dicen que el modelo est\u00e1 agotado, se equivocan\u2026","rel":"","context":"En \u00abPol\u00edtica\u00bb","block_context":{"text":"Pol\u00edtica","link":"http:\/\/www.24baires.com\/?cat=51"},"img":{"alt_text":"capitanich 2","src":"https:\/\/i0.wp.com\/www.24baires.com\/wp-content\/uploads\/2013\/12\/capitanich-2.jpg?resize=350%2C200","width":350,"height":200,"srcset":"https:\/\/i0.wp.com\/www.24baires.com\/wp-content\/uploads\/2013\/12\/capitanich-2.jpg?resize=350%2C200 1x, https:\/\/i0.wp.com\/www.24baires.com\/wp-content\/uploads\/2013\/12\/capitanich-2.jpg?resize=525%2C300 1.5x"},"classes":[]},{"id":57631,"url":"http:\/\/www.24baires.com\/?p=57631","url_meta":{"origin":61882,"position":1},"title":"Capitanich: \u00abEl accionar de Bonadio es parte de una estrategia de golpismo activo\u00bb","author":"AF","date":"25\/11\/2014","format":false,"excerpt":"El jefe de Gabinete, Jorge Capitanich, ratific\u00f3 que el accionar del magistrado en la causa que investiga a la empresa Hotesur, de la que la presidenta Cristina Fern\u00e1ndez de Kirchner es accionista, es \"una estrategia de golpismo activo\" para \"hostigar\" al Gobierno nacional. El jefe de Gabinete, Jorge Capitanich, sostuvo\u2026","rel":"","context":"En \u00abPol\u00edtica\u00bb","block_context":{"text":"Pol\u00edtica","link":"http:\/\/www.24baires.com\/?cat=51"},"img":{"alt_text":"capitanich","src":"https:\/\/i0.wp.com\/www.24baires.com\/wp-content\/uploads\/2014\/09\/capitanich1.jpg?resize=350%2C200","width":350,"height":200,"srcset":"https:\/\/i0.wp.com\/www.24baires.com\/wp-content\/uploads\/2014\/09\/capitanich1.jpg?resize=350%2C200 1x, https:\/\/i0.wp.com\/www.24baires.com\/wp-content\/uploads\/2014\/09\/capitanich1.jpg?resize=525%2C300 1.5x"},"classes":[]},{"id":61526,"url":"http:\/\/www.24baires.com\/?p=61526","url_meta":{"origin":61882,"position":2},"title":"Capitanich: \u00abEl gran problema end\u00e9mico en Argentina es la fuga de capitales y la evasi\u00f3n\u00bb","author":"AF","date":"10\/02\/2015","format":false,"excerpt":"El jefe de Gabinete volvi\u00f3 a reclamar a la Justicia avanzar en la causa que investiga las m\u00e1s de 4.000 cuentas no declaradas de argentinos en la sucursal de Suiza del banco HSBC. El jefe de Gabinete, Jorge Capitanich, afirm\u00f3 hoy que \"el gran problema end\u00e9mico\" de la Argentina \"es\u2026","rel":"","context":"En \u00abPol\u00edtica\u00bb","block_context":{"text":"Pol\u00edtica","link":"http:\/\/www.24baires.com\/?cat=51"},"img":{"alt_text":"capitanich 4","src":"https:\/\/i0.wp.com\/www.24baires.com\/wp-content\/uploads\/2014\/09\/capitanich-4.jpg?resize=350%2C200","width":350,"height":200,"srcset":"https:\/\/i0.wp.com\/www.24baires.com\/wp-content\/uploads\/2014\/09\/capitanich-4.jpg?resize=350%2C200 1x, https:\/\/i0.wp.com\/www.24baires.com\/wp-content\/uploads\/2014\/09\/capitanich-4.jpg?resize=525%2C300 1.5x"},"classes":[]},{"id":61954,"url":"http:\/\/www.24baires.com\/?p=61954","url_meta":{"origin":61882,"position":3},"title":"Capitanich: \u00abLa Justicia no es independiente de las corporaciones\u00bb","author":"AF","date":"19\/02\/2015","format":false,"excerpt":"El jefe de Gabinete afirm\u00f3 hoy que la justicia en Argentina \"es independiente del poder pol\u00edtico, pero no es independiente de las corporaciones que influyen de modo directo e indirecto para perturbar el funcionamiento normal de las instituciones\". El jefe de Gabinete, Jorge Capitanich, respald\u00f3 hoy el derecho del pueblo\u2026","rel":"","context":"En \u00abPol\u00edtica\u00bb","block_context":{"text":"Pol\u00edtica","link":"http:\/\/www.24baires.com\/?cat=51"},"img":{"alt_text":"capitanich 4","src":"https:\/\/i0.wp.com\/www.24baires.com\/wp-content\/uploads\/2014\/09\/capitanich-4.jpg?resize=350%2C200","width":350,"height":200,"srcset":"https:\/\/i0.wp.com\/www.24baires.com\/wp-content\/uploads\/2014\/09\/capitanich-4.jpg?resize=350%2C200 1x, https:\/\/i0.wp.com\/www.24baires.com\/wp-content\/uploads\/2014\/09\/capitanich-4.jpg?resize=525%2C300 1.5x"},"classes":[]},{"id":60109,"url":"http:\/\/www.24baires.com\/?p=60109","url_meta":{"origin":61882,"position":4},"title":"Capitanich tild\u00f3 de \u00abdisparatada\u00bb la decisi\u00f3n de indagar a Cristina","author":"AF","date":"15\/01\/2015","format":false,"excerpt":"El jefe de Gabinete, Jorge Capitanich, asegur\u00f3 hoy que fue una decisi\u00f3n \u201cdisparatada, absurda, il\u00f3gica, irracional, rid\u00edcula y violatoria\u201d de la Constituci\u00f3n Nacional la decisi\u00f3n del fiscal Alberto Nisman de llamar a declaraci\u00f3n indagatoria a la presidenta Cristina Fern\u00e1ndez de Kirchner, junto a otros funcionarios y legisladores, por la firma\u2026","rel":"","context":"En \u00abPol\u00edtica\u00bb","block_context":{"text":"Pol\u00edtica","link":"http:\/\/www.24baires.com\/?cat=51"},"img":{"alt_text":"capitanich 3","src":"https:\/\/i0.wp.com\/www.24baires.com\/wp-content\/uploads\/2014\/09\/capitanich-3.jpg?resize=350%2C200","width":350,"height":200,"srcset":"https:\/\/i0.wp.com\/www.24baires.com\/wp-content\/uploads\/2014\/09\/capitanich-3.jpg?resize=350%2C200 1x, https:\/\/i0.wp.com\/www.24baires.com\/wp-content\/uploads\/2014\/09\/capitanich-3.jpg?resize=525%2C300 1.5x"},"classes":[]},{"id":116123,"url":"http:\/\/www.24baires.com\/?p=116123","url_meta":{"origin":61882,"position":5},"title":"\u00abLa Argentina central que tiene periferias no se puede tolerar m\u00e1s\u00bb","author":"AF","date":"01\/09\/2020","format":false,"excerpt":"El Presidente encabez\u00f3 la firma de convenios con el gobernador de Chaco, Jorge Capitanich. En ese marco, defendi\u00f3 el acceso a la conectividad y al conocimiento en todo el pa\u00eds. El presidente Alberto Fern\u00e1ndez reafirm\u00f3 que \"la Argentina central, que tiene dos periferias, al norte y a sur del pa\u00eds,\u2026","rel":"","context":"En \u00abPol\u00edtica\u00bb","block_context":{"text":"Pol\u00edtica","link":"http:\/\/www.24baires.com\/?cat=51"},"img":{"alt_text":"","src":"https:\/\/i0.wp.com\/www.24baires.com\/wp-content\/uploads\/2020\/09\/fern%C3%A1ndez-capitanich.jpg?resize=350%2C200","width":350,"height":200,"srcset":"https:\/\/i0.wp.com\/www.24baires.com\/wp-content\/uploads\/2020\/09\/fern%C3%A1ndez-capitanich.jpg?resize=350%2C200 1x, https:\/\/i0.wp.com\/www.24baires.com\/wp-content\/uploads\/2020\/09\/fern%C3%A1ndez-capitanich.jpg?resize=525%2C300 1.5x"},"classes":[]}],"jetpack_sharing_enabled":true,"jetpack_likes_enabled":true,"jetpack_featured_media_url":"","_links":{"self":[{"href":"http:\/\/www.24baires.com\/index.php?rest_route=\/wp\/v2\/posts\/61882","targetHints":{"allow":["GET"]}}],"collection":[{"href":"http:\/\/www.24baires.com\/index.php?rest_route=\/wp\/v2\/posts"}],"about":[{"href":"http:\/\/www.24baires.com\/index.php?rest_route=\/wp\/v2\/types\/post"}],"author":[{"embeddable":true,"href":"http:\/\/www.24baires.com\/index.php?rest_route=\/wp\/v2\/users\/4"}],"replies":[{"embeddable":true,"href":"http:\/\/www.24baires.com\/index.php?rest_route=%2Fwp%2Fv2%2Fcomments&post=61882"}],"version-history":[{"count":1,"href":"http:\/\/www.24baires.com\/index.php?rest_route=\/wp\/v2\/posts\/61882\/revisions"}],"predecessor-version":[{"id":61883,"href":"http:\/\/www.24baires.com\/index.php?rest_route=\/wp\/v2\/posts\/61882\/revisions\/61883"}],"wp:attachment":[{"href":"http:\/\/www.24baires.com\/index.php?rest_route=%2Fwp%2Fv2%2Fmedia&parent=61882"}],"wp:term":[{"taxonomy":"category","embeddable":true,"href":"http:\/\/www.24baires.com\/index.php?rest_route=%2Fwp%2Fv2%2Fcategories&post=61882"},{"taxonomy":"post_tag","embeddable":true,"href":"http:\/\/www.24baires.com\/index.php?rest_route=%2Fwp%2Fv2%2Ftags&post=61882"}],"curies":[{"name":"wp","href":"https:\/\/api.w.org\/{rel}","templated":true}]}}