{"id":61871,"date":"2015-02-17T18:24:45","date_gmt":"2015-02-17T21:24:45","guid":{"rendered":"http:\/\/www.24baires.com\/?p=61871"},"modified":"2015-02-17T18:24:45","modified_gmt":"2015-02-17T21:24:45","slug":"taty-almeida-aseguro-que-madres-linea-fundadora-no-ira-a-la-marcha","status":"publish","type":"post","link":"http:\/\/www.24baires.com\/?p=61871","title":{"rendered":"Taty Almeida asegur\u00f3 que \u00abMadres L\u00ednea Fundadora no ir\u00e1 a la marcha\u00bb"},"content":{"rendered":"<p><img data-recalc-dims=\"1\" loading=\"lazy\" decoding=\"async\" class=\"aligncenter size-full wp-image-42700\" src=\"https:\/\/i0.wp.com\/www.24baires.com\/wp-content\/uploads\/2014\/03\/taty-almeida.jpg?resize=560%2C314\" alt=\"taty almeida\" width=\"560\" height=\"314\" srcset=\"https:\/\/i0.wp.com\/www.24baires.com\/wp-content\/uploads\/2014\/03\/taty-almeida.jpg?w=560 560w, https:\/\/i0.wp.com\/www.24baires.com\/wp-content\/uploads\/2014\/03\/taty-almeida.jpg?resize=300%2C168 300w\" sizes=\"auto, (max-width: 560px) 100vw, 560px\" \/>Afirm\u00f3 que la movilizaci\u00f3n de ma\u00f1ana a la que adhieren dirigentes de la oposici\u00f3n, la Sociedad Rural, los sindicalistas Hugo Moyano y Luis Barrionuevo -entre otros- es \u00abins\u00f3lita y tiene fines pol\u00edticos\u00bb.<!--more--><\/p>\n<p>\u00abExiste la libertad de expresi\u00f3n y todo el mundo tiene derecho a expresarse pero esta marcha se ha desvirtuado y no tiene como fin el pedir justicia cuando por ejemplo, adhiere Cecilia Pando, quien estuvo de acuerdo con el robo de beb\u00e9s durante la dictadura c\u00edvico militar\u00bb, dijo Almeida al referirse a la dirigente defensora del terrorismo de Estado.<\/p>\n<p>En esa l\u00ednea, cuestion\u00f3 tambi\u00e9n a los fiscales que convocaron a la movilizaci\u00f3n al se\u00f1alar que, \u00abson quienes tiene que impartir justicia y en vez de eso, salen a pedirla\u00bb y critic\u00f3 a Germ\u00e1n Moldes y a Ra\u00fal Plee, que lideraron la convocatoria, y que fueron cuestionados por la dirigencia jud\u00eda por sus investigaciones en la causa AMIA.<\/p>\n<p>\u00abSe ha convertido en la Biblia y al Calef\u00f3n\u00bb, resumi\u00f3 Almeida al recordar que a la marcha adhieren las conducciones de DAIA y de la AMIA.<\/p>\n","protected":false},"excerpt":{"rendered":"<p>Afirm\u00f3 que la movilizaci\u00f3n de ma\u00f1ana a la que adhieren dirigentes de la oposici\u00f3n, la Sociedad Rural, los sindicalistas Hugo Moyano y Luis Barrionuevo -entre otros- es \u00abins\u00f3lita y tiene fines pol\u00edticos\u00bb.<\/p>\n","protected":false},"author":11,"featured_media":0,"comment_status":"open","ping_status":"open","sticky":false,"template":"","format":"standard","meta":{"_jetpack_newsletter_access":"","_jetpack_dont_email_post_to_subs":false,"_jetpack_newsletter_tier_id":0,"_jetpack_memberships_contains_paywalled_content":false,"_jetpack_memberships_contains_paid_content":false,"footnotes":""},"categories":[51],"tags":[],"class_list":["post-61871","post","type-post","status-publish","format-standard","hentry","category-politica"],"jetpack_shortlink":"https:\/\/wp.me\/p2JWE0-g5V","jetpack-related-posts":[{"id":123140,"url":"http:\/\/www.24baires.com\/?p=123140","url_meta":{"origin":61871,"position":0},"title":"Dirigentes de diferentes espacios despidieron a Taty Almeida","author":"GB","date":"16\/06\/2026","format":false,"excerpt":"Las manifestaciones de dolor, reconocimiento de su lucha y acompa\u00f1amiento a la familia fueron transversales casi todo el arco pol\u00edtico La muerte de Taty Almeida, hist\u00f3rica referente de Madres de Plaza de Mayo L\u00ednea Fundadora, gener\u00f3 este domingo una ola de mensajes de despedida que atraves\u00f3 distintos espacios pol\u00edticos y\u2026","rel":"","context":"En \u00abMemoria\u00bb","block_context":{"text":"Memoria","link":"http:\/\/www.24baires.com\/?cat=50"},"img":{"alt_text":"","src":"https:\/\/i0.wp.com\/www.24baires.com\/wp-content\/uploads\/2026\/06\/taty-kici.webp?resize=350%2C200","width":350,"height":200,"srcset":"https:\/\/i0.wp.com\/www.24baires.com\/wp-content\/uploads\/2026\/06\/taty-kici.webp?resize=350%2C200 1x, https:\/\/i0.wp.com\/www.24baires.com\/wp-content\/uploads\/2026\/06\/taty-kici.webp?resize=525%2C300 1.5x, https:\/\/i0.wp.com\/www.24baires.com\/wp-content\/uploads\/2026\/06\/taty-kici.webp?resize=700%2C400 2x"},"classes":[]},{"id":96095,"url":"http:\/\/www.24baires.com\/?p=96095","url_meta":{"origin":61871,"position":1},"title":"\u00abEl de Macri es el peor gobierno desde el regreso a la democracia\u00bb","author":"AF","date":"22\/07\/2017","format":false,"excerpt":"La integrante de Madres de Plaza de Mayo L\u00ednea Fundadora confirm\u00f3 que este lunes organismos de DDHH pedir\u00e1n el juicio pol\u00edtico contra los tres jueces de la Corte Suprema de Justicia que votaron en favor del 2x1 a genocidas. La integrante de Madres de Plaza de Mayo L\u00ednea Fundadora Taty\u2026","rel":"","context":"En \u00abSociedad\u00bb","block_context":{"text":"Sociedad","link":"http:\/\/www.24baires.com\/?cat=1"},"img":{"alt_text":"","src":"https:\/\/i0.wp.com\/www.24baires.com\/wp-content\/uploads\/2016\/03\/taty-almedia.jpg?resize=350%2C200","width":350,"height":200,"srcset":"https:\/\/i0.wp.com\/www.24baires.com\/wp-content\/uploads\/2016\/03\/taty-almedia.jpg?resize=350%2C200 1x, https:\/\/i0.wp.com\/www.24baires.com\/wp-content\/uploads\/2016\/03\/taty-almedia.jpg?resize=525%2C300 1.5x"},"classes":[]},{"id":119204,"url":"http:\/\/www.24baires.com\/?p=119204","url_meta":{"origin":61871,"position":2},"title":"Comienza el paro nacional docente","author":"GB","date":"10\/08\/2022","format":false,"excerpt":"La medida de fuerza afectar\u00e1 a escuelas municipales y provinciales de Buenos Aires y el pa\u00eds . El reclamo es \"contra la criminalizaci\u00f3n y judicializaci\u00f3n de la protesta social\" Comenz\u00f3 el nacional paro docente impulsado por CTERA y ya se siente en General Pueyrredon, donde Suteba y los docentes municipales\u2026","rel":"","context":"En \u00abPol\u00edtica\u00bb","block_context":{"text":"Pol\u00edtica","link":"http:\/\/www.24baires.com\/?cat=51"},"img":{"alt_text":"","src":"https:\/\/i0.wp.com\/www.24baires.com\/wp-content\/uploads\/2014\/03\/aula-vac%C3%ADa.jpg?resize=350%2C200","width":350,"height":200,"srcset":"https:\/\/i0.wp.com\/www.24baires.com\/wp-content\/uploads\/2014\/03\/aula-vac%C3%ADa.jpg?resize=350%2C200 1x, https:\/\/i0.wp.com\/www.24baires.com\/wp-content\/uploads\/2014\/03\/aula-vac%C3%ADa.jpg?resize=525%2C300 1.5x, https:\/\/i0.wp.com\/www.24baires.com\/wp-content\/uploads\/2014\/03\/aula-vac%C3%ADa.jpg?resize=700%2C400 2x"},"classes":[]},{"id":80559,"url":"http:\/\/www.24baires.com\/?p=80559","url_meta":{"origin":61871,"position":3},"title":"Para las Madres la autocr\u00edtica de Obama fue \u00abtotalmente light\u00bb","author":"AF","date":"24\/03\/2016","format":false,"excerpt":"Taty Almeida reiter\u00f3 el pedido para que el presidente de Estados Unidos \"desclasifique los archivos\" vinculados a las \u00faltima dictadura militar dijo que \"a las personas se las conoce por los hechos, no por las intenciones\". Al cumplirse 40 a\u00f1os del \u00faltimo golpe de Estado, la referente de Madres de\u2026","rel":"","context":"En \u00abMemoria\u00bb","block_context":{"text":"Memoria","link":"http:\/\/www.24baires.com\/?cat=50"},"img":{"alt_text":"","src":"https:\/\/i0.wp.com\/www.24baires.com\/wp-content\/uploads\/2016\/03\/taty-almedia.jpg?resize=350%2C200","width":350,"height":200,"srcset":"https:\/\/i0.wp.com\/www.24baires.com\/wp-content\/uploads\/2016\/03\/taty-almedia.jpg?resize=350%2C200 1x, https:\/\/i0.wp.com\/www.24baires.com\/wp-content\/uploads\/2016\/03\/taty-almedia.jpg?resize=525%2C300 1.5x"},"classes":[]},{"id":31773,"url":"http:\/\/www.24baires.com\/?p=31773","url_meta":{"origin":61871,"position":4},"title":"Taty Almeida resalt\u00f3 la figura de Kirchner en materia de Derechos Humanos","author":"GB","date":"12\/09\/2013","format":false,"excerpt":"La titular de Madres de Plaza de Mayo-L\u00ednea Fundadora resalt\u00f3 la figura de Kirchner como \"el primer presidente en escuchar y pedir perd\u00f3n\". Adem\u00e1s agreg\u00f3 que \"fue a partir del 2005 que empezamos a juzgar a los militares genocidas y ya nunca hubo marcha atr\u00e1s\". As\u00ed se expres\u00f3 Almeida en\u2026","rel":"","context":"En \u00abMemoria\u00bb","block_context":{"text":"Memoria","link":"http:\/\/www.24baires.com\/?cat=50"},"img":{"alt_text":"","src":"","width":0,"height":0},"classes":[]},{"id":8393,"url":"http:\/\/www.24baires.com\/?p=8393","url_meta":{"origin":61871,"position":5},"title":"Taty Almeida a 35 a\u00f1os de la Iglesia Santa Cruz: \u00abYa no hay marcha atr\u00e1s, hay justicia\u00bb","author":"Grupo Sierra","date":"08\/12\/2012","format":false,"excerpt":"La integrante de la l\u00ednea fundadora de Madres de Plaza de Mayo, Taty Almeida, afirm\u00f3 que el dolor por los familiares de detenidos desaparecidos que se reun\u00edan en la iglesia de la Santa Cruz, que fueron secuestrados y desaparecidos por un grupo de tareas hace 35 a\u00f1os \u00a0\"hoy se puede\u2026","rel":"","context":"En \u00abMemoria\u00bb","block_context":{"text":"Memoria","link":"http:\/\/www.24baires.com\/?cat=50"},"img":{"alt_text":"","src":"https:\/\/i0.wp.com\/www.24baires.com\/wp-content\/uploads\/2012\/12\/TATY-AMEIDA.jpg?resize=350%2C200","width":350,"height":200,"srcset":"https:\/\/i0.wp.com\/www.24baires.com\/wp-content\/uploads\/2012\/12\/TATY-AMEIDA.jpg?resize=350%2C200 1x, https:\/\/i0.wp.com\/www.24baires.com\/wp-content\/uploads\/2012\/12\/TATY-AMEIDA.jpg?resize=525%2C300 1.5x"},"classes":[]}],"jetpack_sharing_enabled":true,"jetpack_likes_enabled":true,"jetpack_featured_media_url":"","_links":{"self":[{"href":"http:\/\/www.24baires.com\/index.php?rest_route=\/wp\/v2\/posts\/61871","targetHints":{"allow":["GET"]}}],"collection":[{"href":"http:\/\/www.24baires.com\/index.php?rest_route=\/wp\/v2\/posts"}],"about":[{"href":"http:\/\/www.24baires.com\/index.php?rest_route=\/wp\/v2\/types\/post"}],"author":[{"embeddable":true,"href":"http:\/\/www.24baires.com\/index.php?rest_route=\/wp\/v2\/users\/11"}],"replies":[{"embeddable":true,"href":"http:\/\/www.24baires.com\/index.php?rest_route=%2Fwp%2Fv2%2Fcomments&post=61871"}],"version-history":[{"count":1,"href":"http:\/\/www.24baires.com\/index.php?rest_route=\/wp\/v2\/posts\/61871\/revisions"}],"predecessor-version":[{"id":61872,"href":"http:\/\/www.24baires.com\/index.php?rest_route=\/wp\/v2\/posts\/61871\/revisions\/61872"}],"wp:attachment":[{"href":"http:\/\/www.24baires.com\/index.php?rest_route=%2Fwp%2Fv2%2Fmedia&parent=61871"}],"wp:term":[{"taxonomy":"category","embeddable":true,"href":"http:\/\/www.24baires.com\/index.php?rest_route=%2Fwp%2Fv2%2Fcategories&post=61871"},{"taxonomy":"post_tag","embeddable":true,"href":"http:\/\/www.24baires.com\/index.php?rest_route=%2Fwp%2Fv2%2Ftags&post=61871"}],"curies":[{"name":"wp","href":"https:\/\/api.w.org\/{rel}","templated":true}]}}