{"id":61865,"date":"2015-02-17T16:00:29","date_gmt":"2015-02-17T19:00:29","guid":{"rendered":"http:\/\/www.24baires.com\/?p=61865"},"modified":"2015-02-18T10:12:52","modified_gmt":"2015-02-18T13:12:52","slug":"argentina-pidio-a-estados-unidos-que-incluya-el-atentado-en-la-negociacion-con-iran","status":"publish","type":"post","link":"http:\/\/www.24baires.com\/?p=61865","title":{"rendered":"Argentina pidi\u00f3 a EE. UU. que incluya el atentado a la AMIA en la negociaci\u00f3n con Ir\u00e1n"},"content":{"rendered":"<p><img data-recalc-dims=\"1\" loading=\"lazy\" decoding=\"async\" class=\"aligncenter size-full wp-image-52714\" src=\"https:\/\/i0.wp.com\/www.24baires.com\/wp-content\/uploads\/2014\/08\/timerman.jpg?resize=560%2C333\" alt=\"timerman\" width=\"560\" height=\"333\" srcset=\"https:\/\/i0.wp.com\/www.24baires.com\/wp-content\/uploads\/2014\/08\/timerman.jpg?w=560 560w, https:\/\/i0.wp.com\/www.24baires.com\/wp-content\/uploads\/2014\/08\/timerman.jpg?resize=300%2C178 300w\" sizes=\"auto, (max-width: 560px) 100vw, 560px\" \/>El Gobierno destac\u00f3 hoy, en una carta dirigida a Estados Unidos e Israel, que \u00abel pueblo argentino no tiene que tolerar que su pa\u00eds sea un teatro de operaciones pol\u00edticas y de inteligencia\u00bb, remarc\u00f3 la posici\u00f3n del gobierno de \u00abimpedir que los enfrentamientos hist\u00f3ricos en sus pa\u00edses de origen sean dirimidos en la Argentina\u00bb y reiter\u00f3 el pedido al gobierno de Barack Obama para que la causa del atentado a la AMIA sea incluida en las negociaciones con la Rep\u00fablica Isl\u00e1mica de Ir\u00e1n.<!--more--><\/p>\n<p>Desde Casa de Gobierno, Timerman dio lectura de las cartas entregadas a los embajadores de Estados Unidos, Noah Mamet, y de Israel, Dorit Shavit, donde manifiesta la \u00abpreocupaci\u00f3n\u00bb del gobierno argentino por las divergencias de ambos pa\u00edses en torno a un acuerdo para reducir tensiones sobre temas nucleares entre pa\u00edses del Consejo de Seguridad y la Rep\u00fablica Isl\u00e1mica de Ir\u00e1n.<\/p>\n<p>En ese marco, la nota dirigida a los cancilleres de Estados Unidos y de Israel, John Kerry y Avigdor Lieberman respectivamente, reiter\u00f3 al gobierno de Obama el pedido para que \u00abel tema de la AMIA sea incluido en las negociaciones con la Rep\u00fablica Isl\u00e1mica de Ir\u00e1n\u00bb, recordando que el atentado ocurrido hace casi 21 a\u00f1os cost\u00f3 la vida de 85 personas.<\/p>\n<p>\u00abLa Argentina observa con suma preocupaci\u00f3n la creciente frecuencia con que muchos pa\u00edses son utilizados como escenarios en los que otros Estados intervienen para definir disputas en funci\u00f3n de sus propios intereses geopol\u00edticos. Tambi\u00e9n nos preocupa ver c\u00f3mo se utilizan mecanismos de propaganda abierta o encubierta para tales fines. Mi pa\u00eds rechaza tales actos y pretende que no sucedan en su territorio\u00bb, se\u00f1al\u00f3 la carta.<\/p>\n<p>Y advirti\u00f3 que: \u00aben varias oportunidades hemos expresado que la Argentina no tiene ning\u00fan inter\u00e9s estrat\u00e9gico, ni militar ni de inteligencia y menos de espionaje en la zona de Medio Oriente. Nos oponemos, por principios pol\u00edticos y morales a cualquier acto que promueva la violencia o la violaci\u00f3n de la soberan\u00eda tanto en forma abierta como en forma encubierta. Argentina se ve en la necesidad de reiterar que nuestro territorio no sea utilizado para fines de intereses geopol\u00edticos y militares de terceros pa\u00edses\u00bb.<\/p>\n<p>\u00abEl pueblo argentino no tiene que tolerar, y mucho menos sufrir, que su pa\u00eds sea un teatro de operaciones pol\u00edticas, de inteligencia, o peor a\u00fan, de hechos y acciones m\u00e1s graves, por conflictos que le son completamente ajenos a su historia, a su idiosincrasia y a sus costumbres\u00bb, agreg\u00f3.<\/p>\n<p>En otro p\u00e1rrafo Timerman se\u00f1al\u00f3 que \u00abseguiremos confiando en el Poder Judicial de Argentina, responsable de su esclarecimiento en virtud de la divisi\u00f3n de poderes\u00bb, aunque resalt\u00f3 que \u00aba\u00fan no ha logrado detener, juzgar ni condenar a los perpetradores de tan aterrador hecho\u00bb.<\/p>\n<p>Timerman tambi\u00e9n record\u00f3 el primer atentado del terrorismo internacional sufrido en Argentina con la explosi\u00f3n de la Embajada de Israel, en marzo de 1992, al se\u00f1alar que \u00abla responsabilidad de la investigaci\u00f3n, por las leyes diplom\u00e1ticas vigentes, es de la Corte Suprema de Justicia, la cual hace a\u00f1os que no informa sobre ninguna actuaci\u00f3n o avance en la investigaci\u00f3n\u00bb.<\/p>\n<p>Del mismo modo, el canciller aludi\u00f3 al terrorismo de Estado, entre 1976 y 1983, donde \u00abmiles de argentinos fueron \u00abperseguidos, torturados, asesinados y desaparecidos\u00bb.<\/p>\n<p>\u00abA\u00fan hoy desconocemos el paradero de 400 ni\u00f1os nacidos en cautiverio y apropiados por los dictadores y sus secuaces\u00bb, record\u00f3 al destacar que \u00absin embargo, no hubo un s\u00f3lo caso de venganza\u00bb.<\/p>\n<p>\u00abNing\u00fan represor muri\u00f3 en Argentina ni en otro pa\u00eds porque explot\u00f3 una bomba debajo de su autom\u00f3vil o por un misil dirigido a su domicilio o por la intervenci\u00f3n militar, decididas cualquiera de estas acciones por el Estado\u00bb, plante\u00f3 el texto que record\u00f3 que la Argentina \u00abha sido, y seguir\u00e1 siendo una tierra de redenci\u00f3n para millones de personas que fueron perseguidas en sus pa\u00edses de origen\u00bb.<\/p>\n<p>El canciller solicit\u00f3, tambi\u00e9n, que \u00abel personal diplom\u00e1tico acreditado en nuestro pa\u00eds observe las normas y conductas estipuladas por la Convenci\u00f3n de Viena o el derecho local en los casos no regidos por dicho acuerdo internacional, en especial sobre la no interferencia en los asuntos internos en las jurisdicciones donde prestan servicio\u00bb.<\/p>\n<p>Por \u00faltimo, ratific\u00f3 el deseo de la Argentina de \u00abseguir conversando sobre estos temas en cada oportunidad\u00bb con el objetivo de \u00abfortalecer los lazos de amistad que unen a nuestros pa\u00edses\u00bb, concluy\u00f3.<\/p>\n<p>&nbsp;<\/p>\n<p>&nbsp;<\/p>\n<p>&nbsp;<\/p>\n<p>&nbsp;<\/p>\n<p>&nbsp;<\/p>\n<p>&nbsp;<\/p>\n<p>&nbsp;<\/p>\n<p>&nbsp;<\/p>\n<p>&nbsp;<\/p>\n<p>&nbsp;<\/p>\n<p>&nbsp;<\/p>\n<p>&nbsp;<\/p>\n","protected":false},"excerpt":{"rendered":"<p>El Gobierno destac\u00f3 hoy, en una carta dirigida a Estados Unidos e Israel, que \u00abel pueblo argentino no tiene que tolerar que su pa\u00eds sea un teatro de operaciones pol\u00edticas y de inteligencia\u00bb, remarc\u00f3 la posici\u00f3n del gobierno de \u00abimpedir que los enfrentamientos hist\u00f3ricos en sus pa\u00edses de origen sean dirimidos en la Argentina\u00bb y reiter\u00f3 el pedido al gobierno [&#8230;]<\/p>\n","protected":false},"author":8,"featured_media":0,"comment_status":"open","ping_status":"open","sticky":false,"template":"","format":"standard","meta":{"_jetpack_newsletter_access":"","_jetpack_dont_email_post_to_subs":false,"_jetpack_newsletter_tier_id":0,"_jetpack_memberships_contains_paywalled_content":false,"_jetpack_memberships_contains_paid_content":false,"footnotes":""},"categories":[51],"tags":[],"class_list":["post-61865","post","type-post","status-publish","format-standard","hentry","category-politica"],"jetpack_shortlink":"https:\/\/wp.me\/p2JWE0-g5P","jetpack-related-posts":[{"id":61391,"url":"http:\/\/www.24baires.com\/?p=61391","url_meta":{"origin":61865,"position":0},"title":"Cristina public\u00f3 la carta de la embajadora al Congreso de EE.UU.","author":"GB","date":"07\/02\/2015","format":false,"excerpt":"En la carta de la embajadora argentina queda de manifiesto que \"la lucha contra la impunidad y el terrorismo internacional constituye un pilar fundamental de los presidentes N\u00e9stor Kirchner y Cristina Fern\u00e1ndez de Kirchner\". La presidenta Cristina Fern\u00e1ndez de Kirchner twitte\u00f3 hoy la carta de la embajadora Cecilia Nah\u00f3n presentada\u2026","rel":"","context":"En \u00abPol\u00edtica\u00bb","block_context":{"text":"Pol\u00edtica","link":"http:\/\/www.24baires.com\/?cat=51"},"img":{"alt_text":"cristina duelo","src":"https:\/\/i0.wp.com\/www.24baires.com\/wp-content\/uploads\/2015\/01\/cristina-duelo.jpg?resize=350%2C200","width":350,"height":200,"srcset":"https:\/\/i0.wp.com\/www.24baires.com\/wp-content\/uploads\/2015\/01\/cristina-duelo.jpg?resize=350%2C200 1x, https:\/\/i0.wp.com\/www.24baires.com\/wp-content\/uploads\/2015\/01\/cristina-duelo.jpg?resize=525%2C300 1.5x"},"classes":[]},{"id":62594,"url":"http:\/\/www.24baires.com\/?p=62594","url_meta":{"origin":61865,"position":1},"title":"Timerman anunci\u00f3 comunicaciones con Israel por AMIA","author":"Grupo Sierra","date":"03\/03\/2015","format":false,"excerpt":"El canciller argentino dio a conocer una carta de su par israel\u00ed, Avigdon Liberman, d\u00f3nde muestra el inter\u00e9s de su pa\u00eds por esclarecer los ataques a la embajada y la AMIA. H\u00e9ctor Timerman, habl\u00f3 esta tarde desde la Sala de Conferencias de Casa de Gobierno e hizo menci\u00f3n a una\u2026","rel":"","context":"En \u00abInternacionales\u00bb","block_context":{"text":"Internacionales","link":"http:\/\/www.24baires.com\/?cat=73"},"img":{"alt_text":"timerman","src":"https:\/\/i0.wp.com\/www.24baires.com\/wp-content\/uploads\/2014\/08\/timerman.jpg?resize=350%2C200","width":350,"height":200,"srcset":"https:\/\/i0.wp.com\/www.24baires.com\/wp-content\/uploads\/2014\/08\/timerman.jpg?resize=350%2C200 1x, https:\/\/i0.wp.com\/www.24baires.com\/wp-content\/uploads\/2014\/08\/timerman.jpg?resize=525%2C300 1.5x"},"classes":[]},{"id":106628,"url":"http:\/\/www.24baires.com\/?p=106628","url_meta":{"origin":61865,"position":2},"title":"La AMIA busca retirarse de la querella contra Cristina por el Memor\u00e1ndum con Ir\u00e1n","author":"AF","date":"31\/01\/2019","format":false,"excerpt":"Fue un pedido a la DAIA en la causa que se origin\u00f3 con la denuncia del fiscal Alberto Nisman y busca \u201cempezar a tomar distancia de una causa que est\u00e1 en el centro de la famosa grieta\u201d. La Asociaci\u00f3n Mutual Israelita Argentina (AMIA) le reclam\u00f3 a la Delegaci\u00f3n de Asociaciones\u2026","rel":"","context":"En \u00abJUDICIALES\u00bb","block_context":{"text":"JUDICIALES","link":"http:\/\/www.24baires.com\/?cat=68"},"img":{"alt_text":"","src":"https:\/\/i0.wp.com\/www.24baires.com\/wp-content\/uploads\/2015\/04\/amia.jpg?resize=350%2C200","width":350,"height":200,"srcset":"https:\/\/i0.wp.com\/www.24baires.com\/wp-content\/uploads\/2015\/04\/amia.jpg?resize=350%2C200 1x, https:\/\/i0.wp.com\/www.24baires.com\/wp-content\/uploads\/2015\/04\/amia.jpg?resize=525%2C300 1.5x"},"classes":[]},{"id":117875,"url":"http:\/\/www.24baires.com\/?p=117875","url_meta":{"origin":61865,"position":3},"title":"Cristina consider\u00f3 \u00abdisparate judicial, institucional y pol\u00edtico\u00bb a la causa del memor\u00e1ndum","author":"AF","date":"16\/07\/2021","format":false,"excerpt":"La vicepresidenta expuso durante la audiencia p\u00fablica, que fue escuchada por m\u00e1s de 20 mil personas a trav\u00e9s de YouTube. \"Se hicieron maniobras persecutorias para perjudicarnos a m\u00ed y mi familia\", asegur\u00f3. El Tribunal Oral Federal 8 debe resolver si declara o no la nulidad del proceso. La vicepresidenta Cristina\u2026","rel":"","context":"En \u00abJUDICIALES\u00bb","block_context":{"text":"JUDICIALES","link":"http:\/\/www.24baires.com\/?cat=68"},"img":{"alt_text":"","src":"https:\/\/i0.wp.com\/www.24baires.com\/wp-content\/uploads\/2021\/07\/cfk.jpg?resize=350%2C200","width":350,"height":200,"srcset":"https:\/\/i0.wp.com\/www.24baires.com\/wp-content\/uploads\/2021\/07\/cfk.jpg?resize=350%2C200 1x, https:\/\/i0.wp.com\/www.24baires.com\/wp-content\/uploads\/2021\/07\/cfk.jpg?resize=525%2C300 1.5x"},"classes":[]},{"id":37880,"url":"http:\/\/www.24baires.com\/?p=37880","url_meta":{"origin":61865,"position":4},"title":"Amia: Argentina teme que Israel oculte informaci\u00f3n","author":"GB","date":"03\/01\/2014","format":false,"excerpt":"El canciller argentino afirm\u00f3 que las declaraciones del ex embajador Itzhak Avir\u00e1n, quien asegur\u00f3 que Israel asesin\u00f3 a quienes perpetraron el atentado a la sede de la AMIA, \"son de una extrema gravedad\" porque demuestran que se \"ocult\u00f3 la informaci\u00f3n a la Justicia argentina, impidiendo que surjan nuevas evidencias al\u2026","rel":"","context":"En \u00abPol\u00edtica\u00bb","block_context":{"text":"Pol\u00edtica","link":"http:\/\/www.24baires.com\/?cat=51"},"img":{"alt_text":"","src":"","width":0,"height":0},"classes":[]},{"id":35716,"url":"http:\/\/www.24baires.com\/?p=35716","url_meta":{"origin":61865,"position":5},"title":"Capitanich mostr\u00f3 su apoyo al acuerdo firmado por Ir\u00e1n sobre armas nucleares","author":"AF","date":"25\/11\/2013","format":false,"excerpt":"El jefe de Gabinete destac\u00f3 el acuerdo firmado entre Ir\u00e1n y los pa\u00edses centrales respecto del programa de desarrollo nuclear, \"algo importante en virtud del rol argentino sobre la no proliferaci\u00f3n nuclear\". \"El acuerdo firmado entre Ir\u00e1n y los pa\u00edses centrales (Estados Unidos, Rusia, Gran Breta\u00f1a, Francia, Alemania y China)\u2026","rel":"","context":"En \u00abPol\u00edtica\u00bb","block_context":{"text":"Pol\u00edtica","link":"http:\/\/www.24baires.com\/?cat=51"},"img":{"alt_text":"","src":"","width":0,"height":0},"classes":[]}],"jetpack_sharing_enabled":true,"jetpack_likes_enabled":true,"jetpack_featured_media_url":"","_links":{"self":[{"href":"http:\/\/www.24baires.com\/index.php?rest_route=\/wp\/v2\/posts\/61865","targetHints":{"allow":["GET"]}}],"collection":[{"href":"http:\/\/www.24baires.com\/index.php?rest_route=\/wp\/v2\/posts"}],"about":[{"href":"http:\/\/www.24baires.com\/index.php?rest_route=\/wp\/v2\/types\/post"}],"author":[{"embeddable":true,"href":"http:\/\/www.24baires.com\/index.php?rest_route=\/wp\/v2\/users\/8"}],"replies":[{"embeddable":true,"href":"http:\/\/www.24baires.com\/index.php?rest_route=%2Fwp%2Fv2%2Fcomments&post=61865"}],"version-history":[{"count":2,"href":"http:\/\/www.24baires.com\/index.php?rest_route=\/wp\/v2\/posts\/61865\/revisions"}],"predecessor-version":[{"id":61867,"href":"http:\/\/www.24baires.com\/index.php?rest_route=\/wp\/v2\/posts\/61865\/revisions\/61867"}],"wp:attachment":[{"href":"http:\/\/www.24baires.com\/index.php?rest_route=%2Fwp%2Fv2%2Fmedia&parent=61865"}],"wp:term":[{"taxonomy":"category","embeddable":true,"href":"http:\/\/www.24baires.com\/index.php?rest_route=%2Fwp%2Fv2%2Fcategories&post=61865"},{"taxonomy":"post_tag","embeddable":true,"href":"http:\/\/www.24baires.com\/index.php?rest_route=%2Fwp%2Fv2%2Ftags&post=61865"}],"curies":[{"name":"wp","href":"https:\/\/api.w.org\/{rel}","templated":true}]}}