{"id":61861,"date":"2015-02-17T14:09:42","date_gmt":"2015-02-17T17:09:42","guid":{"rendered":"http:\/\/www.24baires.com\/?p=61861"},"modified":"2015-02-18T10:11:52","modified_gmt":"2015-02-18T13:11:52","slug":"fein-califico-de-descabellado-el-testimonio-de-una-testigo","status":"publish","type":"post","link":"http:\/\/www.24baires.com\/?p=61861","title":{"rendered":"Fein calific\u00f3 de \u00abdescabellado\u00bb el testimonio de una testigo"},"content":{"rendered":"<p><img data-recalc-dims=\"1\" loading=\"lazy\" decoding=\"async\" class=\"aligncenter size-full wp-image-60662\" src=\"https:\/\/i0.wp.com\/www.24baires.com\/wp-content\/uploads\/2015\/01\/fein.jpg?resize=560%2C414\" alt=\"fein\" width=\"560\" height=\"414\" srcset=\"https:\/\/i0.wp.com\/www.24baires.com\/wp-content\/uploads\/2015\/01\/fein.jpg?w=560 560w, https:\/\/i0.wp.com\/www.24baires.com\/wp-content\/uploads\/2015\/01\/fein.jpg?resize=300%2C222 300w\" sizes=\"auto, (max-width: 560px) 100vw, 560px\" \/>Viviana Fein sali\u00f3 al cruce de las declaraciones publicadas hoy por el diario Clar\u00edn de una testigo del operativo realizado en el departamento donde muri\u00f3 Alberto Nisman, asegur\u00f3 que las afirmaciones \u201cson expresiones descabelladas\u201d, y reclam\u00f3 \u201cseriedad\u201d a los medios. Ma\u00f1ana dar\u00e1n a conocer las pericias toxicol\u00f3gicas.<!--more--><\/p>\n<p>La fiscal que investiga la muerte de Nisman, desminti\u00f3 esta ma\u00f1ana la informaci\u00f3n publicada por Clar\u00edn en la que una testigo del operativo desplegado en el departamento del fallecido fiscal, llamada Natalia Fern\u00e1ndez, detall\u00f3 supuestas irregularidades en el procedimiento.<\/p>\n<p>En di\u00e1logo con el canal Todo Noticias (TN), la fiscal Fein desminti\u00f3 la publicaci\u00f3n, calific\u00f3 a los dichos de Fern\u00e1ndez como \u201cexpresiones descabelladas\u201d y asegur\u00f3 que no va a permitir \u201cdifamaciones\u201d en su contra.<\/p>\n<p>La fiscal rechaz\u00f3 dar a conocer la identidad de los testigos del procedimiento, pero asegur\u00f3 que Fern\u00e1ndez \u201cest\u00e1 mintiendo\u201d y adjudic\u00f3 los dichos a \u201cmaniobras desagradables y absurdas\u201d vertidas por \u201cquienes no conocen ni mi trayectoria ni mi forma de trabajar\u201d.<\/p>\n<p>Seg\u00fan las afirmaciones vertidas por Fern\u00e1ndez en el art\u00edculo publicado hoy en Clar\u00edn, los funcionarios judiciales le ofrecieron un caf\u00e9 que se habr\u00eda preparado en la cafetera de Nisman y asegur\u00f3 que la fiscal Fein, quien le habr\u00eda mostrado \u201cuna bolsa con cinco casquillos de bala, pititos o una cosa as\u00ed\u201d.<\/p>\n<p>Al respecto, la letrada a cargo de la investigaci\u00f3n indic\u00f3 que la testigo \u201cdeber\u00e1 hacerse cargo de las afirmaciones que puso en mi boca\u201d, y defendi\u00f3 la actuaci\u00f3n en el procedimiento tanto de los peritos como del cuerpo m\u00e9dico forense, al mismo tiempo que rechaz\u00f3 que se haya utilizado la cafetera o cualquier otro elemento de la casa del fiscal.<\/p>\n<p>En otro de los pasajes del art\u00edculo Fern\u00e1ndez declar\u00f3 haber escuchado por parte de peritos o efectivos policiales, que \u201cel disparo a Nisman sali\u00f3 a 11 cent\u00edmetros de su cabeza\u201d, afirmaci\u00f3n descartadas por Fein que describi\u00f3 que \u201chay una sola vaina servida y cuatro balas en el cargador, no hay otra cosas en el marco de la causa, ning\u00fan polic\u00eda puede hablar de la distancia del arma en el lugar de los hechos\u201d, y confirm\u00f3 que \u201ctodo fue secuestrado en el escenario de muerte y remitido al laboratorio de qu\u00edmica y bal\u00edstica\u201d.<\/p>\n<p>Finalmente, Fein anticip\u00f3 que evaluar\u00e1 junto a la jueza Fabiana Palghini la posibilidad de citar a Fern\u00e1ndez por sus \u201cexpresiones descabelladas\u201c y le pidi\u00f3 a los medios \u201cseriedad\u201d y que \u201clean los documentado en la causa\u201d.<\/p>\n<p>&nbsp;<\/p>\n<p>&nbsp;<\/p>\n<p>&nbsp;<\/p>\n<p>&nbsp;<\/p>\n<p>&nbsp;<\/p>\n<p>&nbsp;<\/p>\n<p>&nbsp;<\/p>\n<p>&nbsp;<\/p>\n<p>&nbsp;<\/p>\n<p>&nbsp;<\/p>\n<p>&nbsp;<\/p>\n<p>&nbsp;<\/p>\n","protected":false},"excerpt":{"rendered":"<p>Viviana Fein sali\u00f3 al cruce de las declaraciones publicadas hoy por el diario Clar\u00edn de una testigo del operativo realizado en el departamento donde muri\u00f3 Alberto Nisman, asegur\u00f3 que las afirmaciones \u201cson expresiones descabelladas\u201d, y reclam\u00f3 \u201cseriedad\u201d a los medios. Ma\u00f1ana dar\u00e1n a conocer las pericias toxicol\u00f3gicas.<\/p>\n","protected":false},"author":8,"featured_media":0,"comment_status":"open","ping_status":"open","sticky":false,"template":"","format":"standard","meta":{"_jetpack_newsletter_access":"","_jetpack_dont_email_post_to_subs":false,"_jetpack_newsletter_tier_id":0,"_jetpack_memberships_contains_paywalled_content":false,"_jetpack_memberships_contains_paid_content":false,"footnotes":""},"categories":[51],"tags":[],"class_list":["post-61861","post","type-post","status-publish","format-standard","hentry","category-politica"],"jetpack_shortlink":"https:\/\/wp.me\/p2JWE0-g5L","jetpack-related-posts":[{"id":62333,"url":"http:\/\/www.24baires.com\/?p=62333","url_meta":{"origin":61861,"position":0},"title":"\u00abFue un operativo muy profesional\u00bb, dijo Berni tras declarar","author":"GB","date":"26\/02\/2015","format":false,"excerpt":"El secretario de Seguridad fue citado como testigo en la causa por la muerte de Alberto Nisman. Explic\u00f3 durante tres horas c\u00f3mo se resguard\u00f3 al escena donde fue encontrado sin vida el fiscal antes de la llegada de Fein. El secretario de Seguridad, Sergio Berni, declar\u00f3 este jueves por la\u2026","rel":"","context":"En \u00abPol\u00edtica\u00bb","block_context":{"text":"Pol\u00edtica","link":"http:\/\/www.24baires.com\/?cat=51"},"img":{"alt_text":"berni","src":"https:\/\/i0.wp.com\/www.24baires.com\/wp-content\/uploads\/2015\/02\/berni.jpg?resize=350%2C200","width":350,"height":200,"srcset":"https:\/\/i0.wp.com\/www.24baires.com\/wp-content\/uploads\/2015\/02\/berni.jpg?resize=350%2C200 1x, https:\/\/i0.wp.com\/www.24baires.com\/wp-content\/uploads\/2015\/02\/berni.jpg?resize=525%2C300 1.5x"},"classes":[]},{"id":62034,"url":"http:\/\/www.24baires.com\/?p=62034","url_meta":{"origin":61861,"position":1},"title":"Fein ratific\u00f3 que la testigo Fern\u00e1ndez cambi\u00f3 su relato","author":"GB","date":"20\/02\/2015","format":false,"excerpt":"En un comunicado oficial emitido por la fiscal\u00eda, Viviana Fein inform\u00f3 que la testigo cambi\u00f3 su relato respecto de lo que se hab\u00eda publicado en el diario. Adem\u00e1s, volvi\u00f3 a pedir a los medios respeto por los testigo y sus familias y seriedad en el manejo de la informaci\u00f3n. La\u2026","rel":"","context":"En \u00abJUDICIALES\u00bb","block_context":{"text":"JUDICIALES","link":"http:\/\/www.24baires.com\/?cat=68"},"img":{"alt_text":"","src":"https:\/\/i0.wp.com\/www.24baires.com\/wp-content\/uploads\/2015\/02\/fernandez-testigo.jpg?resize=350%2C200","width":350,"height":200,"srcset":"https:\/\/i0.wp.com\/www.24baires.com\/wp-content\/uploads\/2015\/02\/fernandez-testigo.jpg?resize=350%2C200 1x, https:\/\/i0.wp.com\/www.24baires.com\/wp-content\/uploads\/2015\/02\/fernandez-testigo.jpg?resize=525%2C300 1.5x"},"classes":[]},{"id":64825,"url":"http:\/\/www.24baires.com\/?p=64825","url_meta":{"origin":61861,"position":2},"title":"La C\u00e1mara Federal decidi\u00f3 que Fein contin\u00fae al frente dela investigaci\u00f3n","author":"AF","date":"24\/04\/2015","format":false,"excerpt":"La Justicia rechaz\u00f3 el Recurso de Queja planteado por la ex esposa del fiscal. Una vez m\u00e1s la batalla entre Sandra Arroyo Salgado y Viviana Fein qued\u00f3 para la fiscal. En un nuevo intento por apartar a la fiscal Viviana Fein de la investigaci\u00f3n por la muerte de Alberto Nisman,\u2026","rel":"","context":"En \u00abLocales\u00bb","block_context":{"text":"Locales","link":"http:\/\/www.24baires.com\/?cat=38"},"img":{"alt_text":"fein","src":"https:\/\/i0.wp.com\/www.24baires.com\/wp-content\/uploads\/2015\/01\/fein.jpg?resize=350%2C200","width":350,"height":200,"srcset":"https:\/\/i0.wp.com\/www.24baires.com\/wp-content\/uploads\/2015\/01\/fein.jpg?resize=350%2C200 1x, https:\/\/i0.wp.com\/www.24baires.com\/wp-content\/uploads\/2015\/01\/fein.jpg?resize=525%2C300 1.5x"},"classes":[]},{"id":62279,"url":"http:\/\/www.24baires.com\/?p=62279","url_meta":{"origin":61861,"position":3},"title":"Berni, el testigo en la causa Nisman","author":"Grupo Sierra","date":"25\/02\/2015","format":false,"excerpt":"La citaci\u00f3n hab\u00eda sido planteada para el martes pasado pero fue postergada a pedido del secretario por una intervenci\u00f3n odontol\u00f3gica que ten\u00eda. El secretario de Seguridad, Sergio Berni, brindar\u00e1 ma\u00f1ana declaraci\u00f3n testimonial ante la fiscal Viviana Fein en el marco de la causa que investiga la muerte de Alberto Nisman.\u2026","rel":"","context":"En \u00abJUDICIALES\u00bb","block_context":{"text":"JUDICIALES","link":"http:\/\/www.24baires.com\/?cat=68"},"img":{"alt_text":"","src":"https:\/\/i0.wp.com\/www.24baires.com\/wp-content\/uploads\/2015\/02\/berni.jpg?resize=350%2C200","width":350,"height":200,"srcset":"https:\/\/i0.wp.com\/www.24baires.com\/wp-content\/uploads\/2015\/02\/berni.jpg?resize=350%2C200 1x, https:\/\/i0.wp.com\/www.24baires.com\/wp-content\/uploads\/2015\/02\/berni.jpg?resize=525%2C300 1.5x"},"classes":[]},{"id":60876,"url":"http:\/\/www.24baires.com\/?p=60876","url_meta":{"origin":61861,"position":4},"title":"Seg\u00fan el abogado de Lagomarsino, \u00abprestar un arma no es delito\u00bb","author":"GB","date":"28\/01\/2015","format":false,"excerpt":"Maximiliano Rusconi se present\u00f3 en la fiscal\u00eda de Viviana Fein. Pedir\u00e1 que la Justicia cite a declarar a Cristina y a An\u00edbal Fern\u00e1ndez. El abogado de Diego Lagomarsino, \u00fanico imputado en el marco de la causa en la que se investiga la muerte del fiscal Alberto Nisman, se present\u00f3 en\u2026","rel":"","context":"En \u00abPol\u00edtica\u00bb","block_context":{"text":"Pol\u00edtica","link":"http:\/\/www.24baires.com\/?cat=51"},"img":{"alt_text":"lagomarsino-1","src":"https:\/\/i0.wp.com\/www.24baires.com\/wp-content\/uploads\/2015\/01\/lagomarsino-1.jpg?resize=350%2C200","width":350,"height":200,"srcset":"https:\/\/i0.wp.com\/www.24baires.com\/wp-content\/uploads\/2015\/01\/lagomarsino-1.jpg?resize=350%2C200 1x, https:\/\/i0.wp.com\/www.24baires.com\/wp-content\/uploads\/2015\/01\/lagomarsino-1.jpg?resize=525%2C300 1.5x"},"classes":[]},{"id":60590,"url":"http:\/\/www.24baires.com\/?p=60590","url_meta":{"origin":61861,"position":5},"title":"La ex esposa de Nisman ya declara ante la fiscal Fein","author":"GB","date":"23\/01\/2015","format":false,"excerpt":"La jueza Sandra Arroyo Salgado, ingres\u00f3 esta ma\u00f1ana a la Fiscal\u00eda a cargo de Viviana Fein para brindar su testimonio en el marco de la investigaci\u00f3n por la muerte del fiscal especial de la causa AMIA. La ex esposa de Alberto Nisman, la jueza Sandra Arroyo Salgado, ingres\u00f3 esta ma\u00f1ana\u2026","rel":"","context":"En \u00abPol\u00edtica\u00bb","block_context":{"text":"Pol\u00edtica","link":"http:\/\/www.24baires.com\/?cat=51"},"img":{"alt_text":"","src":"https:\/\/i0.wp.com\/www.24baires.com\/wp-content\/uploads\/2015\/01\/esposa-nisman.jpg?resize=350%2C200","width":350,"height":200},"classes":[]}],"jetpack_sharing_enabled":true,"jetpack_likes_enabled":true,"jetpack_featured_media_url":"","_links":{"self":[{"href":"http:\/\/www.24baires.com\/index.php?rest_route=\/wp\/v2\/posts\/61861","targetHints":{"allow":["GET"]}}],"collection":[{"href":"http:\/\/www.24baires.com\/index.php?rest_route=\/wp\/v2\/posts"}],"about":[{"href":"http:\/\/www.24baires.com\/index.php?rest_route=\/wp\/v2\/types\/post"}],"author":[{"embeddable":true,"href":"http:\/\/www.24baires.com\/index.php?rest_route=\/wp\/v2\/users\/8"}],"replies":[{"embeddable":true,"href":"http:\/\/www.24baires.com\/index.php?rest_route=%2Fwp%2Fv2%2Fcomments&post=61861"}],"version-history":[{"count":1,"href":"http:\/\/www.24baires.com\/index.php?rest_route=\/wp\/v2\/posts\/61861\/revisions"}],"predecessor-version":[{"id":61862,"href":"http:\/\/www.24baires.com\/index.php?rest_route=\/wp\/v2\/posts\/61861\/revisions\/61862"}],"wp:attachment":[{"href":"http:\/\/www.24baires.com\/index.php?rest_route=%2Fwp%2Fv2%2Fmedia&parent=61861"}],"wp:term":[{"taxonomy":"category","embeddable":true,"href":"http:\/\/www.24baires.com\/index.php?rest_route=%2Fwp%2Fv2%2Fcategories&post=61861"},{"taxonomy":"post_tag","embeddable":true,"href":"http:\/\/www.24baires.com\/index.php?rest_route=%2Fwp%2Fv2%2Ftags&post=61861"}],"curies":[{"name":"wp","href":"https:\/\/api.w.org\/{rel}","templated":true}]}}