{"id":61847,"date":"2015-02-16T23:14:51","date_gmt":"2015-02-17T02:14:51","guid":{"rendered":"http:\/\/www.24baires.com\/?p=61847"},"modified":"2015-02-17T15:19:17","modified_gmt":"2015-02-17T18:19:17","slug":"cristina-esta-en-chapadmalal-y-dialogo-con-de-la-sota","status":"publish","type":"post","link":"http:\/\/www.24baires.com\/?p=61847","title":{"rendered":"Cristina est\u00e1 en Chapadmalal y dialog\u00f3 con De la Sota"},"content":{"rendered":"<p><img data-recalc-dims=\"1\" loading=\"lazy\" decoding=\"async\" class=\"aligncenter size-full wp-image-59383\" src=\"https:\/\/i0.wp.com\/www.24baires.com\/wp-content\/uploads\/2014\/12\/cristina-perro-avi%C3%B3n.jpg?resize=560%2C315\" alt=\"cristina perro avi\u00f3n\" width=\"560\" height=\"315\" srcset=\"https:\/\/i0.wp.com\/www.24baires.com\/wp-content\/uploads\/2014\/12\/cristina-perro-avi%C3%B3n.jpg?w=560 560w, https:\/\/i0.wp.com\/www.24baires.com\/wp-content\/uploads\/2014\/12\/cristina-perro-avi%C3%B3n.jpg?resize=300%2C169 300w\" sizes=\"auto, (max-width: 560px) 100vw, 560px\" \/><\/p>\n<p>Jorge Capitanich inform\u00f3 que Cristina Fern\u00e1ndez de Kirchner se encuentra en la residencia oficial de la localidad balnearia bonaerense cercana a <strong>Miramar<\/strong>, con motivo del cumplea\u00f1os de su hijo M\u00e1ximo. Tambi\u00e9n se inform\u00f3 que ofreci\u00f3 la infraestructura del Gobierno Nacional para la emergencia que vive la provincia de C\u00f3rdoba en un di\u00e1logo telef\u00f3nico con el Gobernador De la Sota. <!--more--><\/p>\n<p>As\u00ed lo confirm\u00f3 esta tarde el jefe de Gabinete, Jorge Capitanich, en una conferencia de prensa en la Casa Rosada para anunciar la ayuda del gobierno nacional a C\u00f3rdoba por las inundaciones que sufre la provincia.<\/p>\n<p>En ese marco, Capitanich dijo: \u201cLa Presidenta de la Naci\u00f3n est\u00e1 hoy en un d\u00eda familiar de singular importancia porque su hijo cumple a\u00f1os, como toda madre con mucho afecto por su familia y por su hijo lo est\u00e1 compartiendo\u201d.<\/p>\n<p>El jefe de Gabinete insisti\u00f3 en que la jefa de Estado estuvo en permanente contacto con sus colaboradores m\u00e1s estrechos para seguir de cerca la situaci\u00f3n de C\u00f3rdoba y ratific\u00f3 que el viaje se dio \u201cno por una cuesti\u00f3n intempestiva\u201d, como hab\u00edan especulado algunos medios de comunicaci\u00f3n.<\/p>\n<p><strong>COMUNICACI\u00d3N CON DE LA SOTA<\/strong><\/p>\n<p>El gobernador de C\u00f3rdoba, destac\u00f3 esta noche dijo que habl\u00f3 con la mandataria y asegur\u00f3 que en ese di\u00e1logo la Presidenta le comunic\u00f3 que pon\u00eda al gobierno nacional a \u00abdisposici\u00f3n para resolver los problemas\u201d.<\/p>\n","protected":false},"excerpt":{"rendered":"<p>Jorge Capitanich inform\u00f3 que Cristina Fern\u00e1ndez de Kirchner se encuentra en la residencia oficial de la localidad balnearia bonaerense cercana a Miramar, con motivo del cumplea\u00f1os de su hijo M\u00e1ximo. Tambi\u00e9n se inform\u00f3 que ofreci\u00f3 la infraestructura del Gobierno Nacional para la emergencia que vive la provincia de C\u00f3rdoba en un di\u00e1logo telef\u00f3nico con el Gobernador De la Sota.<\/p>\n","protected":false},"author":11,"featured_media":0,"comment_status":"open","ping_status":"open","sticky":false,"template":"","format":"standard","meta":{"_jetpack_newsletter_access":"","_jetpack_dont_email_post_to_subs":false,"_jetpack_newsletter_tier_id":0,"_jetpack_memberships_contains_paywalled_content":false,"_jetpack_memberships_contains_paid_content":false,"footnotes":""},"categories":[51],"tags":[],"class_list":["post-61847","post","type-post","status-publish","format-standard","hentry","category-politica"],"jetpack_shortlink":"https:\/\/wp.me\/p2JWE0-g5x","jetpack-related-posts":[{"id":36522,"url":"http:\/\/www.24baires.com\/?p=36522","url_meta":{"origin":61847,"position":0},"title":"Cumbre Capitanich-De La Sota","author":"Grupo Sierra","date":"10\/12\/2013","format":false,"excerpt":"El jefe de Gabinete, Jorge Capitanich, se encuentra reunido desde las 9 en Casa de Gobierno con el gobernador de C\u00f3rdoba, Jos\u00e9 Manuel de la Sota. El encuentro se desarrolla en el despacho del funcionario nacional y se enmarca en las audiencias que, por instrucci\u00f3n de la presidenta Cristina Fern\u00e1ndez\u2026","rel":"","context":"En \u00abPol\u00edtica\u00bb","block_context":{"text":"Pol\u00edtica","link":"http:\/\/www.24baires.com\/?cat=51"},"img":{"alt_text":"capitanich jg","src":"https:\/\/i0.wp.com\/www.24baires.com\/wp-content\/uploads\/2013\/11\/capitanich-jg-300x199.jpg?resize=350%2C200","width":350,"height":200},"classes":[]},{"id":36544,"url":"http:\/\/www.24baires.com\/?p=36544","url_meta":{"origin":61847,"position":1},"title":"Capitanich y De La Sota acordaron la refinanciaci\u00f3n de la deuda p\u00fablica de C\u00f3rdoba","author":"Grupo Sierra","date":"10\/12\/2013","format":false,"excerpt":"El jefe de Gabinete, Jorge Capitanchi, anunci\u00f3 hoy, luego de la reuni\u00f3n con el gobernador Jos\u00e9 Manuel De la Sota, que se acord\u00f3 la \"refinanciaci\u00f3n del captial e intereses de los servicios de deuda p\u00fablica\" por 966 millones de pesos, adem\u00e1s de la autorizaci\u00f3n de un endeudamiento para el acueducto\u2026","rel":"","context":"En \u00abPol\u00edtica\u00bb","block_context":{"text":"Pol\u00edtica","link":"http:\/\/www.24baires.com\/?cat=51"},"img":{"alt_text":"De La Sota Capitanich","src":"https:\/\/i0.wp.com\/www.24baires.com\/wp-content\/uploads\/2013\/12\/De-La-Sota-Capitanich-300x180.jpg?resize=350%2C200","width":350,"height":200},"classes":[]},{"id":36269,"url":"http:\/\/www.24baires.com\/?p=36269","url_meta":{"origin":61847,"position":2},"title":"Capitanich: \u00abTwitter no es la v\u00eda formal para requerir fuerzas de seguridad\u00bb","author":"GB","date":"05\/12\/2013","format":false,"excerpt":"El jefe de Gabinete asegur\u00f3 que en el marco de la situaci\u00f3n en la provincia \"no se hicieron los requerimientos formales\" para solicitar la ayuda de Naci\u00f3n. Capitanich ratific\u00f3 que recibir\u00e1 el martes a De la Sota. \"Yo he sido gobernador del Chaco y jam\u00e1s he tenido un episodio de\u2026","rel":"","context":"En \u00abPol\u00edtica\u00bb","block_context":{"text":"Pol\u00edtica","link":"http:\/\/www.24baires.com\/?cat=51"},"img":{"alt_text":"Cpitanich","src":"https:\/\/i0.wp.com\/www.24baires.com\/wp-content\/uploads\/2013\/12\/Cpitanich.jpg?resize=350%2C200","width":350,"height":200},"classes":[]},{"id":45940,"url":"http:\/\/www.24baires.com\/?p=45940","url_meta":{"origin":61847,"position":3},"title":"Capitanich sugiri\u00f3 que la marcha de \u00abla CGT minoritaria\u00bb deber\u00eda ser a las gobernaciones","author":"AF","date":"14\/05\/2014","format":false,"excerpt":"El jefe de Gabinete, Jorge Capitanich, sugiri\u00f3 hoy que \"si la seguridad p\u00fablica\" es el reclamo de la movilizaci\u00f3n convocada para hoy por el sindicalismo opositor, deber\u00edan dirigirla \"al gobernador Daniel Scioli en la provincia de Buenos Aires; a Jos\u00e9 Manuel de la Sota en C\u00f3rdoba; a Antonio Bonfatti en\u2026","rel":"","context":"En \u00abPol\u00edtica\u00bb","block_context":{"text":"Pol\u00edtica","link":"http:\/\/www.24baires.com\/?cat=51"},"img":{"alt_text":"Capitanich","src":"https:\/\/i0.wp.com\/www.24baires.com\/wp-content\/uploads\/2014\/01\/Capitanich.jpg?resize=350%2C200","width":350,"height":200,"srcset":"https:\/\/i0.wp.com\/www.24baires.com\/wp-content\/uploads\/2014\/01\/Capitanich.jpg?resize=350%2C200 1x, https:\/\/i0.wp.com\/www.24baires.com\/wp-content\/uploads\/2014\/01\/Capitanich.jpg?resize=525%2C300 1.5x"},"classes":[]},{"id":116123,"url":"http:\/\/www.24baires.com\/?p=116123","url_meta":{"origin":61847,"position":4},"title":"\u00abLa Argentina central que tiene periferias no se puede tolerar m\u00e1s\u00bb","author":"AF","date":"01\/09\/2020","format":false,"excerpt":"El Presidente encabez\u00f3 la firma de convenios con el gobernador de Chaco, Jorge Capitanich. En ese marco, defendi\u00f3 el acceso a la conectividad y al conocimiento en todo el pa\u00eds. El presidente Alberto Fern\u00e1ndez reafirm\u00f3 que \"la Argentina central, que tiene dos periferias, al norte y a sur del pa\u00eds,\u2026","rel":"","context":"En \u00abPol\u00edtica\u00bb","block_context":{"text":"Pol\u00edtica","link":"http:\/\/www.24baires.com\/?cat=51"},"img":{"alt_text":"","src":"https:\/\/i0.wp.com\/www.24baires.com\/wp-content\/uploads\/2020\/09\/fern%C3%A1ndez-capitanich.jpg?resize=350%2C200","width":350,"height":200,"srcset":"https:\/\/i0.wp.com\/www.24baires.com\/wp-content\/uploads\/2020\/09\/fern%C3%A1ndez-capitanich.jpg?resize=350%2C200 1x, https:\/\/i0.wp.com\/www.24baires.com\/wp-content\/uploads\/2020\/09\/fern%C3%A1ndez-capitanich.jpg?resize=525%2C300 1.5x"},"classes":[]},{"id":36333,"url":"http:\/\/www.24baires.com\/?p=36333","url_meta":{"origin":61847,"position":5},"title":"De la Sota le agradeci\u00f3 al Gobierno la llegada de Gendarmer\u00eda","author":"GB","date":"06\/12\/2013","format":false,"excerpt":"El secretario de Seguridad de la Naci\u00f3n, Sergio Berni, supervis\u00f3 en C\u00f3rdoba el despliegue de los 1.200 gendarmes que llegaron a la provincia a pedido del gobernador, Jos\u00e9 Manuel de la Sota, quien agradeci\u00f3 la presencia de la fuerza federal para reforzar la seguridad, tras los saqueos del martes y\u2026","rel":"","context":"En \u00abPol\u00edtica\u00bb","block_context":{"text":"Pol\u00edtica","link":"http:\/\/www.24baires.com\/?cat=51"},"img":{"alt_text":"berni c\u00f3rdoba","src":"https:\/\/i0.wp.com\/www.24baires.com\/wp-content\/uploads\/2013\/12\/berni-c%C3%B3rdoba-300x190.jpg?resize=350%2C200","width":350,"height":200},"classes":[]}],"jetpack_sharing_enabled":true,"jetpack_likes_enabled":true,"jetpack_featured_media_url":"","_links":{"self":[{"href":"http:\/\/www.24baires.com\/index.php?rest_route=\/wp\/v2\/posts\/61847","targetHints":{"allow":["GET"]}}],"collection":[{"href":"http:\/\/www.24baires.com\/index.php?rest_route=\/wp\/v2\/posts"}],"about":[{"href":"http:\/\/www.24baires.com\/index.php?rest_route=\/wp\/v2\/types\/post"}],"author":[{"embeddable":true,"href":"http:\/\/www.24baires.com\/index.php?rest_route=\/wp\/v2\/users\/11"}],"replies":[{"embeddable":true,"href":"http:\/\/www.24baires.com\/index.php?rest_route=%2Fwp%2Fv2%2Fcomments&post=61847"}],"version-history":[{"count":2,"href":"http:\/\/www.24baires.com\/index.php?rest_route=\/wp\/v2\/posts\/61847\/revisions"}],"predecessor-version":[{"id":61849,"href":"http:\/\/www.24baires.com\/index.php?rest_route=\/wp\/v2\/posts\/61847\/revisions\/61849"}],"wp:attachment":[{"href":"http:\/\/www.24baires.com\/index.php?rest_route=%2Fwp%2Fv2%2Fmedia&parent=61847"}],"wp:term":[{"taxonomy":"category","embeddable":true,"href":"http:\/\/www.24baires.com\/index.php?rest_route=%2Fwp%2Fv2%2Fcategories&post=61847"},{"taxonomy":"post_tag","embeddable":true,"href":"http:\/\/www.24baires.com\/index.php?rest_route=%2Fwp%2Fv2%2Ftags&post=61847"}],"curies":[{"name":"wp","href":"https:\/\/api.w.org\/{rel}","templated":true}]}}