{"id":61803,"date":"2015-02-15T18:14:35","date_gmt":"2015-02-15T21:14:35","guid":{"rendered":"http:\/\/www.24baires.com\/?p=61803"},"modified":"2015-02-15T18:15:09","modified_gmt":"2015-02-15T21:15:09","slug":"otros-dos-concejales-pasan-del-fr-al-fpv-en-brown","status":"publish","type":"post","link":"http:\/\/www.24baires.com\/?p=61803","title":{"rendered":"Otros dos concejales pasan del FR al FPV en Brown"},"content":{"rendered":"<p><img data-recalc-dims=\"1\" loading=\"lazy\" decoding=\"async\" class=\"aligncenter size-full wp-image-55116\" src=\"https:\/\/i0.wp.com\/www.24baires.com\/wp-content\/uploads\/2014\/10\/municipalidad-almirante-brown.jpg?resize=560%2C344\" alt=\"municipalidad almirante brown\" width=\"560\" height=\"344\" srcset=\"https:\/\/i0.wp.com\/www.24baires.com\/wp-content\/uploads\/2014\/10\/municipalidad-almirante-brown.jpg?w=560 560w, https:\/\/i0.wp.com\/www.24baires.com\/wp-content\/uploads\/2014\/10\/municipalidad-almirante-brown.jpg?resize=300%2C184 300w\" sizes=\"auto, (max-width: 560px) 100vw, 560px\" \/>Tras la salida de Mariano San Pedro del massismo, esta semana anunciaron su regreso Carvajal y Russo.<!--more--><\/p>\n<p>Luego de que el diputado provincial y dirigente de Almirante Brown Mariano San Pedro anunciara su salida del Frente Renovador, esta semana dos concejales del distrito optaron por seguir sus pasos: primero notific\u00f3 su renuncia y su regreso al kirchnerismo Carlos Carvajal, mientras que antes de ayer hizo lo mismo su par Marilina Russo.<\/p>\n<p>\u201cVamos a acompa\u00f1ar a San Pedro en esta etapa pol\u00edtica porque cuando pasamos al FR priorizamos la necesidad de consolidar el distrito y se plante\u00f3 que los compa\u00f1eros que comulg\u00e1bamos con el kirchnerismo \u00edbamos a tener nuestro lugar, pero el FR se fue liberalizando. No acordamos con pol\u00edticas ni alianzas que fueron haciendo\u201d, explic\u00f3 Carvajal y advirti\u00f3 que \u201chay compa\u00f1eros que en estos d\u00edas oficializar\u00e1n su traspaso\u201d.<\/p>\n<p>En ese pron\u00f3stico no le err\u00f3, ya que el jueves fue su par Russo quien hizo p\u00fablico su retorno a las huestes kirchneristas y lo atribuy\u00f3 a \u201cdiferencias pol\u00edticas e ideol\u00f3gicas\u201d. \u201cEn el FR nos dijeron que iban a ser cr\u00edticos s\u00f3lo de las cosas que estaban mal en el Gobierno. No pensamos que iban a seguir avanzando en lo que finalmente se transform\u00f3, en algo en lo que nosotros no coincidimos\u201d, argument\u00f3 la edil.<\/p>\n<p>Al igual que San Pedro, Carvajal y Russo expresaron su respaldo a la candidatura presidencial del ministro del Interior y Transporte, Florencio Randazzo.<\/p>\n<p>Si bien los pases parecen ajenos a la conducci\u00f3n del massismo en Brown, esta semana hubo rumores sobre una posible vuelta del ex intendente Dar\u00edo Giustozzi al kirchnerismo.<\/p>\n<p>&nbsp;<\/p>\n<p>&nbsp;<\/p>\n","protected":false},"excerpt":{"rendered":"<p>Tras la salida de Mariano San Pedro del massismo, esta semana anunciaron su regreso Carvajal y Russo.<\/p>\n","protected":false},"author":11,"featured_media":0,"comment_status":"open","ping_status":"open","sticky":false,"template":"","format":"standard","meta":{"_jetpack_newsletter_access":"","_jetpack_dont_email_post_to_subs":false,"_jetpack_newsletter_tier_id":0,"_jetpack_memberships_contains_paywalled_content":false,"_jetpack_memberships_contains_paid_content":false,"footnotes":""},"categories":[51],"tags":[],"class_list":["post-61803","post","type-post","status-publish","format-standard","hentry","category-politica"],"jetpack_shortlink":"https:\/\/wp.me\/p2JWE0-g4P","jetpack-related-posts":[{"id":36542,"url":"http:\/\/www.24baires.com\/?p=36542","url_meta":{"origin":61803,"position":0},"title":"Los ediles electos en Echeverr\u00eda y Brown asumir\u00e1n hoy sus bancadas","author":"Grupo Sierra","date":"10\/12\/2013","format":false,"excerpt":"En Echeverr\u00eda, la sesi\u00f3n preparatoria est\u00e1 convocada para las 10 y juraran siete concejales electos del massismo y cinco del oficialismo. En Brown, el encuentro est\u00e1 previsto para las 18 y prestar\u00e1n juramento ocho ediles electos del massismo y cuatro del kirchnerismo. En ambos distritos, se elegir\u00e1 a las autoridades\u2026","rel":"","context":"En \u00abLocales\u00bb","block_context":{"text":"Locales","link":"http:\/\/www.24baires.com\/?cat=38"},"img":{"alt_text":"","src":"","width":0,"height":0},"classes":[]},{"id":61253,"url":"http:\/\/www.24baires.com\/?p=61253","url_meta":{"origin":61803,"position":1},"title":"Massa perdi\u00f3 un diputado que se fue con Randazzo","author":"GB","date":"04\/02\/2015","format":false,"excerpt":"El diputado provincial Mariano San Pedro anunci\u00f3 que dejar\u00e1 la bancada del Frente Renovador y se sumar\u00e1 al Frente para la Victoria cuando comience la actividad legislativa. Adem\u00e1s anticip\u00f3 que va a trabajar para Florencio Randazzo en las internas del sector. El legislador es hijo del intendente de Bragado Aldo\u2026","rel":"","context":"En \u00abPol\u00edtica\u00bb","block_context":{"text":"Pol\u00edtica","link":"http:\/\/www.24baires.com\/?cat=51"},"img":{"alt_text":"massa otra","src":"https:\/\/i0.wp.com\/www.24baires.com\/wp-content\/uploads\/2013\/06\/massa-otra.jpg?resize=350%2C200","width":350,"height":200,"srcset":"https:\/\/i0.wp.com\/www.24baires.com\/wp-content\/uploads\/2013\/06\/massa-otra.jpg?resize=350%2C200 1x, https:\/\/i0.wp.com\/www.24baires.com\/wp-content\/uploads\/2013\/06\/massa-otra.jpg?resize=525%2C300 1.5x"},"classes":[]},{"id":58958,"url":"http:\/\/www.24baires.com\/?p=58958","url_meta":{"origin":61803,"position":2},"title":"Almirante Brown se suma al cobro de la tasa vial","author":"GB","date":"21\/12\/2014","format":false,"excerpt":"En medio de la pol\u00e9mica entre la Provincia y una docena de municipios gobernados por el massismo y el PRO por la tasa vial, otro distrito se sum\u00f3 esta semana al cobro de esa imposici\u00f3n. Se trata de Almirante Brown, cuyo intendente pertenece tambi\u00e9n al Frente Renovador. As\u00ed se conoci\u00f3\u2026","rel":"","context":"En \u00abLocales\u00bb","block_context":{"text":"Locales","link":"http:\/\/www.24baires.com\/?cat=38"},"img":{"alt_text":"","src":"","width":0,"height":0},"classes":[]},{"id":48932,"url":"http:\/\/www.24baires.com\/?p=48932","url_meta":{"origin":61803,"position":3},"title":"Contin\u00faa la preocupaci\u00f3n por la situaci\u00f3n en comedores escolares provinciales","author":"Grupo Sierra","date":"29\/06\/2014","format":false,"excerpt":"Los Concejos Deliberantes se hicieron eco de la denuncia del gremio docente y mantuvieron fuertes debates. El ministro de Desarrollo Social aclar\u00f3 que los comedores funcionan \u201cnormalmente\u201d. La denuncia de Suteba por un recorte a los comedores escolares bonaerenses tuvo repercusi\u00f3n en los Concejos deliberantes de Almirante Brown, Avellaneda y\u2026","rel":"","context":"En \u00abProvincia\u00bb","block_context":{"text":"Provincia","link":"http:\/\/www.24baires.com\/?cat=40"},"img":{"alt_text":"comedors-escolares-610x360","src":"https:\/\/i0.wp.com\/www.24baires.com\/wp-content\/uploads\/2013\/05\/comedors-escolares-610x360.jpg?resize=350%2C200","width":350,"height":200,"srcset":"https:\/\/i0.wp.com\/www.24baires.com\/wp-content\/uploads\/2013\/05\/comedors-escolares-610x360.jpg?resize=350%2C200 1x, https:\/\/i0.wp.com\/www.24baires.com\/wp-content\/uploads\/2013\/05\/comedors-escolares-610x360.jpg?resize=525%2C300 1.5x"},"classes":[]},{"id":62753,"url":"http:\/\/www.24baires.com\/?p=62753","url_meta":{"origin":61803,"position":4},"title":"Massa sigue perdiendo aliados, esta vez un senador bonaerense","author":"GB","date":"06\/03\/2015","format":false,"excerpt":"El senador bonaerense Alfonso Coll Areco renunci\u00f3 a la bancada del Frente Renovador (FR) y anunci\u00f3 la creaci\u00f3n de un monobloque, convirti\u00e9ndose as\u00ed en el segundo legislador en enfrentarse a su referente pol\u00edtico y abandonar las filas del espacio que lidera Sergio Massa. Coll Areco, quien lleg\u00f3 al Senado bonaerense\u2026","rel":"","context":"En \u00abPol\u00edtica\u00bb","block_context":{"text":"Pol\u00edtica","link":"http:\/\/www.24baires.com\/?cat=51"},"img":{"alt_text":"massa mate","src":"https:\/\/i0.wp.com\/www.24baires.com\/wp-content\/uploads\/2015\/01\/massa-mate.jpg?resize=350%2C200","width":350,"height":200,"srcset":"https:\/\/i0.wp.com\/www.24baires.com\/wp-content\/uploads\/2015\/01\/massa-mate.jpg?resize=350%2C200 1x, https:\/\/i0.wp.com\/www.24baires.com\/wp-content\/uploads\/2015\/01\/massa-mate.jpg?resize=525%2C300 1.5x"},"classes":[]},{"id":34521,"url":"http:\/\/www.24baires.com\/?p=34521","url_meta":{"origin":61803,"position":5},"title":"Senador massista asegura que Posse es \u201clo peor de la borocotizaci\u00f3n\u201d de la pol\u00edtica","author":"AF","date":"02\/11\/2013","format":false,"excerpt":"El senador bonaerense electo y jefe del Frente Renovador de San Isidro Sebasti\u00e1n Galmarini cuestion\u00f3 la integraci\u00f3n definitiva del intendente de San Isidro, Gustavo Posse, a las filas del massismo. A dos d\u00edas de darse a conocer que Posse defini\u00f3 desligarse del Pro \u2013dijo que \u201cnunca\u201d perteneci\u00f3 en realidad al\u2026","rel":"","context":"En \u00abPol\u00edtica\u00bb","block_context":{"text":"Pol\u00edtica","link":"http:\/\/www.24baires.com\/?cat=51"},"img":{"alt_text":"","src":"","width":0,"height":0},"classes":[]}],"jetpack_sharing_enabled":true,"jetpack_likes_enabled":true,"jetpack_featured_media_url":"","_links":{"self":[{"href":"http:\/\/www.24baires.com\/index.php?rest_route=\/wp\/v2\/posts\/61803","targetHints":{"allow":["GET"]}}],"collection":[{"href":"http:\/\/www.24baires.com\/index.php?rest_route=\/wp\/v2\/posts"}],"about":[{"href":"http:\/\/www.24baires.com\/index.php?rest_route=\/wp\/v2\/types\/post"}],"author":[{"embeddable":true,"href":"http:\/\/www.24baires.com\/index.php?rest_route=\/wp\/v2\/users\/11"}],"replies":[{"embeddable":true,"href":"http:\/\/www.24baires.com\/index.php?rest_route=%2Fwp%2Fv2%2Fcomments&post=61803"}],"version-history":[{"count":2,"href":"http:\/\/www.24baires.com\/index.php?rest_route=\/wp\/v2\/posts\/61803\/revisions"}],"predecessor-version":[{"id":61805,"href":"http:\/\/www.24baires.com\/index.php?rest_route=\/wp\/v2\/posts\/61803\/revisions\/61805"}],"wp:attachment":[{"href":"http:\/\/www.24baires.com\/index.php?rest_route=%2Fwp%2Fv2%2Fmedia&parent=61803"}],"wp:term":[{"taxonomy":"category","embeddable":true,"href":"http:\/\/www.24baires.com\/index.php?rest_route=%2Fwp%2Fv2%2Fcategories&post=61803"},{"taxonomy":"post_tag","embeddable":true,"href":"http:\/\/www.24baires.com\/index.php?rest_route=%2Fwp%2Fv2%2Ftags&post=61803"}],"curies":[{"name":"wp","href":"https:\/\/api.w.org\/{rel}","templated":true}]}}