{"id":61783,"date":"2015-02-14T22:00:27","date_gmt":"2015-02-15T01:00:27","guid":{"rendered":"http:\/\/www.24baires.com\/?p=61783"},"modified":"2015-02-14T21:32:15","modified_gmt":"2015-02-15T00:32:15","slug":"eduardo-santin-deja-la-ucr-porque-la-oposicion-busca-desgastar-la-democracia","status":"publish","type":"post","link":"http:\/\/www.24baires.com\/?p=61783","title":{"rendered":"Eduardo Sant\u00edn deja la UCR porque la oposici\u00f3n busca desgastar la democracia"},"content":{"rendered":"<p>El legislador radical Eduardo Sant\u00edn anunci\u00f3 que abandona el bloque de la UCR en Diputados argumentando que \u00abestamos casi con bandera de remate, tratando de prendernos a alg\u00fan candidato de derecha\u00bb.<!--more--><\/p>\n<p>\u00abSiento que la conducci\u00f3n del radicalismo ha abandonado las banderas de nuestro partido\u00bb, dijo el diputado nacional Eduardo Sant\u00edn, que ahora tiene su bloque unipersonal, apuntando las cr\u00edticas tanto a Ernesto Sanz como a Gerardo Morales.<\/p>\n<p>En ese sentido, advirti\u00f3 que \u00abcon el tema Nisman\u00bb la oposici\u00f3n \u2013incluida la UCR\u2013 \u00abintenta generar un desgaste al sistema (democr\u00e1tico) para que llegue (a fin de a\u00f1o) lo m\u00e1s debilitado posible\u00bb.<\/p>\n<p>Sant\u00edn abandon\u00f3 el bloque de la UCR en la c\u00e1mara baja haciendo p\u00fablica la siguiente declaraci\u00f3n:<\/p>\n<p>Cuando me afili\u00e9 a la Uni\u00f3n C\u00edvica Radical, hace m\u00e1s de 42 a\u00f1os, lo hice partiendo de la base que me incorporaba a una fuerza pol\u00edtica que ten\u00eda vocaci\u00f3n de poder, un fuerte contenido democr\u00e1tico y un pasado que lo avalaba como fiel defensor de la igualdad y el sentido popular.<\/p>\n<p>Hip\u00f3lito Yrigoyen, creador de un partido de concepci\u00f3n nacional, humanista, popular y hermanado con la patria grande, alejado de la sociedad de caudillos provinciales que se un\u00edan para ganar elecciones; Cris\u00f3logo Larralde comprometido con la lucha a favor de la justicia social para los sectores populares; Arturo Illia y su inconfundible disputa contra las corporaciones en defensa del inter\u00e9s nacional y de la identidad latinoamericana; Y el liderazgo de Ra\u00fal Alfons\u00edn, me permitieron tener la utop\u00eda de la construcci\u00f3n de una sociedad m\u00e1s justa, democr\u00e1tica e igualitaria.<\/p>\n<p>Ra\u00fal Alfons\u00edn nos abri\u00f3 la oportunidad de convocar a millones de argentinos desde la pol\u00edtica, bajo la bandera de la recuperaci\u00f3n democr\u00e1tica, mostrando al mundo que la Memoria, la Verdad y la Justicia eran posibles. Llevando adelante la equidad social hizo de la \u00c9tica de la Solidaridad un fin en si mismo.<\/p>\n<p>Todos esos valores que me acercaron a la UCR fueron traicionados por la conducci\u00f3n partidaria que se aline\u00f3 a los sectores m\u00e1s retr\u00f3grados desde lo pol\u00edtico y lo econ\u00f3mico, con el \u00fanico fin de derrotar a un gobierno que con sus d\u00e9ficits y sus errores, reivindic\u00f3 la pol\u00edtica, le dio continuidad a la conquista de derechos individuales, que tiene una mirada regional latinoamericanista, que apost\u00f3 a la lucha por la verdad y la justicia, que puso en discusi\u00f3n la distribuci\u00f3n del ingreso y la deuda externa y que volvi\u00f3 a incorporar a los j\u00f3venes al debate de la pol\u00edtica.<\/p>\n<p>Hoy el partido, como en otras etapa de su historia, fue cooptado por los sectores conservadores hace ya m\u00e1s de 10 a\u00f1os y lo llevaron tras la agenda del poder corporativo; Lo vaciaron de identidad nacional, convirti\u00e9ndolo en un conglomerado de candidatos territoriales, sin concepci\u00f3n popular, vaciado de ideolog\u00eda socialdem\u00f3crata que en nada se diferencia de los planteos neoliberales . Vamos camino al \u201cCaprilismo\u201d o a la \u201cUni\u00f3n Democr\u00e1tica\u201d.<\/p>\n<p>Lo UCR abandon\u00f3 uno de los principales atributos que ten\u00eda, que era su debate interno. La Convenci\u00f3n Nacional tiene el triste privilegio de no haberse reunido nunca en tres a\u00f1os, el Comit\u00e9 Nacional solo lo hace para le elecci\u00f3n de autoridades y el resultado es el vaciamiento de un partido que tomaba sus decisiones democr\u00e1ticamente.<\/p>\n<p>Frente a este panorama se hace muy dif\u00edcil pertenecer a un bloque donde las decisiones las recibimos por los diarios, donde no importa qu\u00e9 se discute pero la regla del \u201cme opongo\u201d es el argumento principal.<\/p>\n<p>Es cierto que el oficialismo desnaturaliz\u00f3 el Congreso, negando en la mayor\u00eda de las ocasiones la posibilidad de mejorar, discutir y buscar consensos. Sin embargo, la contracara que es el Grupo A no se muestra como algo distinto cuando no le ofrece a la ciudadan\u00eda una alternativa que mejore esta metodolog\u00eda.<\/p>\n<p>S\u00e9 que no tengo el radical\u00f3metro, pero tambi\u00e9n estoy convencido que esta conducci\u00f3n, desde Fernando de la Rua hasta ac\u00e1, continua espantando a los votantes progresistas que nos acompa\u00f1aron a lo largo de la historia.<\/p>\n<p>Sigo creyendo que la UCR de Yrigoyen, Larralde, Illia, Alfons\u00edn, sigue en el coraz\u00f3n y en la conciencia de miles de ciudadanos. Creo en su recuperaci\u00f3n, pero es el momento de proponer el proyecto desde otro lugar para que el pueblo pueda ver que HAY OTRO RADICALISMO Y QUE ESTAMOS COMPROMETIDOS CON EL.<\/p>\n<p>&nbsp;<\/p>\n<p>&nbsp;<\/p>\n<p>&nbsp;<\/p>\n<p>&nbsp;<\/p>\n<p>&nbsp;<\/p>\n<p>&nbsp;<\/p>\n<p>&nbsp;<\/p>\n<p>&nbsp;<\/p>\n<p>&nbsp;<\/p>\n<p>&nbsp;<\/p>\n<p>&nbsp;<\/p>\n<p>&nbsp;<\/p>\n<p>&nbsp;<\/p>\n<p>&nbsp;<\/p>\n","protected":false},"excerpt":{"rendered":"<p>El legislador radical Eduardo Sant\u00edn anunci\u00f3 que abandona el bloque de la UCR en Diputados argumentando que \u00abestamos casi con bandera de remate, tratando de prendernos a alg\u00fan candidato de derecha\u00bb.<\/p>\n","protected":false},"author":8,"featured_media":0,"comment_status":"open","ping_status":"open","sticky":false,"template":"","format":"standard","meta":{"_jetpack_newsletter_access":"","_jetpack_dont_email_post_to_subs":false,"_jetpack_newsletter_tier_id":0,"_jetpack_memberships_contains_paywalled_content":false,"_jetpack_memberships_contains_paid_content":false,"footnotes":""},"categories":[51],"tags":[],"class_list":["post-61783","post","type-post","status-publish","format-standard","hentry","category-politica"],"jetpack_shortlink":"https:\/\/wp.me\/p2JWE0-g4v","jetpack-related-posts":[{"id":89455,"url":"http:\/\/www.24baires.com\/?p=89455","url_meta":{"origin":61783,"position":0},"title":"Moreau fue expulsado de la UCR","author":"GB","date":"03\/11\/2016","format":false,"excerpt":"Por decisi\u00f3n del Tribunal de \u00c9tica del partido centenario, Leopoldo Moreau fue expulsado \"por su manifiesta inconducta \u00e9tica y moral\". Tambi\u00e9n expulsaron al diputado nacional Eduardo Sant\u00edn. El hist\u00f3rico dirigente radical Leopoldo Moreau fue expulsado de la Uni\u00f3n C\u00edvica Radical, seg\u00fan decidi\u00f3 el Tribunal de \u00c9tica del partido centenario Destinatario\u2026","rel":"","context":"En \u00abPol\u00edtica\u00bb","block_context":{"text":"Pol\u00edtica","link":"http:\/\/www.24baires.com\/?cat=51"},"img":{"alt_text":"Moreau","src":"https:\/\/i0.wp.com\/www.24baires.com\/wp-content\/uploads\/2015\/10\/Moreau.jpg?resize=350%2C200","width":350,"height":200,"srcset":"https:\/\/i0.wp.com\/www.24baires.com\/wp-content\/uploads\/2015\/10\/Moreau.jpg?resize=350%2C200 1x, https:\/\/i0.wp.com\/www.24baires.com\/wp-content\/uploads\/2015\/10\/Moreau.jpg?resize=525%2C300 1.5x"},"classes":[]},{"id":53448,"url":"http:\/\/www.24baires.com\/?p=53448","url_meta":{"origin":61783,"position":1},"title":"Diputados convirti\u00f3 en Ley el proyecto de pago soberano de la deuda","author":"AF","date":"11\/09\/2014","format":false,"excerpt":"El kirchnerismo en la C\u00e1mara de Diputados consigui\u00f3 134 votos para aprobar el proyecto de ley de pago soberano de deuda al reunir 116 legisladores propios, 15 aliados habituales y tres opositores; en tanto que la mayor\u00eda del arco opositor se encolumn\u00f3 en los 99 votos negativos. El radical Eduardo\u2026","rel":"","context":"En \u00abEconom\u00eda\u00bb","block_context":{"text":"Econom\u00eda","link":"http:\/\/www.24baires.com\/?cat=45"},"img":{"alt_text":"","src":"","width":0,"height":0},"classes":[]},{"id":121769,"url":"http:\/\/www.24baires.com\/?p=121769","url_meta":{"origin":61783,"position":2},"title":"Se rompi\u00f3 la UCR: 12 diputados formar\u00e1n una nueva bancada en el Congreso","author":"GB","date":"24\/10\/2024","format":false,"excerpt":"El quiebre en la UCR se formaliz\u00f3 luego de la reuni\u00f3n de algunos diputados con el oficialismo. Manes-Lousteau por un lado, Rodrigo de Loredo por el otro. Finalmente el bloque de la Uni\u00f3n C\u00edvica Radical (UCR) en Diputados se fractur\u00f3 con la confirmaci\u00f3n de la salida de 12 legisladores que\u2026","rel":"","context":"En \u00abPol\u00edtica\u00bb","block_context":{"text":"Pol\u00edtica","link":"http:\/\/www.24baires.com\/?cat=51"},"img":{"alt_text":"","src":"https:\/\/i0.wp.com\/www.24baires.com\/wp-content\/uploads\/2024\/10\/ruptura-ucr.webp?resize=350%2C200","width":350,"height":200,"srcset":"https:\/\/i0.wp.com\/www.24baires.com\/wp-content\/uploads\/2024\/10\/ruptura-ucr.webp?resize=350%2C200 1x, https:\/\/i0.wp.com\/www.24baires.com\/wp-content\/uploads\/2024\/10\/ruptura-ucr.webp?resize=525%2C300 1.5x, https:\/\/i0.wp.com\/www.24baires.com\/wp-content\/uploads\/2024\/10\/ruptura-ucr.webp?resize=700%2C400 2x"},"classes":[]},{"id":43059,"url":"http:\/\/www.24baires.com\/?p=43059","url_meta":{"origin":61783,"position":3},"title":"Homenajes en todo el pa\u00eds a 5 a\u00f1os del fallecimiento de Alfons\u00edn","author":"Grupo Sierra","date":"31\/03\/2014","format":false,"excerpt":"Una serie de homenajes al ex presidente Ra\u00fal Alfons\u00edn, s\u00edmbolo de la restituci\u00f3n democr\u00e1tica argentina, se iniciar\u00e1 hoy en todo el pa\u00eds, al cumplirse cinco a\u00f1os de su fallecimiento. El acto oficial en su memoria se realizar\u00e1 a las 19 en la sede del comit\u00e9 de la UCR de capital\u2026","rel":"","context":"En \u00abMemoria\u00bb","block_context":{"text":"Memoria","link":"http:\/\/www.24baires.com\/?cat=50"},"img":{"alt_text":"s\u00e1bato alfonsin entrega Nunca m\u00e1s","src":"https:\/\/i0.wp.com\/www.24baires.com\/wp-content\/uploads\/2012\/12\/s%C3%A1bato-alfonsin-entrega-Nunca-m%C3%A1s.jpg?resize=350%2C200","width":350,"height":200,"srcset":"https:\/\/i0.wp.com\/www.24baires.com\/wp-content\/uploads\/2012\/12\/s%C3%A1bato-alfonsin-entrega-Nunca-m%C3%A1s.jpg?resize=350%2C200 1x, https:\/\/i0.wp.com\/www.24baires.com\/wp-content\/uploads\/2012\/12\/s%C3%A1bato-alfonsin-entrega-Nunca-m%C3%A1s.jpg?resize=525%2C300 1.5x"},"classes":[]},{"id":61914,"url":"http:\/\/www.24baires.com\/?p=61914","url_meta":{"origin":61783,"position":4},"title":"Diputados emiti\u00f3 dictamen sobre la reforma a la ley de Inteligencia","author":"GB","date":"18\/02\/2015","format":false,"excerpt":"El despacho de mayor\u00eda se firm\u00f3 en el \u00faltimo tramo de la reuni\u00f3n de comisiones que se extendi\u00f3 por espacio de cuatro horas. El proyecto se votar\u00e1 en una sesi\u00f3n especial el 25 de febrero pr\u00f3ximo. El bloque de diputados del oficialismo, junto a bancadas aliadas, consigui\u00f3 emitir dictamen favorable\u2026","rel":"","context":"En \u00abPol\u00edtica\u00bb","block_context":{"text":"Pol\u00edtica","link":"http:\/\/www.24baires.com\/?cat=51"},"img":{"alt_text":"c\u00f3digo civil diputados c\u00e1mara","src":"https:\/\/i0.wp.com\/www.24baires.com\/wp-content\/uploads\/2014\/10\/c%C3%B3digo-civil-diputados-c%C3%A1mara.jpg?resize=350%2C200","width":350,"height":200,"srcset":"https:\/\/i0.wp.com\/www.24baires.com\/wp-content\/uploads\/2014\/10\/c%C3%B3digo-civil-diputados-c%C3%A1mara.jpg?resize=350%2C200 1x, https:\/\/i0.wp.com\/www.24baires.com\/wp-content\/uploads\/2014\/10\/c%C3%B3digo-civil-diputados-c%C3%A1mara.jpg?resize=525%2C300 1.5x"},"classes":[]},{"id":121854,"url":"http:\/\/www.24baires.com\/?p=121854","url_meta":{"origin":61783,"position":5},"title":"Diputados dio media sanci\u00f3n a la regulaci\u00f3n de apuestas online y prevenci\u00f3n de ludopat\u00eda","author":"GB","date":"28\/11\/2024","format":false,"excerpt":"Pese a la oposici\u00f3n de La Libertad Avanza y el PRO, los Diputados aprobaron un proyecto que regula las apuestas online, con \u00e9nfasis en el alcance a los menores de edad. Este mi\u00e9rcoles, la C\u00e1mara de Diputados dio el primer paso hacia la creaci\u00f3n de un marco regulatorio para las\u2026","rel":"","context":"En \u00abPol\u00edtica\u00bb","block_context":{"text":"Pol\u00edtica","link":"http:\/\/www.24baires.com\/?cat=51"},"img":{"alt_text":"","src":"https:\/\/i0.wp.com\/www.24baires.com\/wp-content\/uploads\/2024\/02\/WhatsApp-Image-2024-02-06-at-22.13.09.jpeg?resize=350%2C200","width":350,"height":200,"srcset":"https:\/\/i0.wp.com\/www.24baires.com\/wp-content\/uploads\/2024\/02\/WhatsApp-Image-2024-02-06-at-22.13.09.jpeg?resize=350%2C200 1x, https:\/\/i0.wp.com\/www.24baires.com\/wp-content\/uploads\/2024\/02\/WhatsApp-Image-2024-02-06-at-22.13.09.jpeg?resize=525%2C300 1.5x, https:\/\/i0.wp.com\/www.24baires.com\/wp-content\/uploads\/2024\/02\/WhatsApp-Image-2024-02-06-at-22.13.09.jpeg?resize=700%2C400 2x"},"classes":[]}],"jetpack_sharing_enabled":true,"jetpack_likes_enabled":true,"jetpack_featured_media_url":"","_links":{"self":[{"href":"http:\/\/www.24baires.com\/index.php?rest_route=\/wp\/v2\/posts\/61783","targetHints":{"allow":["GET"]}}],"collection":[{"href":"http:\/\/www.24baires.com\/index.php?rest_route=\/wp\/v2\/posts"}],"about":[{"href":"http:\/\/www.24baires.com\/index.php?rest_route=\/wp\/v2\/types\/post"}],"author":[{"embeddable":true,"href":"http:\/\/www.24baires.com\/index.php?rest_route=\/wp\/v2\/users\/8"}],"replies":[{"embeddable":true,"href":"http:\/\/www.24baires.com\/index.php?rest_route=%2Fwp%2Fv2%2Fcomments&post=61783"}],"version-history":[{"count":1,"href":"http:\/\/www.24baires.com\/index.php?rest_route=\/wp\/v2\/posts\/61783\/revisions"}],"predecessor-version":[{"id":61785,"href":"http:\/\/www.24baires.com\/index.php?rest_route=\/wp\/v2\/posts\/61783\/revisions\/61785"}],"wp:attachment":[{"href":"http:\/\/www.24baires.com\/index.php?rest_route=%2Fwp%2Fv2%2Fmedia&parent=61783"}],"wp:term":[{"taxonomy":"category","embeddable":true,"href":"http:\/\/www.24baires.com\/index.php?rest_route=%2Fwp%2Fv2%2Fcategories&post=61783"},{"taxonomy":"post_tag","embeddable":true,"href":"http:\/\/www.24baires.com\/index.php?rest_route=%2Fwp%2Fv2%2Ftags&post=61783"}],"curies":[{"name":"wp","href":"https:\/\/api.w.org\/{rel}","templated":true}]}}