{"id":61769,"date":"2015-02-14T18:50:03","date_gmt":"2015-02-14T21:50:03","guid":{"rendered":"http:\/\/www.24baires.com\/?p=61769"},"modified":"2015-02-15T12:09:49","modified_gmt":"2015-02-15T15:09:49","slug":"cristina-ningun-pueblo-puede-construir-nada-sin-alegria","status":"publish","type":"post","link":"http:\/\/www.24baires.com\/?p=61769","title":{"rendered":"Cristina: \u00abNing\u00fan pueblo puede construir nada sin alegr\u00eda\u00bb"},"content":{"rendered":"<p><img data-recalc-dims=\"1\" loading=\"lazy\" decoding=\"async\" class=\"aligncenter size-full wp-image-61781\" src=\"https:\/\/i0.wp.com\/www.24baires.com\/wp-content\/uploads\/2015\/02\/14-02-2015_calafate_-_la_presidenta_cristina.jpg?resize=560%2C372\" alt=\"14-02-2015_calafate_-_la_presidenta_cristina\" width=\"560\" height=\"372\" srcset=\"https:\/\/i0.wp.com\/www.24baires.com\/wp-content\/uploads\/2015\/02\/14-02-2015_calafate_-_la_presidenta_cristina.jpg?w=560 560w, https:\/\/i0.wp.com\/www.24baires.com\/wp-content\/uploads\/2015\/02\/14-02-2015_calafate_-_la_presidenta_cristina.jpg?resize=300%2C199 300w\" sizes=\"auto, (max-width: 560px) 100vw, 560px\" \/><\/p>\n<p>La presidenta Cristina Kirchner inaugur\u00f3 este s\u00e1bado el anfiteatro del bosque en El Calafate, en el marco del festival del Lago, y se\u00f1al\u00f3 que \u00abning\u00fan pueblo puede construir nada sin alegr\u00eda\u00bb. <!--more--><\/p>\n<p>El secretario de Obras P\u00fablicas de El Calafate, Carlos Alegr\u00eda, explic\u00f3 a la agencia T\u00e9lam que \u00abtodas las obras fueron financiadas por el gobierno nacional\u00bb que encabeza la mandataria, quien participar\u00e1 de esas inauguraciones y de la fiesta del 138 aniversario del Lago Argentino, una tradici\u00f3n anual en la ciudad sure\u00f1a que la jefa de Estado no se pierde.<\/p>\n<p>El domingo, a las 12, en tanto, Cristina inaugurar\u00e1 \u00abun hospital modelo de alta complejidad, con una superficie de 18.000 metros cuadrados, con aparatolog\u00eda de todo tipo, cinco quir\u00f3fanos y sala de terapia intensiva y terapia intermedia\u00bb, describi\u00f3 el secretario municipal.<br \/>\nComo dato importante, apunt\u00f3 que \u00abest\u00e1 emplazado en la entrada de la ciudad, sobre la calle Jorge Newbery, y tiene un helipuerto\u00bb, a la vez que puntualiz\u00f3 que \u00abpara tener un aeropuerto internacional como el que tiene El Calafate, es requisito tener un hospital de estas caracter\u00edsticas, por lo que adem\u00e1s de las salas de internaci\u00f3n, tiene una sala de 100 camas\u00bb.<br \/>\nTambi\u00e9n el domingo la jefa de Estado inaugurar\u00e1 \u00abla \u00faltima etapa de obras en la costanera del Lago Argentino, en un tramo de cinco kil\u00f3metros\u00bb .<br \/>\nExplic\u00f3 que \u00abtiene un sistema de doble avenida con iluminaci\u00f3n, parquizaci\u00f3n y veredas laterales con adoquinado y piedra laja, como as\u00ed tambi\u00e9n contar\u00e1 con un muro de contenci\u00f3n\u00bb.<br \/>\nPor \u00faltimo, la Presidenta inaugurar\u00e1 100 viviendas en un barrio cuyo loteo hizo la Municipalidad y se trata de \u00abviviendas tradicionales de 60 metros cuadrados y que tendr\u00e1n todos los servicios\u00bb. Esta serie de inauguraciones ser\u00e1n sus primeras apariciones p\u00fablicas tras conocerse el pedido de imputaci\u00f3n del fiscal Gerardo Pollicita.<\/p>\n<p>&nbsp;<\/p>\n<p>&nbsp;<\/p>\n<p>&nbsp;<\/p>\n<p>&nbsp;<\/p>\n<p>&nbsp;<\/p>\n<p>&nbsp;<\/p>\n<p>&nbsp;<\/p>\n<p>&nbsp;<\/p>\n<p>&nbsp;<\/p>\n<p>&nbsp;<\/p>\n<p>&nbsp;<\/p>\n<p>&nbsp;<\/p>\n<p>&nbsp;<\/p>\n<p>&nbsp;<\/p>\n","protected":false},"excerpt":{"rendered":"<p>La presidenta Cristina Kirchner inaugur\u00f3 este s\u00e1bado el anfiteatro del bosque en El Calafate, en el marco del festival del Lago, y se\u00f1al\u00f3 que \u00abning\u00fan pueblo puede construir nada sin alegr\u00eda\u00bb.<\/p>\n","protected":false},"author":8,"featured_media":0,"comment_status":"open","ping_status":"open","sticky":false,"template":"","format":"standard","meta":{"_jetpack_newsletter_access":"","_jetpack_dont_email_post_to_subs":false,"_jetpack_newsletter_tier_id":0,"_jetpack_memberships_contains_paywalled_content":false,"_jetpack_memberships_contains_paid_content":false,"footnotes":""},"categories":[51],"tags":[],"class_list":["post-61769","post","type-post","status-publish","format-standard","hentry","category-politica"],"jetpack_shortlink":"https:\/\/wp.me\/p2JWE0-g4h","jetpack-related-posts":[{"id":61798,"url":"http:\/\/www.24baires.com\/?p=61798","url_meta":{"origin":61769,"position":0},"title":"\u00abSomos m\u00e1s importantes que los reflectores, las c\u00e1maras y lo que pueda decir un diario\u00bb","author":"Grupo Sierra","date":"15\/02\/2015","format":false,"excerpt":"Lo asegur\u00f3 la Presidenta al encabezar la ceremonia central del 138 aniversario del Lago Argentino en El Calafate, donde inaugur\u00f3 un hospital y entreg\u00f3 viviendas. Cristina formul\u00f3 estas declaraciones por cadena nacional en el marco del acto central por el 138 aniversario del Lago Argentino, en un discurso en el\u2026","rel":"","context":"En \u00abPol\u00edtica\u00bb","block_context":{"text":"Pol\u00edtica","link":"http:\/\/www.24baires.com\/?cat=51"},"img":{"alt_text":"","src":"https:\/\/i0.wp.com\/www.24baires.com\/wp-content\/uploads\/2015\/02\/cristina1.jpg?resize=350%2C200","width":350,"height":200,"srcset":"https:\/\/i0.wp.com\/www.24baires.com\/wp-content\/uploads\/2015\/02\/cristina1.jpg?resize=350%2C200 1x, https:\/\/i0.wp.com\/www.24baires.com\/wp-content\/uploads\/2015\/02\/cristina1.jpg?resize=525%2C300 1.5x"},"classes":[]},{"id":104653,"url":"http:\/\/www.24baires.com\/?p=104653","url_meta":{"origin":61769,"position":1},"title":"Detuvieron a dos ex secretarios de Cristina Kirchner","author":"GB","date":"26\/09\/2018","format":false,"excerpt":"Se trata de Fabi\u00e1n Guti\u00e9rrez y Daniel \u00c1lvarez. Fueron arrestados en R\u00edo Gallegos por orden del juez Claudio Bonadio. Los ex secretarios de Cristina Kirchner Fabi\u00e1n Guti\u00e9rrez y Daniel \u00c1lvarez fueron detenidos durante la madrugada del mi\u00e9rcoles en R\u00edo Gallegos, de Santa Cruz. Ambos hab\u00edan sido mencionados por los imputados\u2026","rel":"","context":"En \u00abPoliciales\u00bb","block_context":{"text":"Policiales","link":"http:\/\/www.24baires.com\/?cat=49"},"img":{"alt_text":"","src":"https:\/\/i0.wp.com\/www.24baires.com\/wp-content\/uploads\/2018\/09\/detencion-secretarios.jpg?resize=350%2C200","width":350,"height":200,"srcset":"https:\/\/i0.wp.com\/www.24baires.com\/wp-content\/uploads\/2018\/09\/detencion-secretarios.jpg?resize=350%2C200 1x, https:\/\/i0.wp.com\/www.24baires.com\/wp-content\/uploads\/2018\/09\/detencion-secretarios.jpg?resize=525%2C300 1.5x"},"classes":[]},{"id":40442,"url":"http:\/\/www.24baires.com\/?p=40442","url_meta":{"origin":61769,"position":2},"title":"Cristina parti\u00f3 a El Calafate donde encabezar\u00e1 un acto por el aniversario del Lago Argentino","author":"GB","date":"14\/02\/2014","format":false,"excerpt":"La jefa de Estado parti\u00f3 a las 10.53 a bordo del avi\u00f3n Tango 01, desde el sector militar del aeroparque metropolitano, Jorge Newbery, con destino al aeropuerto internacional de El Calafate. Ma\u00f1ana, la primer mandataria presidir\u00e1 poco antes del mediod\u00eda en el anfiteatro de la localidad tur\u00edstica de El Calafate\u2026","rel":"","context":"En \u00abPol\u00edtica\u00bb","block_context":{"text":"Pol\u00edtica","link":"http:\/\/www.24baires.com\/?cat=51"},"img":{"alt_text":"cristina avion","src":"https:\/\/i0.wp.com\/www.24baires.com\/wp-content\/uploads\/2013\/09\/cristina-avion.jpg?resize=350%2C200","width":350,"height":200},"classes":[]},{"id":113939,"url":"http:\/\/www.24baires.com\/?p=113939","url_meta":{"origin":61769,"position":3},"title":"Cristina visit\u00f3 represas en construcci\u00f3n y acus\u00f3 a Macri de \u00ababandono y desidia\u00bb","author":"AF","date":"28\/01\/2020","format":false,"excerpt":"\"La traducci\u00f3n m\u00e1s clara de ello fue que por primera vez en 30 a\u00f1os el Estado argentino reconoci\u00f3 y pag\u00f3 gastos improductivos por 130 millones de d\u00f3lares\", dispar\u00f3 la vicepresidenta. Visit\u00f3 las obras ubicadas a 130 kil\u00f3metros de El Calafate. La vicepresidenta Cristina Fern\u00e1ndez de Kirchner acus\u00f3 al gobierno de\u2026","rel":"","context":"En \u00abPol\u00edtica\u00bb","block_context":{"text":"Pol\u00edtica","link":"http:\/\/www.24baires.com\/?cat=51"},"img":{"alt_text":"","src":"https:\/\/i0.wp.com\/www.24baires.com\/wp-content\/uploads\/2019\/08\/cristina-bancaria.jpg?resize=350%2C200","width":350,"height":200,"srcset":"https:\/\/i0.wp.com\/www.24baires.com\/wp-content\/uploads\/2019\/08\/cristina-bancaria.jpg?resize=350%2C200 1x, https:\/\/i0.wp.com\/www.24baires.com\/wp-content\/uploads\/2019\/08\/cristina-bancaria.jpg?resize=525%2C300 1.5x"},"classes":[]},{"id":57490,"url":"http:\/\/www.24baires.com\/?p=57490","url_meta":{"origin":61769,"position":4},"title":"Por teleconferencia, Cristina reapareci\u00f3 en un acto en Chaco","author":"GB","date":"21\/11\/2014","format":false,"excerpt":"La Presidenta de la Naci\u00f3n se comunic\u00f3 desde El Calafate con el Jefe de Gabinete, que encabezaba un acto en su provincia. \"Este Chaco era impensable a\u00f1os atr\u00e1s\", dijo. La presidenta de la Nacion convers\u00f3 telef\u00f3nicamente con el Jefe de Gabinete Jorge Capitanich que participaba de un acto en la\u2026","rel":"","context":"En \u00abPol\u00edtica\u00bb","block_context":{"text":"Pol\u00edtica","link":"http:\/\/www.24baires.com\/?cat=51"},"img":{"alt_text":"cristina","src":"https:\/\/i0.wp.com\/www.24baires.com\/wp-content\/uploads\/2014\/09\/cristina1.jpg?resize=350%2C200","width":350,"height":200,"srcset":"https:\/\/i0.wp.com\/www.24baires.com\/wp-content\/uploads\/2014\/09\/cristina1.jpg?resize=350%2C200 1x, https:\/\/i0.wp.com\/www.24baires.com\/wp-content\/uploads\/2014\/09\/cristina1.jpg?resize=525%2C300 1.5x"},"classes":[]},{"id":63420,"url":"http:\/\/www.24baires.com\/?p=63420","url_meta":{"origin":61769,"position":5},"title":"\u00abEl logro m\u00e1s importante es haber empoderado de derechos a la sociedad\u00bb","author":"GB","date":"20\/03\/2015","format":false,"excerpt":"La Presidenta se dirigi\u00f3 a los \"compa\u00f1eros que integran\" el peronismo para pedirles que \"no les importen las cr\u00edticas\" porque \"la historia tiene otros tiempos\". En la villa tur\u00edstica santacruce\u00f1a, Cristina inaugur\u00f3 obras para la ciudad y la provincia. Adem\u00e1s, se comunic\u00f3 por videoconferencia con C\u00f3rdoba y Buenos Aires. La\u2026","rel":"","context":"En \u00abPol\u00edtica\u00bb","block_context":{"text":"Pol\u00edtica","link":"http:\/\/www.24baires.com\/?cat=51"},"img":{"alt_text":"","src":"https:\/\/i0.wp.com\/www.24baires.com\/wp-content\/uploads\/2015\/03\/cristina4.jpg?resize=350%2C200","width":350,"height":200,"srcset":"https:\/\/i0.wp.com\/www.24baires.com\/wp-content\/uploads\/2015\/03\/cristina4.jpg?resize=350%2C200 1x, https:\/\/i0.wp.com\/www.24baires.com\/wp-content\/uploads\/2015\/03\/cristina4.jpg?resize=525%2C300 1.5x"},"classes":[]}],"jetpack_sharing_enabled":true,"jetpack_likes_enabled":true,"jetpack_featured_media_url":"","_links":{"self":[{"href":"http:\/\/www.24baires.com\/index.php?rest_route=\/wp\/v2\/posts\/61769","targetHints":{"allow":["GET"]}}],"collection":[{"href":"http:\/\/www.24baires.com\/index.php?rest_route=\/wp\/v2\/posts"}],"about":[{"href":"http:\/\/www.24baires.com\/index.php?rest_route=\/wp\/v2\/types\/post"}],"author":[{"embeddable":true,"href":"http:\/\/www.24baires.com\/index.php?rest_route=\/wp\/v2\/users\/8"}],"replies":[{"embeddable":true,"href":"http:\/\/www.24baires.com\/index.php?rest_route=%2Fwp%2Fv2%2Fcomments&post=61769"}],"version-history":[{"count":3,"href":"http:\/\/www.24baires.com\/index.php?rest_route=\/wp\/v2\/posts\/61769\/revisions"}],"predecessor-version":[{"id":61782,"href":"http:\/\/www.24baires.com\/index.php?rest_route=\/wp\/v2\/posts\/61769\/revisions\/61782"}],"wp:attachment":[{"href":"http:\/\/www.24baires.com\/index.php?rest_route=%2Fwp%2Fv2%2Fmedia&parent=61769"}],"wp:term":[{"taxonomy":"category","embeddable":true,"href":"http:\/\/www.24baires.com\/index.php?rest_route=%2Fwp%2Fv2%2Fcategories&post=61769"},{"taxonomy":"post_tag","embeddable":true,"href":"http:\/\/www.24baires.com\/index.php?rest_route=%2Fwp%2Fv2%2Ftags&post=61769"}],"curies":[{"name":"wp","href":"https:\/\/api.w.org\/{rel}","templated":true}]}}