{"id":61742,"date":"2015-02-14T12:20:29","date_gmt":"2015-02-14T15:20:29","guid":{"rendered":"http:\/\/www.24baires.com\/?p=61742"},"modified":"2015-02-15T12:09:43","modified_gmt":"2015-02-15T15:09:43","slug":"anibal-tildo-de-burros-a-los-que-hablan-de-una-detencion-de-cristina","status":"publish","type":"post","link":"http:\/\/www.24baires.com\/?p=61742","title":{"rendered":"An\u00edbal tild\u00f3 de \u00abburros\u00bb a los que hablan de una detenci\u00f3n de Cristina"},"content":{"rendered":"<p><img data-recalc-dims=\"1\" loading=\"lazy\" decoding=\"async\" src=\"https:\/\/i0.wp.com\/www.24baires.com\/wp-content\/uploads\/2015\/01\/anibal.jpg?resize=560%2C373\" alt=\"anibal\" width=\"560\" height=\"373\" class=\"aligncenter size-full wp-image-60580\" srcset=\"https:\/\/i0.wp.com\/www.24baires.com\/wp-content\/uploads\/2015\/01\/anibal.jpg?w=560 560w, https:\/\/i0.wp.com\/www.24baires.com\/wp-content\/uploads\/2015\/01\/anibal.jpg?resize=300%2C200 300w\" sizes=\"auto, (max-width: 560px) 100vw, 560px\" \/>El Secretario General afirm\u00f3 que \u00abprimero habr\u00eda que llamarla a indagatoria y no hay elementos\u00bb. Explic\u00f3 que el fiscal Gerardo Pollicita no comparte que habr\u00eda sospechas fundadas por el delito de encubrimiento y agreg\u00f3: \u00abHizo copy-paste\u00bb de casi toda la denuncia de Nisman.<!--more--><\/p>\n<p>El secretario general de la presidencia, An\u00edbal Fern\u00e1ndez, critic\u00f3 este s\u00e1bado por la ma\u00f1ana la imputaci\u00f3n realizada por el fiscal Gerardo Pollicita a la presidenta Cristina Kirchner por el presunto encubrimiento de Ir\u00e1n en la causa por el atentado contra la AMIA, a ra\u00edz de la denuncia realizada por el fallecido Alberto Nisman.<\/p>\n<p>\u00abCuando uno presenta una denuncia hay dos caminos. Uno, que lo denunciado sea tan sin sentido que se lo rechace y pase al archivo. El otro, que se entienda que hay algo que investigar y no se mande al archivo. De este modo, las personas que figuran en la denuncia quedan imputadas. Es decir, imputada no significa nada en este sentido\u00bb, sostuvo Fern\u00e1ndez.<\/p>\n<p>Sobre la imputaci\u00f3n de la mandataria, afirm\u00f3: \u00abYo le\u00ed todo el bodoque impresentable de Nisman. En primer lugar, se nota que Pollicita est\u00e1 organizando una marcha porque mucho trabajo no pudo hacer. Hizo copy paste de casi toda la denuncia de Nisman. S\u00f3lo hay diez p\u00e1ginas en las que trabaj\u00f3 que explican un poco m\u00e1s\u00bb.<\/p>\n","protected":false},"excerpt":{"rendered":"<p>El Secretario General afirm\u00f3 que \u00abprimero habr\u00eda que llamarla a indagatoria y no hay elementos\u00bb. Explic\u00f3 que el fiscal Gerardo Pollicita no comparte que habr\u00eda sospechas fundadas por el delito de encubrimiento y agreg\u00f3: \u00abHizo copy-paste\u00bb de casi toda la denuncia de Nisman.<\/p>\n","protected":false},"author":11,"featured_media":0,"comment_status":"open","ping_status":"open","sticky":false,"template":"","format":"standard","meta":{"_jetpack_newsletter_access":"","_jetpack_dont_email_post_to_subs":false,"_jetpack_newsletter_tier_id":0,"_jetpack_memberships_contains_paywalled_content":false,"_jetpack_memberships_contains_paid_content":false,"footnotes":""},"categories":[68,51],"tags":[],"class_list":["post-61742","post","type-post","status-publish","format-standard","hentry","category-judiciales","category-politica"],"jetpack_shortlink":"https:\/\/wp.me\/p2JWE0-g3Q","jetpack-related-posts":[{"id":97265,"url":"http:\/\/www.24baires.com\/?p=97265","url_meta":{"origin":61742,"position":0},"title":"Piden citar a indagatoria a Cristina por supuesto encubrimiento del atentado a la AMIA","author":"AF","date":"07\/09\/2017","format":false,"excerpt":"El pedido del fiscal Gerardo Pollicita es para la ex presidenta y para el ex canciller H\u00e9ctor Timerman, entre otros, en base a una denuncia del fallecido Alberto Nisman. El fiscal federal Gerardo Pollicita solicit\u00f3 la declaraci\u00f3n indagatoria de Crisitna Kirchner y H\u00e9ctor Timerman, entre otros imputados en la causa\u2026","rel":"","context":"En \u00abJUDICIALES\u00bb","block_context":{"text":"JUDICIALES","link":"http:\/\/www.24baires.com\/?cat=68"},"img":{"alt_text":"","src":"https:\/\/i0.wp.com\/www.24baires.com\/wp-content\/uploads\/2017\/07\/cristina.jpg?resize=350%2C200","width":350,"height":200,"srcset":"https:\/\/i0.wp.com\/www.24baires.com\/wp-content\/uploads\/2017\/07\/cristina.jpg?resize=350%2C200 1x, https:\/\/i0.wp.com\/www.24baires.com\/wp-content\/uploads\/2017\/07\/cristina.jpg?resize=525%2C300 1.5x"},"classes":[]},{"id":62362,"url":"http:\/\/www.24baires.com\/?p=62362","url_meta":{"origin":61742,"position":1},"title":"A. Fern\u00e1ndez: \u201cNo hay otra forma de explicar la resoluci\u00f3n de Rafecas que el derecho\u201d","author":"AF","date":"27\/02\/2015","format":false,"excerpt":"El jefe de Gabinete, An\u00edbal Fern\u00e1ndez, se refiri\u00f3 as\u00ed a la desestimaci\u00f3n de la denuncia de Nisman por parte del magistrado. \u201cEra tan burda que parece hecha por alguien que no conoce de derecho\u201d, se\u00f1al\u00f3. El flamante jefe de Gabinete se\u00f1al\u00f3 adem\u00e1s que \"seguramente\" la C\u00e1mara Federal \"se va a\u2026","rel":"","context":"En \u00abJUDICIALES\u00bb","block_context":{"text":"JUDICIALES","link":"http:\/\/www.24baires.com\/?cat=68"},"img":{"alt_text":"anibal","src":"https:\/\/i0.wp.com\/www.24baires.com\/wp-content\/uploads\/2015\/01\/anibal.jpg?resize=350%2C200","width":350,"height":200,"srcset":"https:\/\/i0.wp.com\/www.24baires.com\/wp-content\/uploads\/2015\/01\/anibal.jpg?resize=350%2C200 1x, https:\/\/i0.wp.com\/www.24baires.com\/wp-content\/uploads\/2015\/01\/anibal.jpg?resize=525%2C300 1.5x"},"classes":[]},{"id":62320,"url":"http:\/\/www.24baires.com\/?p=62320","url_meta":{"origin":61742,"position":2},"title":"El juez Rafecas desestim\u00f3 la denuncia de Nisman contra la Presidenta","author":"GB","date":"26\/02\/2015","format":false,"excerpt":"El juez federal Daniel Rafecas desestim\u00f3 la denuncia del fiscal Alberto Nisman contra la presidenta Cristina Fern\u00e1ndez de Kirchner por supuesto encubrimiento a los imputados iran\u00edes en la causa AMIA. El juez decidi\u00f3 que no hay elementos necesarios en la denuncia del fallecido titular de la Unidad Especial AMIA, para\u2026","rel":"","context":"En \u00abPol\u00edtica\u00bb","block_context":{"text":"Pol\u00edtica","link":"http:\/\/www.24baires.com\/?cat=51"},"img":{"alt_text":"","src":"https:\/\/i0.wp.com\/www.24baires.com\/wp-content\/uploads\/2015\/02\/rafecas.jpg?resize=350%2C200","width":350,"height":200,"srcset":"https:\/\/i0.wp.com\/www.24baires.com\/wp-content\/uploads\/2015\/02\/rafecas.jpg?resize=350%2C200 1x, https:\/\/i0.wp.com\/www.24baires.com\/wp-content\/uploads\/2015\/02\/rafecas.jpg?resize=525%2C300 1.5x"},"classes":[]},{"id":79983,"url":"http:\/\/www.24baires.com\/?p=79983","url_meta":{"origin":61742,"position":3},"title":"Rafecas rechaz\u00f3 reabrir una denuncia contra Cristina","author":"GB","date":"10\/03\/2016","format":false,"excerpt":"El juez rechaz\u00f3 un planteo del fiscal Gerardo Pollicita en base a lo que le pidieron sus colegas Carlos Stornelli y Ra\u00fal Ple\u00e9, frente a una votaci\u00f3n que deb\u00eda hacerse en la C\u00e1mara Federal de Casaci\u00f3n sobre el Memor\u00e1ndum con Ir\u00e1n. El juez federal Daniel Rafecas rechaz\u00f3 hoy un pedido\u2026","rel":"","context":"En \u00abPol\u00edtica\u00bb","block_context":{"text":"Pol\u00edtica","link":"http:\/\/www.24baires.com\/?cat=51"},"img":{"alt_text":"rafecas","src":"https:\/\/i0.wp.com\/www.24baires.com\/wp-content\/uploads\/2015\/02\/rafecas.jpg?resize=350%2C200","width":350,"height":200,"srcset":"https:\/\/i0.wp.com\/www.24baires.com\/wp-content\/uploads\/2015\/02\/rafecas.jpg?resize=350%2C200 1x, https:\/\/i0.wp.com\/www.24baires.com\/wp-content\/uploads\/2015\/02\/rafecas.jpg?resize=525%2C300 1.5x"},"classes":[]},{"id":63594,"url":"http:\/\/www.24baires.com\/?p=63594","url_meta":{"origin":61742,"position":4},"title":"Desestiman la denuncia de Nisman contra Cristina","author":"GB","date":"26\/03\/2015","format":false,"excerpt":"La sala I de la C\u00e1mara Federal porte\u00f1a desestim\u00f3 la denuncia del fallecido fiscal contra la Presidenta, entre otros, por supuesto encubrimiento del atentado a la AMIA. La Sala I de la C\u00e1mara Federal porte\u00f1a desestim\u00f3 la denuncia del fallecido fiscal Alberto Nisman contra la presidenta Cristina Fern\u00e1ndez de Kirchner,\u2026","rel":"","context":"En \u00abPol\u00edtica\u00bb","block_context":{"text":"Pol\u00edtica","link":"http:\/\/www.24baires.com\/?cat=51"},"img":{"alt_text":"nisman-1","src":"https:\/\/i0.wp.com\/www.24baires.com\/wp-content\/uploads\/2015\/01\/nisman-1.jpg?resize=350%2C200","width":350,"height":200,"srcset":"https:\/\/i0.wp.com\/www.24baires.com\/wp-content\/uploads\/2015\/01\/nisman-1.jpg?resize=350%2C200 1x, https:\/\/i0.wp.com\/www.24baires.com\/wp-content\/uploads\/2015\/01\/nisman-1.jpg?resize=525%2C300 1.5x"},"classes":[]},{"id":106628,"url":"http:\/\/www.24baires.com\/?p=106628","url_meta":{"origin":61742,"position":5},"title":"La AMIA busca retirarse de la querella contra Cristina por el Memor\u00e1ndum con Ir\u00e1n","author":"AF","date":"31\/01\/2019","format":false,"excerpt":"Fue un pedido a la DAIA en la causa que se origin\u00f3 con la denuncia del fiscal Alberto Nisman y busca \u201cempezar a tomar distancia de una causa que est\u00e1 en el centro de la famosa grieta\u201d. La Asociaci\u00f3n Mutual Israelita Argentina (AMIA) le reclam\u00f3 a la Delegaci\u00f3n de Asociaciones\u2026","rel":"","context":"En \u00abJUDICIALES\u00bb","block_context":{"text":"JUDICIALES","link":"http:\/\/www.24baires.com\/?cat=68"},"img":{"alt_text":"","src":"https:\/\/i0.wp.com\/www.24baires.com\/wp-content\/uploads\/2015\/04\/amia.jpg?resize=350%2C200","width":350,"height":200,"srcset":"https:\/\/i0.wp.com\/www.24baires.com\/wp-content\/uploads\/2015\/04\/amia.jpg?resize=350%2C200 1x, https:\/\/i0.wp.com\/www.24baires.com\/wp-content\/uploads\/2015\/04\/amia.jpg?resize=525%2C300 1.5x"},"classes":[]}],"jetpack_sharing_enabled":true,"jetpack_likes_enabled":true,"jetpack_featured_media_url":"","_links":{"self":[{"href":"http:\/\/www.24baires.com\/index.php?rest_route=\/wp\/v2\/posts\/61742","targetHints":{"allow":["GET"]}}],"collection":[{"href":"http:\/\/www.24baires.com\/index.php?rest_route=\/wp\/v2\/posts"}],"about":[{"href":"http:\/\/www.24baires.com\/index.php?rest_route=\/wp\/v2\/types\/post"}],"author":[{"embeddable":true,"href":"http:\/\/www.24baires.com\/index.php?rest_route=\/wp\/v2\/users\/11"}],"replies":[{"embeddable":true,"href":"http:\/\/www.24baires.com\/index.php?rest_route=%2Fwp%2Fv2%2Fcomments&post=61742"}],"version-history":[{"count":1,"href":"http:\/\/www.24baires.com\/index.php?rest_route=\/wp\/v2\/posts\/61742\/revisions"}],"predecessor-version":[{"id":61743,"href":"http:\/\/www.24baires.com\/index.php?rest_route=\/wp\/v2\/posts\/61742\/revisions\/61743"}],"wp:attachment":[{"href":"http:\/\/www.24baires.com\/index.php?rest_route=%2Fwp%2Fv2%2Fmedia&parent=61742"}],"wp:term":[{"taxonomy":"category","embeddable":true,"href":"http:\/\/www.24baires.com\/index.php?rest_route=%2Fwp%2Fv2%2Fcategories&post=61742"},{"taxonomy":"post_tag","embeddable":true,"href":"http:\/\/www.24baires.com\/index.php?rest_route=%2Fwp%2Fv2%2Ftags&post=61742"}],"curies":[{"name":"wp","href":"https:\/\/api.w.org\/{rel}","templated":true}]}}