{"id":61723,"date":"2015-02-13T20:01:11","date_gmt":"2015-02-13T23:01:11","guid":{"rendered":"http:\/\/www.24baires.com\/?p=61723"},"modified":"2015-02-13T20:01:11","modified_gmt":"2015-02-13T23:01:11","slug":"cuestionan-las-filtraciones-de-un-sector-del-poder-judicial-al-grupo-clarin","status":"publish","type":"post","link":"http:\/\/www.24baires.com\/?p=61723","title":{"rendered":"Cuestionan las filtraciones de un sector del Poder Judicial al Grupo Clar\u00edn"},"content":{"rendered":"<p>En medio de las filtraciones que magistrados enfrentados con el gobierno nacional brindan al Grupo Clar\u00edn, el periodista Jorge Lanata insisti\u00f3 que en poco tiempo m\u00e1s el juez Claudio Bonad\u00edo citar\u00e1 a declarar a M\u00e1ximo Kirchner en el marco de la causa Hotesur.<!--more--><\/p>\n<p>Esta tarde, minutos despu\u00e9s que se conociera el requerimiento del fiscal federal Gerardo Pollicita contra la presidenta Cristina Fern\u00e1ndez de Kirchner, Lanata asegur\u00f3 en canal Trece: \u00abEstamos muy cerca de que Bonadio cite a M\u00e1ximo. Y va a tener que ir a declarar\u00bb.<\/p>\n<p>Las declaraciones del periodista cobran fuerza en tanto el diario Clar\u00edn viene anticipando todos los d\u00edas desde su portada las medidas que toman algunos de los fiscales y jueces que llevan adelante causas judiciales que tienen que ver con integrantes del gobierno.<\/p>\n<p>En el gobierno, no hay dudas de que la nueva embestida de Lanata contra el l\u00edder de La C\u00e1mpora tiene su origen en informaci\u00f3n brindada por el propio Bonadio, como le afirm\u00f3 a T\u00e9lam un funcionario con despacho en la Casa de Rosada: \u00abLas filtraciones del Poder Judicial a Clar\u00edn en general, y de Bonadio a Lanata son claras\u00bb.<\/p>\n<p>\u201cHoy nos levantamos con la tapa de Clar\u00edn preanunciando que el fiscal dar\u00eda curso a la investigaci\u00f3n y en menos de lo que se tarda en leer el diario el fiscal ya la hab\u00eda presentado\u201d, afirm\u00f3 la fuente consultada.<\/p>\n<p>\u201cM\u00e1s all\u00e1 de los v\u00ednculos que todos conocemos entre el fiscal (Pollicita) y el macrismo, creo que ac\u00e1 hay algo m\u00e1s importante y est\u00e1 cada vez m\u00e1s claro y que es que desde el poder judicial le filtran informaci\u00f3n a Clar\u00edn con el objetivo de esmerilar al gobierno\u201d, completaron desde el oficialismo.<\/p>\n<p>El funcionario que dialog\u00f3 con esta agencia sostuvo que \u201ccasualidad o no, toda la informaci\u00f3n judicial de causas que buscan golpear al gobierno est\u00e1 siempre antes en el escritorio de Magnetto.<\/p>\n<p>Hay que hacer el ejercicio de ver lo que pone Clar\u00edn en tapa y ver como enseguida acciona la justicia\u00bb, y agreg\u00f3: \u00abPareciera que Clar\u00edn hoy se volvi\u00f3 el bolet\u00edn oficial de Comodoro Py\u00bb.<\/p>\n<p>&nbsp;<\/p>\n<p>&nbsp;<\/p>\n<p>&nbsp;<\/p>\n<p>&nbsp;<\/p>\n<p>&nbsp;<\/p>\n<p>&nbsp;<\/p>\n<p>&nbsp;<\/p>\n<p>&nbsp;<\/p>\n<p>&nbsp;<\/p>\n<p>&nbsp;<\/p>\n<p>&nbsp;<\/p>\n<p>&nbsp;<\/p>\n<p>&nbsp;<\/p>\n","protected":false},"excerpt":{"rendered":"<p>En medio de las filtraciones que magistrados enfrentados con el gobierno nacional brindan al Grupo Clar\u00edn, el periodista Jorge Lanata insisti\u00f3 que en poco tiempo m\u00e1s el juez Claudio Bonad\u00edo citar\u00e1 a declarar a M\u00e1ximo Kirchner en el marco de la causa Hotesur.<\/p>\n","protected":false},"author":8,"featured_media":0,"comment_status":"open","ping_status":"open","sticky":false,"template":"","format":"standard","meta":{"_jetpack_newsletter_access":"","_jetpack_dont_email_post_to_subs":false,"_jetpack_newsletter_tier_id":0,"_jetpack_memberships_contains_paywalled_content":false,"_jetpack_memberships_contains_paid_content":false,"footnotes":""},"categories":[51],"tags":[],"class_list":["post-61723","post","type-post","status-publish","format-standard","hentry","category-politica"],"jetpack_shortlink":"https:\/\/wp.me\/p2JWE0-g3x","jetpack-related-posts":[{"id":70016,"url":"http:\/\/www.24baires.com\/?p=70016","url_meta":{"origin":61723,"position":0},"title":"Wado De Pedro sobre Hotesur: \u201cLas declaraciones de Bonadio son tendenciosas\u201d","author":"AF","date":"04\/08\/2015","format":false,"excerpt":"El secretario General de la Presidencia calific\u00f3 como \u201cmalintencionadas y maliciosas las declaraciones period\u00edsticas formuladas hoy por el juez y advirti\u00f3 sobre \u201cel irregular allanamiento en R\u00edo Gallegos en la causa Hotesur\u201d. \u201cLas continuas presencias y manifestaciones medi\u00e1ticas\u201d del magistrado \u201cdemuestran que m\u00e1s que administrar justicia, como corresponde a todos\u2026","rel":"","context":"En \u00abJUDICIALES\u00bb","block_context":{"text":"JUDICIALES","link":"http:\/\/www.24baires.com\/?cat=68"},"img":{"alt_text":"WADO DE PEDRO","src":"https:\/\/i0.wp.com\/www.24baires.com\/wp-content\/uploads\/2015\/04\/WADO-DE-PEDRO.jpg?resize=350%2C200","width":350,"height":200,"srcset":"https:\/\/i0.wp.com\/www.24baires.com\/wp-content\/uploads\/2015\/04\/WADO-DE-PEDRO.jpg?resize=350%2C200 1x, https:\/\/i0.wp.com\/www.24baires.com\/wp-content\/uploads\/2015\/04\/WADO-DE-PEDRO.jpg?resize=525%2C300 1.5x"},"classes":[]},{"id":108679,"url":"http:\/\/www.24baires.com\/?p=108679","url_meta":{"origin":61723,"position":1},"title":"El juez Ramos Padilla cit\u00f3 a declarar a Carri\u00f3, Oliveto, Zuvic y Bonadio","author":"GB","date":"11\/06\/2019","format":false,"excerpt":"El juez de Dolores avanz\u00f3 con la citaci\u00f3n a indagatoria de las legisladoras oficialistas y del propio juez Claudio Bonadio. Se intenta establecer si hubo o no real conexi\u00f3n con Marcelo D\u00b4Alessio y el resto de la banda de espionaje y extorsi\u00f3n. Luego de haber citado a indagatoria al periodista\u2026","rel":"","context":"En \u00abPol\u00edtica\u00bb","block_context":{"text":"Pol\u00edtica","link":"http:\/\/www.24baires.com\/?cat=51"},"img":{"alt_text":"","src":"https:\/\/i0.wp.com\/www.24baires.com\/wp-content\/uploads\/2019\/03\/ramos-padilla.jpg?resize=350%2C200","width":350,"height":200,"srcset":"https:\/\/i0.wp.com\/www.24baires.com\/wp-content\/uploads\/2019\/03\/ramos-padilla.jpg?resize=350%2C200 1x, https:\/\/i0.wp.com\/www.24baires.com\/wp-content\/uploads\/2019\/03\/ramos-padilla.jpg?resize=525%2C300 1.5x"},"classes":[]},{"id":82230,"url":"http:\/\/www.24baires.com\/?p=82230","url_meta":{"origin":61723,"position":2},"title":"Seg\u00fan Lanata, el Gobierno apret\u00f3 a La Naci\u00f3n por el caso Panam\u00e1","author":"GB","date":"03\/05\/2016","format":false,"excerpt":"El periodista asegur\u00f3 que el macrismo intent\u00f3 \"evitar el impacto\" de la filtraci\u00f3n de los documentos con un llamado para que la noticia no estuviera en tapa. Jorge Lanata asegur\u00f3 que el Gobierno llam\u00f3 al diario La Naci\u00f3n para \"apretar\" y evitar que la filtraci\u00f3n de los Panam\u00e1 Papers apareciera\u2026","rel":"","context":"En \u00abPol\u00edtica\u00bb","block_context":{"text":"Pol\u00edtica","link":"http:\/\/www.24baires.com\/?cat=51"},"img":{"alt_text":"lanata","src":"https:\/\/i0.wp.com\/www.24baires.com\/wp-content\/uploads\/2013\/07\/lanata.jpg?resize=350%2C200","width":350,"height":200,"srcset":"https:\/\/i0.wp.com\/www.24baires.com\/wp-content\/uploads\/2013\/07\/lanata.jpg?resize=350%2C200 1x, https:\/\/i0.wp.com\/www.24baires.com\/wp-content\/uploads\/2013\/07\/lanata.jpg?resize=525%2C300 1.5x"},"classes":[]},{"id":108580,"url":"http:\/\/www.24baires.com\/?p=108580","url_meta":{"origin":61723,"position":3},"title":"Ramos Padilla le pidi\u00f3 al Consejo de la Magistratura que lo dejen acceder a las escuchas que neg\u00f3 Bonadio","author":"GB","date":"05\/06\/2019","format":false,"excerpt":"Se trata del material que el juez Claudio Bonadio filtr\u00f3 a Lanata y Majul en el marco de las escuchas de la \"operaci\u00f3n puf\" pero que le neg\u00f3 su acceso al juez federal de Dolores quien est\u00e1 acusado y debe preparar su defensa. La protecci\u00f3n sobre el fiscal Stornelli por\u2026","rel":"","context":"En \u00abPol\u00edtica\u00bb","block_context":{"text":"Pol\u00edtica","link":"http:\/\/www.24baires.com\/?cat=51"},"img":{"alt_text":"","src":"https:\/\/i0.wp.com\/www.24baires.com\/wp-content\/uploads\/2019\/03\/ramos-padillaa.jpg?resize=350%2C200","width":350,"height":200,"srcset":"https:\/\/i0.wp.com\/www.24baires.com\/wp-content\/uploads\/2019\/03\/ramos-padillaa.jpg?resize=350%2C200 1x, https:\/\/i0.wp.com\/www.24baires.com\/wp-content\/uploads\/2019\/03\/ramos-padillaa.jpg?resize=525%2C300 1.5x"},"classes":[]},{"id":101974,"url":"http:\/\/www.24baires.com\/?p=101974","url_meta":{"origin":61723,"position":4},"title":"\u00abClar\u00edn adulter\u00f3 informaci\u00f3n, manipul\u00f3 a los lectores y construy\u00f3 una operaci\u00f3n berreta\u00bb","author":"AF","date":"04\/05\/2018","format":false,"excerpt":"El legislador Rodolfo Thailade carg\u00f3 con los tapones de punta contra el pol\u00e9mico multimedio hegem\u00f3nico, ante lo que denomin\u00f3 como una \"operaci\u00f3n berreta\" del \"editor (ir)responsable de Clar\u00edn, Ricardo Roa\". En una carta publicada por el legislador Rodolfo Thailade, carg\u00f3 con todo contra el multimedio Clar\u00edn por la publicaci\u00f3n de\u2026","rel":"","context":"En \u00abLocales\u00bb","block_context":{"text":"Locales","link":"http:\/\/www.24baires.com\/?cat=38"},"img":{"alt_text":"","src":"https:\/\/i0.wp.com\/www.24baires.com\/wp-content\/uploads\/2018\/05\/clar%C3%ADn-thailade.jpg?resize=350%2C200","width":350,"height":200,"srcset":"https:\/\/i0.wp.com\/www.24baires.com\/wp-content\/uploads\/2018\/05\/clar%C3%ADn-thailade.jpg?resize=350%2C200 1x, https:\/\/i0.wp.com\/www.24baires.com\/wp-content\/uploads\/2018\/05\/clar%C3%ADn-thailade.jpg?resize=525%2C300 1.5x"},"classes":[]},{"id":86629,"url":"http:\/\/www.24baires.com\/?p=86629","url_meta":{"origin":61723,"position":5},"title":"Cristina presentar\u00e1 una demanda civil contra Wi\u00f1azki y Lanata por difamaci\u00f3n","author":"GB","date":"23\/08\/2016","format":false,"excerpt":"Gregorio Dalb\u00f3n, abogado de la ex mandataria, anunci\u00f3 que hoy formular\u00e1 una denuncia civil por falsedad ideol\u00f3gica contra los periodistas del Grupo Clar\u00edn Nicol\u00e1s Wi\u00f1azki y Jorge Lanata. Acusaron a CFK de haber ocultado giros al exterior por casi 500 millones de d\u00f3lares. La ex presidenta Cristina Fern\u00e1ndez de Kirchner\u2026","rel":"","context":"En \u00abPol\u00edtica\u00bb","block_context":{"text":"Pol\u00edtica","link":"http:\/\/www.24baires.com\/?cat=51"},"img":{"alt_text":"Cristina..","src":"https:\/\/i0.wp.com\/www.24baires.com\/wp-content\/uploads\/2016\/08\/Cristina...jpg?resize=350%2C200","width":350,"height":200,"srcset":"https:\/\/i0.wp.com\/www.24baires.com\/wp-content\/uploads\/2016\/08\/Cristina...jpg?resize=350%2C200 1x, https:\/\/i0.wp.com\/www.24baires.com\/wp-content\/uploads\/2016\/08\/Cristina...jpg?resize=525%2C300 1.5x"},"classes":[]}],"jetpack_sharing_enabled":true,"jetpack_likes_enabled":true,"jetpack_featured_media_url":"","_links":{"self":[{"href":"http:\/\/www.24baires.com\/index.php?rest_route=\/wp\/v2\/posts\/61723","targetHints":{"allow":["GET"]}}],"collection":[{"href":"http:\/\/www.24baires.com\/index.php?rest_route=\/wp\/v2\/posts"}],"about":[{"href":"http:\/\/www.24baires.com\/index.php?rest_route=\/wp\/v2\/types\/post"}],"author":[{"embeddable":true,"href":"http:\/\/www.24baires.com\/index.php?rest_route=\/wp\/v2\/users\/8"}],"replies":[{"embeddable":true,"href":"http:\/\/www.24baires.com\/index.php?rest_route=%2Fwp%2Fv2%2Fcomments&post=61723"}],"version-history":[{"count":1,"href":"http:\/\/www.24baires.com\/index.php?rest_route=\/wp\/v2\/posts\/61723\/revisions"}],"predecessor-version":[{"id":61724,"href":"http:\/\/www.24baires.com\/index.php?rest_route=\/wp\/v2\/posts\/61723\/revisions\/61724"}],"wp:attachment":[{"href":"http:\/\/www.24baires.com\/index.php?rest_route=%2Fwp%2Fv2%2Fmedia&parent=61723"}],"wp:term":[{"taxonomy":"category","embeddable":true,"href":"http:\/\/www.24baires.com\/index.php?rest_route=%2Fwp%2Fv2%2Fcategories&post=61723"},{"taxonomy":"post_tag","embeddable":true,"href":"http:\/\/www.24baires.com\/index.php?rest_route=%2Fwp%2Fv2%2Ftags&post=61723"}],"curies":[{"name":"wp","href":"https:\/\/api.w.org\/{rel}","templated":true}]}}