{"id":61715,"date":"2015-02-13T16:00:25","date_gmt":"2015-02-13T19:00:25","guid":{"rendered":"http:\/\/www.24baires.com\/?p=61715"},"modified":"2015-02-14T10:05:13","modified_gmt":"2015-02-14T13:05:13","slug":"nunca-se-penso-en-remover-a-nisman-de-su-cargo-aseguro-gils-carbo","status":"publish","type":"post","link":"http:\/\/www.24baires.com\/?p=61715","title":{"rendered":"\u00abNunca se pens\u00f3 en remover a Nisman de su cargo\u00bb, asegur\u00f3 Gils Carb\u00f3"},"content":{"rendered":"<p><img data-recalc-dims=\"1\" loading=\"lazy\" decoding=\"async\" class=\"aligncenter size-full wp-image-14297\" src=\"https:\/\/i0.wp.com\/www.24baires.com\/wp-content\/uploads\/2013\/02\/gils-cabr%C3%B3.jpg?resize=560%2C420\" alt=\"gils cabr\u00f3\" width=\"560\" height=\"420\" srcset=\"https:\/\/i0.wp.com\/www.24baires.com\/wp-content\/uploads\/2013\/02\/gils-cabr%C3%B3.jpg?w=560 560w, https:\/\/i0.wp.com\/www.24baires.com\/wp-content\/uploads\/2013\/02\/gils-cabr%C3%B3.jpg?resize=300%2C225 300w\" sizes=\"auto, (max-width: 560px) 100vw, 560px\" \/>As\u00ed lo afirm\u00f3 la Procuradora en la conferencia en la que anunci\u00f3 que Sabrina Namer, Roberto Salum, Patricio Sabadini y Juan Murray como coordinador ser\u00e1n los nuevos fiscales de la UFI AMIA . \u00abTenemos el deber de garantizar la continuidad\u00bb, dijo.<!--more--><\/p>\n<p>La Procuradora General de la Naci\u00f3n, Alejandra Gils Carb\u00f3, asegur\u00f3 que \u201cnunca se pens\u00f3 en remover de su cargo\u201d al fiscal federal de la causa AMIA, Alberto Nisman, y prometi\u00f3 intensificar la labor \u201cpara llegar a la verdad\u201d.<\/p>\n<p>En conferencia de prensa, la titular del Ministerio P\u00fablico Fiscal afirm\u00f3 que luego de la muerte de Nisman \u201clo que hicimos fue garantizar el mayor esfuerzo de todas las dependencias de la fiscal\u00eda general para llegar a la verdad y tambi\u00e9n garantizar el trabajo del fiscal Nisman\u201d.<br \/>\nEn la misma conferencia, la funcioanria anunci\u00f3 hoy que los los fiscales Sabrina Namer, Roberto Salum, Patricio Sabadini y Juan<br \/>\nMurray (Coordinador) conformar\u00e1n el equipo que reemplazar\u00e1 al fallecido fiscal Alberto Nisman al frente de la unidad fiscal especial para la investigaci\u00f3n del atentado contra la AMIA.<br \/>\n\u00abTenemos el deber de garantizar la continuidad\u00bb del trabajo de la unidad especial para la causa AMIA, sostuvo Gils Carb\u00f3 al anunciar la conformaci\u00f3n del equipo de fiscales que quedar\u00e1 compuesto por tres fiscales y un coordinador, al tiempo que se\u00f1al\u00f3: \u00abvamos a fortalecer la unidad Amia\u00bb.<\/p>\n<p>&nbsp;<\/p>\n<p>&nbsp;<\/p>\n<p>&nbsp;<\/p>\n<p>&nbsp;<\/p>\n<p>&nbsp;<\/p>\n<p>&nbsp;<\/p>\n<p>&nbsp;<\/p>\n<p>&nbsp;<\/p>\n<p>&nbsp;<\/p>\n<p>&nbsp;<\/p>\n","protected":false},"excerpt":{"rendered":"<p>As\u00ed lo afirm\u00f3 la Procuradora en la conferencia en la que anunci\u00f3 que Sabrina Namer, Roberto Salum, Patricio Sabadini y Juan Murray como coordinador ser\u00e1n los nuevos fiscales de la UFI AMIA . \u00abTenemos el deber de garantizar la continuidad\u00bb, dijo.<\/p>\n","protected":false},"author":8,"featured_media":0,"comment_status":"open","ping_status":"open","sticky":false,"template":"","format":"standard","meta":{"_jetpack_newsletter_access":"","_jetpack_dont_email_post_to_subs":false,"_jetpack_newsletter_tier_id":0,"_jetpack_memberships_contains_paywalled_content":false,"_jetpack_memberships_contains_paid_content":false,"footnotes":""},"categories":[51],"tags":[],"class_list":["post-61715","post","type-post","status-publish","format-standard","hentry","category-politica"],"jetpack_shortlink":"https:\/\/wp.me\/p2JWE0-g3p","jetpack-related-posts":[{"id":102494,"url":"http:\/\/www.24baires.com\/?p=102494","url_meta":{"origin":61715,"position":0},"title":"La C\u00e1mara \u00abreflot\u00f3\u00bb la causa Nisman y asegura que se trat\u00f3 de un crimen","author":"AF","date":"01\/06\/2018","format":false,"excerpt":"Confirm\u00f3 que el ex juez Alberto Nisman fue asesinado. Agregaron que el motivo fue su denuncia contra Cristina Kirchner. Adem\u00e1s dejaron firme el procesamiento de Diego Lagomarsino. La C\u00e1mara Federal hizo su aparici\u00f3n en medio de la debacle econ\u00f3mica que enfrenta el gobierno de Mauricio Macri. Entre masivas manifestaciones en\u2026","rel":"","context":"En \u00abJUDICIALES\u00bb","block_context":{"text":"JUDICIALES","link":"http:\/\/www.24baires.com\/?cat=68"},"img":{"alt_text":"","src":"https:\/\/i0.wp.com\/www.24baires.com\/wp-content\/uploads\/2015\/07\/nisman.jpg?resize=350%2C200","width":350,"height":200,"srcset":"https:\/\/i0.wp.com\/www.24baires.com\/wp-content\/uploads\/2015\/07\/nisman.jpg?resize=350%2C200 1x, https:\/\/i0.wp.com\/www.24baires.com\/wp-content\/uploads\/2015\/07\/nisman.jpg?resize=525%2C300 1.5x"},"classes":[]},{"id":61049,"url":"http:\/\/www.24baires.com\/?p=61049","url_meta":{"origin":61715,"position":1},"title":"Burstein critic\u00f3 duramente a los que \u00ablucran con la muerte de Nisman\u00bb","author":"Grupo Sierra","date":"31\/01\/2015","format":false,"excerpt":"El referente de Familiares y Amigos de las V\u00edctimas del atentado a la AMIA apunt\u00f3 contra algunos sectores que \"est\u00e1n haciendo uso y abuso de la figura de Alberto Nisman\". El referente se hab\u00eda expresado a favor de la disoluci\u00f3n de la Secretar\u00eda de Inteligencia. El dirigente de la Asociaci\u00f3n\u2026","rel":"","context":"En \u00abJUDICIALES\u00bb","block_context":{"text":"JUDICIALES","link":"http:\/\/www.24baires.com\/?cat=68"},"img":{"alt_text":"","src":"https:\/\/i0.wp.com\/www.24baires.com\/wp-content\/uploads\/2015\/01\/Burstein.jpg?resize=350%2C200","width":350,"height":200,"srcset":"https:\/\/i0.wp.com\/www.24baires.com\/wp-content\/uploads\/2015\/01\/Burstein.jpg?resize=350%2C200 1x, https:\/\/i0.wp.com\/www.24baires.com\/wp-content\/uploads\/2015\/01\/Burstein.jpg?resize=525%2C300 1.5x"},"classes":[]},{"id":106442,"url":"http:\/\/www.24baires.com\/?p=106442","url_meta":{"origin":61715,"position":2},"title":"Lagomarsino, sobre Nisman: \u00abSigo pensando que se suicid\u00f3\u00bb","author":"AF","date":"18\/01\/2019","format":false,"excerpt":"\"Alberto me traicion\u00f3, me meti\u00f3 en una situaci\u00f3n para nada agradable. Pero a pesar de eso lo perdon\u00e9. Si tuvo que matarse con mi arma, lo perdono, le perdono que me haya metido en este problema\", resalt\u00f3 adem\u00e1s Diego Lagomarsino. Al cumplirse cuatro a\u00f1os de la muerte del fiscal Alberto\u2026","rel":"","context":"En \u00abSociedad\u00bb","block_context":{"text":"Sociedad","link":"http:\/\/www.24baires.com\/?cat=1"},"img":{"alt_text":"","src":"https:\/\/i0.wp.com\/www.24baires.com\/wp-content\/uploads\/2015\/01\/lagomarsino-11.jpg?resize=350%2C200","width":350,"height":200,"srcset":"https:\/\/i0.wp.com\/www.24baires.com\/wp-content\/uploads\/2015\/01\/lagomarsino-11.jpg?resize=350%2C200 1x, https:\/\/i0.wp.com\/www.24baires.com\/wp-content\/uploads\/2015\/01\/lagomarsino-11.jpg?resize=525%2C300 1.5x"},"classes":[]},{"id":60330,"url":"http:\/\/www.24baires.com\/?p=60330","url_meta":{"origin":61715,"position":3},"title":"Tras la muerte de Nisman, habilitan la feria judicial para tratar la denuncia del fiscal","author":"GB","date":"19\/01\/2015","format":false,"excerpt":"El juez Federal Ariel Lijo tom\u00f3 la decisi\u00f3n de habilitar la feria para tomar la denuncia del fiscal Nisman. Por su parte, la Procuraci\u00f3n General de la Naci\u00f3n, a cargo de Alejandra Gils Carb\u00f3, nombr\u00f3 al fiscal Alberto Adri\u00e1n Gentili como subrogante al frente de la unidad especial del caso\u2026","rel":"","context":"En \u00abPol\u00edtica\u00bb","block_context":{"text":"Pol\u00edtica","link":"http:\/\/www.24baires.com\/?cat=51"},"img":{"alt_text":"","src":"https:\/\/i0.wp.com\/www.24baires.com\/wp-content\/uploads\/2015\/01\/ariel-lijo.jpg?resize=350%2C200","width":350,"height":200,"srcset":"https:\/\/i0.wp.com\/www.24baires.com\/wp-content\/uploads\/2015\/01\/ariel-lijo.jpg?resize=350%2C200 1x, https:\/\/i0.wp.com\/www.24baires.com\/wp-content\/uploads\/2015\/01\/ariel-lijo.jpg?resize=525%2C300 1.5x"},"classes":[]},{"id":60961,"url":"http:\/\/www.24baires.com\/?p=60961","url_meta":{"origin":61715,"position":4},"title":"Est\u00e9n tranquilos, la causa AMIA sigue","author":"Grupo Sierra","date":"29\/01\/2015","format":false,"excerpt":"La procuradora General de la Naci\u00f3n dijo que el personal seguir\u00e1 trabajando en la investigaci\u00f3n como lo hizo bajo la conducci\u00f3n del fallecido Alberto Nisman, luego de una reuni\u00f3n con los titulares de la DAIA, Julio Schlosser, y de la AMIA, Leonardo Jmelnitzky. Despu\u00e9s del encuentro, Schlosser habl\u00f3 con los\u2026","rel":"","context":"En \u00abJUDICIALES\u00bb","block_context":{"text":"JUDICIALES","link":"http:\/\/www.24baires.com\/?cat=68"},"img":{"alt_text":"gils cabr\u00f3","src":"https:\/\/i0.wp.com\/www.24baires.com\/wp-content\/uploads\/2013\/02\/gils-cabr%C3%B3.jpg?resize=350%2C200","width":350,"height":200,"srcset":"https:\/\/i0.wp.com\/www.24baires.com\/wp-content\/uploads\/2013\/02\/gils-cabr%C3%B3.jpg?resize=350%2C200 1x, https:\/\/i0.wp.com\/www.24baires.com\/wp-content\/uploads\/2013\/02\/gils-cabr%C3%B3.jpg?resize=525%2C300 1.5x"},"classes":[]},{"id":106628,"url":"http:\/\/www.24baires.com\/?p=106628","url_meta":{"origin":61715,"position":5},"title":"La AMIA busca retirarse de la querella contra Cristina por el Memor\u00e1ndum con Ir\u00e1n","author":"AF","date":"31\/01\/2019","format":false,"excerpt":"Fue un pedido a la DAIA en la causa que se origin\u00f3 con la denuncia del fiscal Alberto Nisman y busca \u201cempezar a tomar distancia de una causa que est\u00e1 en el centro de la famosa grieta\u201d. La Asociaci\u00f3n Mutual Israelita Argentina (AMIA) le reclam\u00f3 a la Delegaci\u00f3n de Asociaciones\u2026","rel":"","context":"En \u00abJUDICIALES\u00bb","block_context":{"text":"JUDICIALES","link":"http:\/\/www.24baires.com\/?cat=68"},"img":{"alt_text":"","src":"https:\/\/i0.wp.com\/www.24baires.com\/wp-content\/uploads\/2015\/04\/amia.jpg?resize=350%2C200","width":350,"height":200,"srcset":"https:\/\/i0.wp.com\/www.24baires.com\/wp-content\/uploads\/2015\/04\/amia.jpg?resize=350%2C200 1x, https:\/\/i0.wp.com\/www.24baires.com\/wp-content\/uploads\/2015\/04\/amia.jpg?resize=525%2C300 1.5x"},"classes":[]}],"jetpack_sharing_enabled":true,"jetpack_likes_enabled":true,"jetpack_featured_media_url":"","_links":{"self":[{"href":"http:\/\/www.24baires.com\/index.php?rest_route=\/wp\/v2\/posts\/61715","targetHints":{"allow":["GET"]}}],"collection":[{"href":"http:\/\/www.24baires.com\/index.php?rest_route=\/wp\/v2\/posts"}],"about":[{"href":"http:\/\/www.24baires.com\/index.php?rest_route=\/wp\/v2\/types\/post"}],"author":[{"embeddable":true,"href":"http:\/\/www.24baires.com\/index.php?rest_route=\/wp\/v2\/users\/8"}],"replies":[{"embeddable":true,"href":"http:\/\/www.24baires.com\/index.php?rest_route=%2Fwp%2Fv2%2Fcomments&post=61715"}],"version-history":[{"count":1,"href":"http:\/\/www.24baires.com\/index.php?rest_route=\/wp\/v2\/posts\/61715\/revisions"}],"predecessor-version":[{"id":61716,"href":"http:\/\/www.24baires.com\/index.php?rest_route=\/wp\/v2\/posts\/61715\/revisions\/61716"}],"wp:attachment":[{"href":"http:\/\/www.24baires.com\/index.php?rest_route=%2Fwp%2Fv2%2Fmedia&parent=61715"}],"wp:term":[{"taxonomy":"category","embeddable":true,"href":"http:\/\/www.24baires.com\/index.php?rest_route=%2Fwp%2Fv2%2Fcategories&post=61715"},{"taxonomy":"post_tag","embeddable":true,"href":"http:\/\/www.24baires.com\/index.php?rest_route=%2Fwp%2Fv2%2Ftags&post=61715"}],"curies":[{"name":"wp","href":"https:\/\/api.w.org\/{rel}","templated":true}]}}