{"id":61710,"date":"2015-02-13T14:00:01","date_gmt":"2015-02-13T17:00:01","guid":{"rendered":"http:\/\/www.24baires.com\/?p=61710"},"modified":"2015-02-13T13:31:34","modified_gmt":"2015-02-13T16:31:34","slug":"baro-la-respuesta-de-scioli-al-lamentable-estado-de-las-rutas-es-no-invertir","status":"publish","type":"post","link":"http:\/\/www.24baires.com\/?p=61710","title":{"rendered":"Baro: \u00abLa respuesta de Scioli al lamentable estado de las rutas es no invertir\u00bb"},"content":{"rendered":"<p><img data-recalc-dims=\"1\" loading=\"lazy\" decoding=\"async\" class=\"aligncenter size-full wp-image-49750\" src=\"https:\/\/i0.wp.com\/www.24baires.com\/wp-content\/uploads\/2014\/07\/malena-baro.jpg?resize=560%2C383\" alt=\"malena baro\" width=\"560\" height=\"383\" srcset=\"https:\/\/i0.wp.com\/www.24baires.com\/wp-content\/uploads\/2014\/07\/malena-baro.jpg?w=560 560w, https:\/\/i0.wp.com\/www.24baires.com\/wp-content\/uploads\/2014\/07\/malena-baro.jpg?resize=300%2C205 300w\" sizes=\"auto, (max-width: 560px) 100vw, 560px\" \/>Mediante una inciativa presentada en la C\u00e1mara Alta bonaerense, la senadora massista, Malena Baro, apunt\u00f3 que hay una marcada desinversi\u00f3n en materia vial de parte del gobierno de Daniel Scioli desde 2008 a la actualidad y grafic\u00f3 que \u201ca pesar de que es notorio el estado de abandono de las rutas provinciales, con cintas asf\u00e1lticas destruidas, banquinas inexistentes, demarcaci\u00f3n deficiente, bacheos espor\u00e1dicos y un n\u00famero de v\u00edctimas fatales que se incrementa anualmente, se responde a esta problem\u00e1tica quitando recursos\u201d.<!--more--><\/p>\n<p>\u201cA comienzos de su gesti\u00f3n, Scioli destinaba el 2,24% del presupuesto provincial, mientras que para este a\u00f1o ese n\u00famero ha descendido a 1,10%\u201d, argument\u00f3 Baro. Adem\u00e1s, se\u00f1al\u00f3 que \u201cdel total del presupuesto 2015, a la direcci\u00f3n de vialidad se le asignaron $2.719 millones, que en comparaci\u00f3n a 2014, con $2.431 millones, creci\u00f3 un 11%, aunque se ubica muy por debajo de los niveles de inflaci\u00f3n proyectados\u201d.<\/p>\n<p>A continuaci\u00f3n, la legisladora por la cuarta secci\u00f3n electoral subray\u00f3 que \u201cal cierre del ejercicio 2014 la inversi\u00f3n vial era pr\u00f3xima al 66%. Esto quiere decir que m\u00e1s del 30% de lo que se le destin\u00f3 en el presupuesto 2014 a inversi\u00f3n vial, fue aplicado a otros fines, determinados discrecionalmente por el Poder Ejecutivo\u201d.<\/p>\n<p>En ese sentido, Baro dijo que \u201clo que se ve en la gesti\u00f3n de vialidad y en la gesti\u00f3n de infraestructura, es una enorme ineficiencia, una enorme desidia y que el tema rutas no es una prioridad para el gobernador Scioli\u201d.<\/p>\n<p>Al mismo tiempo, la legisladora oriunda de Jun\u00edn manifest\u00f3: \u201ccuando uno recorre cualquier lugar de la provincia de Buenos Aires ve una carencia de mantenimiento producto de la decisi\u00f3n de no invertir en las rutas con los recursos necesarios y en la dimensi\u00f3n que requieren. Hace a\u00f1os que se gasta m\u00e1s en salarios de la Direcci\u00f3n de Vialidad que en la inversi\u00f3n que se realiza a\u00f1o a a\u00f1o. Vemos rutas sobre las que hace muchos a\u00f1os que se est\u00e1n prometiendo obras y no se est\u00e1 haciendo absolutamente nada\u201d.<\/p>\n<p>Finalmente, Baro remarc\u00f3 que \u201cla gesti\u00f3n del gobernador, en materia vial, deja tanto que desear como la de cualquier otro funcionario a la que se le ha destinado esa tarea. Se ha actuado seg\u00fan dict\u00f3 la agenda medi\u00e1tica y se ha dejado en segundo plano la soluci\u00f3n a los reclamos de la gente por transitar con seguridad\u201d.<\/p>\n<p>&nbsp;<\/p>\n<p>&nbsp;<\/p>\n<p>&nbsp;<\/p>\n<p>&nbsp;<\/p>\n<p>&nbsp;<\/p>\n<p>&nbsp;<\/p>\n<p>&nbsp;<\/p>\n<p>&nbsp;<\/p>\n<p>&nbsp;<\/p>\n<p>&nbsp;<\/p>\n<p>&nbsp;<\/p>\n<p>&nbsp;<\/p>\n<p>&nbsp;<\/p>\n<p>&nbsp;<\/p>\n","protected":false},"excerpt":{"rendered":"<p>Mediante una inciativa presentada en la C\u00e1mara Alta bonaerense, la senadora massista, Malena Baro, apunt\u00f3 que hay una marcada desinversi\u00f3n en materia vial de parte del gobierno de Daniel Scioli desde 2008 a la actualidad y grafic\u00f3 que \u201ca pesar de que es notorio el estado de abandono de las rutas provinciales, con cintas asf\u00e1lticas destruidas, banquinas inexistentes, demarcaci\u00f3n deficiente, [&#8230;]<\/p>\n","protected":false},"author":4,"featured_media":0,"comment_status":"open","ping_status":"open","sticky":false,"template":"","format":"standard","meta":{"_jetpack_newsletter_access":"","_jetpack_dont_email_post_to_subs":false,"_jetpack_newsletter_tier_id":0,"_jetpack_memberships_contains_paywalled_content":false,"_jetpack_memberships_contains_paid_content":false,"footnotes":""},"categories":[51],"tags":[],"class_list":["post-61710","post","type-post","status-publish","format-standard","hentry","category-politica"],"jetpack_shortlink":"https:\/\/wp.me\/p2JWE0-g3k","jetpack-related-posts":[{"id":101122,"url":"http:\/\/www.24baires.com\/?p=101122","url_meta":{"origin":61710,"position":0},"title":"Indagar\u00e1n a Scioli por irregularidades en la construcci\u00f3n de las UPA 24","author":"AF","date":"17\/03\/2018","format":false,"excerpt":"El ex gobernador Daniel Scioli y quien fuera su ministro de Salud, Alejandro Collia, fueron imputados y citados a prestar declaraci\u00f3n indagatoria en el marco de una causa que investiga presuntas irregularidades en la adjudicaci\u00f3n de ocho Unidades de Pronta Atenci\u00f3n (UPA 24) para las que se destinaron m\u00e1s de\u2026","rel":"","context":"En \u00abJUDICIALES\u00bb","block_context":{"text":"JUDICIALES","link":"http:\/\/www.24baires.com\/?cat=68"},"img":{"alt_text":"","src":"https:\/\/i0.wp.com\/www.24baires.com\/wp-content\/uploads\/2014\/05\/Daniel-Scioli.jpg?resize=350%2C200","width":350,"height":200,"srcset":"https:\/\/i0.wp.com\/www.24baires.com\/wp-content\/uploads\/2014\/05\/Daniel-Scioli.jpg?resize=350%2C200 1x, https:\/\/i0.wp.com\/www.24baires.com\/wp-content\/uploads\/2014\/05\/Daniel-Scioli.jpg?resize=525%2C300 1.5x"},"classes":[]},{"id":103162,"url":"http:\/\/www.24baires.com\/?p=103162","url_meta":{"origin":61710,"position":1},"title":"Berisso es el primer municipio en eliminar la Polic\u00eda Local","author":"AF","date":"04\/07\/2018","format":false,"excerpt":"La municipalidad de Berisso se convirti\u00f3 en la primera comuna de la provincia en fusionar la Polic\u00eda Local con la bonaerense, siguiendo los planes del Gobierno provincial para eliminar la fuerza creada durante la gesti\u00f3n de Daniel Scioli. El intendente de Berisso, Jorge Nedela, firm\u00f3 ayer un convenio con el\u2026","rel":"","context":"En \u00abLocales\u00bb","block_context":{"text":"Locales","link":"http:\/\/www.24baires.com\/?cat=38"},"img":{"alt_text":"","src":"https:\/\/i0.wp.com\/www.24baires.com\/wp-content\/uploads\/2015\/10\/policia-local-mdp.jpg?resize=350%2C200","width":350,"height":200,"srcset":"https:\/\/i0.wp.com\/www.24baires.com\/wp-content\/uploads\/2015\/10\/policia-local-mdp.jpg?resize=350%2C200 1x, https:\/\/i0.wp.com\/www.24baires.com\/wp-content\/uploads\/2015\/10\/policia-local-mdp.jpg?resize=525%2C300 1.5x"},"classes":[]},{"id":108387,"url":"http:\/\/www.24baires.com\/?p=108387","url_meta":{"origin":61710,"position":2},"title":"Scioli ratific\u00f3 su candidatura presidencial","author":"GB","date":"25\/05\/2019","format":false,"excerpt":"El exgobernador de la Provincia de Buenos Aires particip\u00f3 del Congreso Educativo de Ajedrez que se realiz\u00f3 en la ciudad balnearia y manifest\u00f3 sus deseos de ser el primer mandatario del pa\u00eds despu\u00e9s del 10 de diciembre, sin embargo aclar\u00f3: \u201cVer\u00e9 como peronista en qu\u00e9 lugar puedo hacer mi mayor\u2026","rel":"","context":"En \u00abPol\u00edtica\u00bb","block_context":{"text":"Pol\u00edtica","link":"http:\/\/www.24baires.com\/?cat=51"},"img":{"alt_text":"","src":"https:\/\/i0.wp.com\/www.24baires.com\/wp-content\/uploads\/2019\/05\/scioli-mar-del.jpg?resize=350%2C200","width":350,"height":200,"srcset":"https:\/\/i0.wp.com\/www.24baires.com\/wp-content\/uploads\/2019\/05\/scioli-mar-del.jpg?resize=350%2C200 1x, https:\/\/i0.wp.com\/www.24baires.com\/wp-content\/uploads\/2019\/05\/scioli-mar-del.jpg?resize=525%2C300 1.5x"},"classes":[]},{"id":102717,"url":"http:\/\/www.24baires.com\/?p=102717","url_meta":{"origin":61710,"position":3},"title":"Stolbizer: \u00abLa gesti\u00f3n de Vidal es tan mala como la de Scioli\u00bb","author":"GB","date":"13\/06\/2018","format":false,"excerpt":"La l\u00edder del GEN endureci\u00f3 su discurso contra la Gobernadora y afirm\u00f3 que \"no puede mostrar avances\" en educaci\u00f3n, salud y seguridad. Margarita Stolbizer abandon\u00f3 el discurso conciliador con Mar\u00eda Eugenia Vidal y afirm\u00f3 que su gesti\u00f3n \"es tan mala\" como la de su antecesor Daniel Scioli. Durante una visita\u2026","rel":"","context":"En \u00abPol\u00edtica\u00bb","block_context":{"text":"Pol\u00edtica","link":"http:\/\/www.24baires.com\/?cat=51"},"img":{"alt_text":"","src":"https:\/\/i0.wp.com\/www.24baires.com\/wp-content\/uploads\/2016\/08\/vidal-stolbizer.jpg?resize=350%2C200","width":350,"height":200,"srcset":"https:\/\/i0.wp.com\/www.24baires.com\/wp-content\/uploads\/2016\/08\/vidal-stolbizer.jpg?resize=350%2C200 1x, https:\/\/i0.wp.com\/www.24baires.com\/wp-content\/uploads\/2016\/08\/vidal-stolbizer.jpg?resize=525%2C300 1.5x"},"classes":[]},{"id":102437,"url":"http:\/\/www.24baires.com\/?p=102437","url_meta":{"origin":61710,"position":4},"title":"Por la devaluaci\u00f3n, Provincia deber\u00e1 pagar 9 mil millones de pesos m\u00e1s de deuda este a\u00f1o","author":"GB","date":"30\/05\/2018","format":false,"excerpt":"Por la fuerte devaluaci\u00f3n registrada en lo que va de 2018, el Gobierno bonaerense tendr\u00e1 desembolsar casi $ 9.000 millones m\u00e1s por los servicios de deuda que debe afrontar este a\u00f1o. Se trata de un 33,5% m\u00e1s que lo previsto a principios de a\u00f1o, cuando el d\u00f3lar mayorista estaba en\u2026","rel":"","context":"En \u00abProvincia\u00bb","block_context":{"text":"Provincia","link":"http:\/\/www.24baires.com\/?cat=40"},"img":{"alt_text":"","src":"https:\/\/i0.wp.com\/www.24baires.com\/wp-content\/uploads\/2018\/03\/lacunza.jpg?resize=350%2C200","width":350,"height":200,"srcset":"https:\/\/i0.wp.com\/www.24baires.com\/wp-content\/uploads\/2018\/03\/lacunza.jpg?resize=350%2C200 1x, https:\/\/i0.wp.com\/www.24baires.com\/wp-content\/uploads\/2018\/03\/lacunza.jpg?resize=525%2C300 1.5x"},"classes":[]},{"id":120226,"url":"http:\/\/www.24baires.com\/?p=120226","url_meta":{"origin":61710,"position":5},"title":"Cristina recibi\u00f3 a Scioli: \u201cA seguir trabajando, que es lo que hay que hacer\u201d","author":"AF","date":"28\/06\/2023","format":false,"excerpt":"\"Hablamos mucho, con sinceridad y con el respeto de siempre. Me transmiti\u00f3 que su vocaci\u00f3n es ayudar y colaborar como un compa\u00f1ero m\u00e1s\", asegur\u00f3 a trav\u00e9s de las redes sociales la Vicepresidenta sobre el encuentro. La Vicepresidenta Cristina Fern\u00e1ndez de Kirchner public\u00f3 en redes sociales una foto con el embajador\u2026","rel":"","context":"En \u00abPol\u00edtica\u00bb","block_context":{"text":"Pol\u00edtica","link":"http:\/\/www.24baires.com\/?cat=51"},"img":{"alt_text":"","src":"https:\/\/i0.wp.com\/www.24baires.com\/wp-content\/uploads\/2023\/06\/WhatsApp-Image-2023-06-28-at-23.30.42.jpeg?resize=350%2C200","width":350,"height":200,"srcset":"https:\/\/i0.wp.com\/www.24baires.com\/wp-content\/uploads\/2023\/06\/WhatsApp-Image-2023-06-28-at-23.30.42.jpeg?resize=350%2C200 1x, https:\/\/i0.wp.com\/www.24baires.com\/wp-content\/uploads\/2023\/06\/WhatsApp-Image-2023-06-28-at-23.30.42.jpeg?resize=525%2C300 1.5x, https:\/\/i0.wp.com\/www.24baires.com\/wp-content\/uploads\/2023\/06\/WhatsApp-Image-2023-06-28-at-23.30.42.jpeg?resize=700%2C400 2x"},"classes":[]}],"jetpack_sharing_enabled":true,"jetpack_likes_enabled":true,"jetpack_featured_media_url":"","_links":{"self":[{"href":"http:\/\/www.24baires.com\/index.php?rest_route=\/wp\/v2\/posts\/61710","targetHints":{"allow":["GET"]}}],"collection":[{"href":"http:\/\/www.24baires.com\/index.php?rest_route=\/wp\/v2\/posts"}],"about":[{"href":"http:\/\/www.24baires.com\/index.php?rest_route=\/wp\/v2\/types\/post"}],"author":[{"embeddable":true,"href":"http:\/\/www.24baires.com\/index.php?rest_route=\/wp\/v2\/users\/4"}],"replies":[{"embeddable":true,"href":"http:\/\/www.24baires.com\/index.php?rest_route=%2Fwp%2Fv2%2Fcomments&post=61710"}],"version-history":[{"count":1,"href":"http:\/\/www.24baires.com\/index.php?rest_route=\/wp\/v2\/posts\/61710\/revisions"}],"predecessor-version":[{"id":61711,"href":"http:\/\/www.24baires.com\/index.php?rest_route=\/wp\/v2\/posts\/61710\/revisions\/61711"}],"wp:attachment":[{"href":"http:\/\/www.24baires.com\/index.php?rest_route=%2Fwp%2Fv2%2Fmedia&parent=61710"}],"wp:term":[{"taxonomy":"category","embeddable":true,"href":"http:\/\/www.24baires.com\/index.php?rest_route=%2Fwp%2Fv2%2Fcategories&post=61710"},{"taxonomy":"post_tag","embeddable":true,"href":"http:\/\/www.24baires.com\/index.php?rest_route=%2Fwp%2Fv2%2Ftags&post=61710"}],"curies":[{"name":"wp","href":"https:\/\/api.w.org\/{rel}","templated":true}]}}