{"id":61683,"date":"2015-02-12T20:03:58","date_gmt":"2015-02-12T23:03:58","guid":{"rendered":"http:\/\/www.24baires.com\/?p=61683"},"modified":"2015-02-12T19:37:04","modified_gmt":"2015-02-12T22:37:04","slug":"randazzo-me-siento-respaldado-por-la-presidenta","status":"publish","type":"post","link":"http:\/\/www.24baires.com\/?p=61683","title":{"rendered":"Randazzo: \u00abMe siento respaldado por la Presidenta\u00bb"},"content":{"rendered":"<p><img data-recalc-dims=\"1\" loading=\"lazy\" decoding=\"async\" class=\"aligncenter size-full wp-image-61684\" src=\"https:\/\/i0.wp.com\/www.24baires.com\/wp-content\/uploads\/2015\/02\/randazzo.jpg?resize=560%2C372\" alt=\"randazzo\" width=\"560\" height=\"372\" srcset=\"https:\/\/i0.wp.com\/www.24baires.com\/wp-content\/uploads\/2015\/02\/randazzo.jpg?w=560 560w, https:\/\/i0.wp.com\/www.24baires.com\/wp-content\/uploads\/2015\/02\/randazzo.jpg?resize=300%2C199 300w\" sizes=\"auto, (max-width: 560px) 100vw, 560px\" \/>El ministro del Interior y Transporte, Florencio Randazzo, afirm\u00f3 hoy que \u201cno solo que me siento respaldado, sino que soy parte de este proyecto y adhiero con enorme convicci\u00f3n a todas las pol\u00edticas. Y sobre todo a darle autonom\u00eda a la pol\u00edtica por encima de cualquier corporaci\u00f3n econ\u00f3mica y medi\u00e1tica, por m\u00e1s importante que \u00e9sta sea\u201d.<!--more--><\/p>\n<p>\u201cHace siete a\u00f1os que soy ministro de este gobierno, la Presidenta me honr\u00f3 con la designaci\u00f3n como ministro del Interior en 2007, y luego, en junio de 2012, me dio m\u00e1s responsabilidad con el Ministerio del Interior y Transporte\u201d, subray\u00f3 Randazzo.<\/p>\n<p>Durante su visita a Posadas, donde puso en funcionamiento junto al gobernador Maurice Closs un servicio ferroviario que une la Argentina con Paraguay, Randazzo afirm\u00f3 que \u201ceste tren, que est\u00e1 en circulaci\u00f3n por una decisi\u00f3n de la presidenta Cristina Fern\u00e1ndez de Kirchner desde el 31 de diciembre de 2014 permiti\u00f3 unir dos ciudades hermanas tan importantes como son Posadas y Encarnaci\u00f3n en la Rep\u00fablica del Paraguay\u201d.<\/p>\n<p>Durante el acto, que se llev\u00f3 a cabo en la estaci\u00f3n de tren de la capital misionera, el ministro del Interior y Transporte se pregunt\u00f3: \u201c\u00bfQu\u00e9 hecho concreto de integraci\u00f3n m\u00e1s importante puede haber entre dos pa\u00edses hermanos como el que estamos viendo hoy con este tren?\u201d y ampli\u00f3: \u201cMiles de paraguayos y argentinos pueden ir y venir cruzando un puente fronterizo en muy poco tiempo\u201d.<\/p>\n<p>Por su parte, el gobernador Closs manifest\u00f3 que \u201cRandazzo es un dirigente que recorre el pa\u00eds, que vino y puso en marcha a su Ministerio para que en este desaf\u00edo que tienen, que es de volver a recuperar los trenes para toda la Rep\u00fablica Argentina, ese desaf\u00edo tambi\u00e9n se vea plasmado en la provincia de Misiones\u201d.<\/p>\n","protected":false},"excerpt":{"rendered":"<p>El ministro del Interior y Transporte, Florencio Randazzo, afirm\u00f3 hoy que \u201cno solo que me siento respaldado, sino que soy parte de este proyecto y adhiero con enorme convicci\u00f3n a todas las pol\u00edticas. Y sobre todo a darle autonom\u00eda a la pol\u00edtica por encima de cualquier corporaci\u00f3n econ\u00f3mica y medi\u00e1tica, por m\u00e1s importante que \u00e9sta sea\u201d.<\/p>\n","protected":false},"author":11,"featured_media":0,"comment_status":"open","ping_status":"open","sticky":false,"template":"","format":"standard","meta":{"_jetpack_newsletter_access":"","_jetpack_dont_email_post_to_subs":false,"_jetpack_newsletter_tier_id":0,"_jetpack_memberships_contains_paywalled_content":false,"_jetpack_memberships_contains_paid_content":false,"footnotes":""},"categories":[51],"tags":[],"class_list":["post-61683","post","type-post","status-publish","format-standard","hentry","category-politica"],"jetpack_shortlink":"https:\/\/wp.me\/p2JWE0-g2T","jetpack-related-posts":[{"id":112373,"url":"http:\/\/www.24baires.com\/?p=112373","url_meta":{"origin":61683,"position":0},"title":"Fern\u00e1ndez tild\u00f3 al Gobierno de \u201cmalandras\u201d: \u00abAgarran el poder y lo usan para sus negocios\u00bb","author":"AF","date":"04\/10\/2019","format":false,"excerpt":"\u00a0JUN\u00cdN - \"Vamos a cumplir con las obligaciones que nos dejan estos malandras pero antes vamos a cumplir con nuestra gente\", sostuvo el candidato a presidente en su primer acto con Randazzo, a quien consider\u00f3 \"ministeriable\". De gira en la cuarta secci\u00f3n electoral, el candidato a presidente del Frente de\u2026","rel":"","context":"En \u00abPol\u00edtica\u00bb","block_context":{"text":"Pol\u00edtica","link":"http:\/\/www.24baires.com\/?cat=51"},"img":{"alt_text":"","src":"https:\/\/i0.wp.com\/www.24baires.com\/wp-content\/uploads\/2019\/10\/fern%C3%A1ndez-jun%C3%ADn.jpg?resize=350%2C200","width":350,"height":200,"srcset":"https:\/\/i0.wp.com\/www.24baires.com\/wp-content\/uploads\/2019\/10\/fern%C3%A1ndez-jun%C3%ADn.jpg?resize=350%2C200 1x, https:\/\/i0.wp.com\/www.24baires.com\/wp-content\/uploads\/2019\/10\/fern%C3%A1ndez-jun%C3%ADn.jpg?resize=525%2C300 1.5x"},"classes":[]},{"id":105031,"url":"http:\/\/www.24baires.com\/?p=105031","url_meta":{"origin":61683,"position":1},"title":"Intendentes de Cambiemos intentar\u00e1n eliminar las PASO","author":"GB","date":"20\/10\/2018","format":false,"excerpt":"Intendentes de Cambiemos acordaron hoy lanzar un debate sobre la \"utilidad\" que tiene las PASO, como primer paso de plan pol\u00edtico para eliminar esas elecciones con el que buscan mantener dividido al peronismo para asegurar un triunfo del oficialismo en 2019. La estrategia fue ideada por el intendente de Vicente\u2026","rel":"","context":"En \u00abPol\u00edtica\u00bb","block_context":{"text":"Pol\u00edtica","link":"http:\/\/www.24baires.com\/?cat=51"},"img":{"alt_text":"","src":"https:\/\/i0.wp.com\/www.24baires.com\/wp-content\/uploads\/2018\/10\/intendentes-cambiemos-300x200.jpg?resize=350%2C200","width":350,"height":200},"classes":[]},{"id":62544,"url":"http:\/\/www.24baires.com\/?p=62544","url_meta":{"origin":61683,"position":2},"title":"Randazzo: \u00abYo no llegu\u00e9 a la pol\u00edtica como un deportista famoso\u00bb","author":"Grupo Sierra","date":"02\/03\/2015","format":false,"excerpt":"El Ministro del Interior y de Transporte opin\u00f3 sobre las figuras de los dirigentes. \"A m\u00ed me parece que es bueno que el Frente Para la Victoria tenga una primaria importante\", asegur\u00f3. Se diferenci\u00f3 de Scioli al apuntar que es \"un hombre que he irrumpido en la pol\u00edtica desde el\u2026","rel":"","context":"En \u00abElecciones 2015\u00bb","block_context":{"text":"Elecciones 2015","link":"http:\/\/www.24baires.com\/?cat=74"},"img":{"alt_text":"randazzo en fv","src":"https:\/\/i0.wp.com\/www.24baires.com\/wp-content\/uploads\/2014\/06\/randazzo-en-fv.jpg?resize=350%2C200","width":350,"height":200,"srcset":"https:\/\/i0.wp.com\/www.24baires.com\/wp-content\/uploads\/2014\/06\/randazzo-en-fv.jpg?resize=350%2C200 1x, https:\/\/i0.wp.com\/www.24baires.com\/wp-content\/uploads\/2014\/06\/randazzo-en-fv.jpg?resize=525%2C300 1.5x"},"classes":[]},{"id":53322,"url":"http:\/\/www.24baires.com\/?p=53322","url_meta":{"origin":61683,"position":3},"title":"Randazzo consider\u00f3 que hay candidatos que \u00abprometen cosas dif\u00edcil de creer\u00bb","author":"GB","date":"09\/09\/2014","format":false,"excerpt":"El ministro del Interior y Transporte se refiri\u00f3 a las declaraciones del jefe de Gobierno porte\u00f1o y l\u00edder del PRO, Mauricio Macri, quien ayer manifest\u00f3 que en caso de llegar a la Presidencia en 2015 eliminar\u00e1 el impuesto a las Ganancias Florencio Randazzo afirm\u00f3 hoy \"cuando llegan las etapas electorales\"\u2026","rel":"","context":"En \u00abPol\u00edtica\u00bb","block_context":{"text":"Pol\u00edtica","link":"http:\/\/www.24baires.com\/?cat=51"},"img":{"alt_text":"randazzo 1","src":"https:\/\/i0.wp.com\/www.24baires.com\/wp-content\/uploads\/2014\/01\/randazzo-1.jpg?resize=350%2C200","width":350,"height":200,"srcset":"https:\/\/i0.wp.com\/www.24baires.com\/wp-content\/uploads\/2014\/01\/randazzo-1.jpg?resize=350%2C200 1x, https:\/\/i0.wp.com\/www.24baires.com\/wp-content\/uploads\/2014\/01\/randazzo-1.jpg?resize=525%2C300 1.5x"},"classes":[]},{"id":46586,"url":"http:\/\/www.24baires.com\/?p=46586","url_meta":{"origin":61683,"position":4},"title":"\u00abAlgunos candidatos hacen marketing y tienen poco que mostrar\u00bb, asegur\u00f3 Randazzo","author":"GB","date":"23\/05\/2014","format":false,"excerpt":"El ministro de Interior y Transporte reiter\u00f3 sus aspiraciones presidenciales y se diferenci\u00f3 de la oposici\u00f3n: \"Yo puedo demostrar lo que hice\", subray\u00f3. El documento, el pasaporte, ahora con el transporte p\u00fablico, con la pol\u00edtica migratoria, con la agencia nacional de Seguridad Vial, con la instrumentaci\u00f3n de las PASO\", mencion\u00f3\u2026","rel":"","context":"En \u00abElecciones 2015\u00bb","block_context":{"text":"Elecciones 2015","link":"http:\/\/www.24baires.com\/?cat=74"},"img":{"alt_text":"randazzo 1","src":"https:\/\/i0.wp.com\/www.24baires.com\/wp-content\/uploads\/2014\/01\/randazzo-1.jpg?resize=350%2C200","width":350,"height":200,"srcset":"https:\/\/i0.wp.com\/www.24baires.com\/wp-content\/uploads\/2014\/01\/randazzo-1.jpg?resize=350%2C200 1x, https:\/\/i0.wp.com\/www.24baires.com\/wp-content\/uploads\/2014\/01\/randazzo-1.jpg?resize=525%2C300 1.5x"},"classes":[]},{"id":114877,"url":"http:\/\/www.24baires.com\/?p=114877","url_meta":{"origin":61683,"position":5},"title":"El gobierno le pidi\u00f3 la renuncia a Vanoli y buscar\u00e1 darle mayor agilidad a la ANSES","author":"GB","date":"30\/04\/2020","format":false,"excerpt":"La salida del ahora ex funcionario se debe a los m\u00faltiples problemas que gener\u00f3 el cronograma de pagos de la IFE, con informaci\u00f3n confusa y falta de respuesta a los beneficiarios. El ahora ex titular de ANSES, Alejandro Vanoli, hab\u00eda quedado en el ojo de la tormenta en aquel viernes\u2026","rel":"","context":"En \u00abPol\u00edtica\u00bb","block_context":{"text":"Pol\u00edtica","link":"http:\/\/www.24baires.com\/?cat=51"},"img":{"alt_text":"","src":"https:\/\/i0.wp.com\/www.24baires.com\/wp-content\/uploads\/2020\/04\/vanoli.jpg?resize=350%2C200","width":350,"height":200,"srcset":"https:\/\/i0.wp.com\/www.24baires.com\/wp-content\/uploads\/2020\/04\/vanoli.jpg?resize=350%2C200 1x, https:\/\/i0.wp.com\/www.24baires.com\/wp-content\/uploads\/2020\/04\/vanoli.jpg?resize=525%2C300 1.5x"},"classes":[]}],"jetpack_sharing_enabled":true,"jetpack_likes_enabled":true,"jetpack_featured_media_url":"","_links":{"self":[{"href":"http:\/\/www.24baires.com\/index.php?rest_route=\/wp\/v2\/posts\/61683","targetHints":{"allow":["GET"]}}],"collection":[{"href":"http:\/\/www.24baires.com\/index.php?rest_route=\/wp\/v2\/posts"}],"about":[{"href":"http:\/\/www.24baires.com\/index.php?rest_route=\/wp\/v2\/types\/post"}],"author":[{"embeddable":true,"href":"http:\/\/www.24baires.com\/index.php?rest_route=\/wp\/v2\/users\/11"}],"replies":[{"embeddable":true,"href":"http:\/\/www.24baires.com\/index.php?rest_route=%2Fwp%2Fv2%2Fcomments&post=61683"}],"version-history":[{"count":1,"href":"http:\/\/www.24baires.com\/index.php?rest_route=\/wp\/v2\/posts\/61683\/revisions"}],"predecessor-version":[{"id":61685,"href":"http:\/\/www.24baires.com\/index.php?rest_route=\/wp\/v2\/posts\/61683\/revisions\/61685"}],"wp:attachment":[{"href":"http:\/\/www.24baires.com\/index.php?rest_route=%2Fwp%2Fv2%2Fmedia&parent=61683"}],"wp:term":[{"taxonomy":"category","embeddable":true,"href":"http:\/\/www.24baires.com\/index.php?rest_route=%2Fwp%2Fv2%2Fcategories&post=61683"},{"taxonomy":"post_tag","embeddable":true,"href":"http:\/\/www.24baires.com\/index.php?rest_route=%2Fwp%2Fv2%2Ftags&post=61683"}],"curies":[{"name":"wp","href":"https:\/\/api.w.org\/{rel}","templated":true}]}}